{"id":5059,"date":"2023-01-13T15:21:15","date_gmt":"2023-01-13T21:21:15","guid":{"rendered":"https:\/\/www.sensorialsunsets.com\/?p=5059"},"modified":"2023-01-16T15:15:10","modified_gmt":"2023-01-16T21:15:10","slug":"comment-le-tourisme-a-ete-vecu-en-2022","status":"publish","type":"post","link":"https:\/\/www.sensorialsunsets.com\/fr\/comment-le-tourisme-a-ete-vecu-en-2022\/","title":{"rendered":"Comment le tourisme a \u00e9t\u00e9 v\u00e9cu en 2022"},"content":{"rendered":"\n<p>Le tourisme est la principale source de revenus du Costa Rica. Il est logique qu&rsquo;en 2020, avec la pand\u00e9mie, le tourisme ait diminu\u00e9 de pr\u00e8s de 70%. C&rsquo;\u00e9tait une p\u00e9riode tr\u00e8s difficile car avant Covid-19, le secteur du tourisme g\u00e9n\u00e9rait 600 000 emplois et accueillait des millions de touristes toute l&rsquo;ann\u00e9e. Mais quelle \u00e9tait la situation du tourisme en 2022, le pays a-t-il r\u00e9ussi \u00e0 se redresser ?<\/p>\n\n<p><strong>Nouvelles tendances<\/strong><\/p>\n\n<p>Le tourisme \u00e9tant l&rsquo;un des secteurs les plus durement touch\u00e9s par la pand\u00e9mie de covid-19, de nouvelles tendances sont n\u00e9es en 2021 pour relancer les activit\u00e9s touristiques : l&rsquo;augmentation des fr\u00e9quences, la reprise de toutes les compagnies a\u00e9riennes et l&rsquo;arriv\u00e9e de nouvelles comme Iberojet et Frontier. Ainsi, au cours de cette ann\u00e9e, 1 300 000 touristes sont arriv\u00e9s dans le pays, r\u00e9cup\u00e9rant 42,8% des visites par rapport \u00e0 l&rsquo;ann\u00e9e pr\u00e9c\u00e9dente. En fait, plus de 90 % des touristes arrivent au Costa Rica par avion.\u00a0<\/p>\n\n<p>2021 a \u00e9t\u00e9 une ann\u00e9e de reprise pour le secteur du tourisme, les emplois et l&rsquo;\u00e9conomie se redressant, tout en maintenant les protocoles sanitaires pour garantir une visite s\u00fbre et saine. L&rsquo;ann\u00e9e 2022 a donc \u00e9t\u00e9 une ann\u00e9e prometteuse pour le tourisme.\u00a0<\/p>\n\n<p><strong>Le tourisme en 2022<\/strong><\/p>\n\n<p>Au cours du premier semestre 2022, le Costa Rica a accueilli un peu plus de 1 200 000 touristes, ce qui correspond \u00e0 71% des visites en 2019 au cours du m\u00eame semestre. De m\u00eame, le ministre du tourisme, William Rodr\u00edguez, a expliqu\u00e9 que l&rsquo;objectif \u00e9tait d&rsquo;atteindre les niveaux de fr\u00e9quentation touristique de 2019 d&rsquo;ici la fin de l&rsquo;ann\u00e9e 2023 et que l&rsquo;on attendait entre 2,4 et 2,5 millions de touristes d&rsquo;ici la fin de l&rsquo;ann\u00e9e 2022, afin de se rapprocher des 3 millions de visiteurs que le Costa Rica accueillait avant la pand\u00e9mie.\u00a0<\/p>\n\n<p>En outre, l&rsquo;Institut costaricien du tourisme (ICT) a pr\u00e9sent\u00e9 le plan national du tourisme pour la p\u00e9riode 2022-2027, qui contient trois objectifs principaux pour stimuler le tourisme : promouvoir une activit\u00e9 touristique r\u00e9siliente qui utilise de mani\u00e8re durable le patrimoine touristique et culturel, stimuler la distribution de la demande dans les 32 centres de d\u00e9veloppement touristique du Costa Rica pour continuer \u00e0 am\u00e9liorer la qualit\u00e9 de vie des communaut\u00e9s dans les diff\u00e9rentes r\u00e9gions et maintenir le tourisme comme principal moteur de l&rsquo;\u00e9conomie costaricienne.\u00a0<\/p>\n\n<p>Ainsi, les strat\u00e9gies pour atteindre ces objectifs sont :\u00a0<\/p>\n\n<ul class=\"wp-block-list\">\n<li>Adopter des pratiques innovantes, durables et inclusives pour promouvoir l&rsquo;utilisation efficace des ressources touristiques.<\/li>\n\n\n\n<li>Am\u00e9liorer l&rsquo;offre de produits en mettant l&rsquo;accent sur la diversification, l&rsquo;innovation, l&rsquo;inclusion, la durabilit\u00e9 et la qualit\u00e9, afin de g\u00e9n\u00e9rer une plus grande valeur ajout\u00e9e pour les touristes<\/li>\n\n\n\n<li>Accro\u00eetre l&rsquo;int\u00e9r\u00eat des principaux march\u00e9s sources du tourisme international et du march\u00e9 touristique national en tant que destination diff\u00e9renci\u00e9e<\/li>\n\n\n\n<li>Renforcer les cha\u00eenes de production inclusives en promouvant la productivit\u00e9 et la comp\u00e9titivit\u00e9 des entreprises<\/li>\n\n\n\n<li>G\u00e9n\u00e9rer une bonne perception de l&rsquo;exp\u00e9rience touristique par les visiteurs<\/li>\n\n\n\n<li>Veiller \u00e0 ce que le tourisme soit \u00e0 la t\u00eate d&rsquo;une coordination interinstitutionnelle efficace en promouvant les initiatives qui ont un impact sur le secteur<\/li>\n<\/ul>\n\n<p><strong>Vers l&rsquo;avenir<\/strong><\/p>\n\n<p>D\u00e9but 2022, la Banque centrale a indiqu\u00e9 qu&rsquo;il faudrait attendre 2024 pour que le Costa Rica atteigne et d\u00e9passe les revenus du secteur touristique de 2019, avant la pand\u00e9mie. Malgr\u00e9 les intuitions et les enqu\u00eates, l&rsquo;Organisation mondiale du tourisme pr\u00e9vient que le comportement futur de l&rsquo;activit\u00e9 touristique reste incertain, car il peut \u00eatre affect\u00e9 par les processus de vaccination des diff\u00e9rents pays ou la mise en \u0153uvre de restrictions sanitaires dues \u00e0 l&rsquo;\u00e9mergence de nouvelles maladies.<\/p>\n\n<p><strong>Les 7 principales attractions touristiques en 2022<\/strong><\/p>\n\n<p>Ainsi, les principales attractions touristiques du Costa Rica en 2022 \u00e9taient les suivantes : <\/p>\n\n<ul class=\"wp-block-list\">\n<li>Monteverde : R\u00e9serve biologique de la for\u00eat de nuage<\/li>\n\n\n\n<li>Parc national Manuel Antonio<\/li>\n\n\n\n<li>La plage de Tamarindo<\/li>\n\n\n\n<li>Parc national du volcan Tenorio : R\u00edo Celeste et sources thermales<\/li>\n\n\n\n<li>Volcan Po\u00e1s<\/li>\n\n\n\n<li>Parc national du volcan Arenal<\/li>\n\n\n\n<li>Parc national Marino Ballena<\/li>\n<\/ul>\n","protected":false},"excerpt":{"rendered":"<p>Le tourisme est la principale source de revenus du Costa Rica. Il est logique qu&rsquo;en 2020, avec la pand\u00e9mie, le tourisme ait diminu\u00e9 de pr\u00e8s de 70%. C&rsquo;\u00e9tait une p\u00e9riode tr\u00e8s difficile car avant Covid-19, le secteur du tourisme g\u00e9n\u00e9rait 600 000 emplois et accueillait des millions de touristes toute l&rsquo;ann\u00e9e. Mais quelle \u00e9tait la [&hellip;]<\/p>\n","protected":false},"author":4,"featured_media":5052,"comment_status":"closed","ping_status":"closed","sticky":false,"template":"","format":"standard","meta":{"_acf_changed":false,"inline_featured_image":false,"_monsterinsights_skip_tracking":false,"_monsterinsights_sitenote_active":false,"_monsterinsights_sitenote_note":"","_monsterinsights_sitenote_category":0,"footnotes":""},"categories":[113],"tags":[],"class_list":["post-5059","post","type-post","status-publish","format-standard","has-post-thumbnail","hentry","category-tourisme-fr"],"acf":[],"yoast_head":"<!-- This site is optimized with the Yoast SEO plugin v27.4 - https:\/\/yoast.com\/product\/yoast-seo-wordpress\/ -->\n<title>Comment le tourisme a \u00e9t\u00e9 v\u00e9cu en 2022 - SensorialSunsets<\/title>\n<meta name=\"description\" content=\"D\u00e9couvrez comment le tourisme au Costa Rica a \u00e9t\u00e9 v\u00e9cu en 2022. A-t-il surmont\u00e9 la pand\u00e9mie ? Quelles sont les perspectives d&#039;avenir ?\" \/>\n<meta name=\"robots\" content=\"index, follow, max-snippet:-1, max-image-preview:large, max-video-preview:-1\" \/>\n<link rel=\"canonical\" href=\"https:\/\/www.sensorialsunsets.com\/fr\/comment-le-tourisme-a-ete-vecu-en-2022\/\" \/>\n<meta property=\"og:locale\" content=\"fr_FR\" \/>\n<meta property=\"og:type\" content=\"article\" \/>\n<meta property=\"og:title\" content=\"Comment le tourisme a \u00e9t\u00e9 v\u00e9cu en 2022 - SensorialSunsets\" \/>\n<meta property=\"og:description\" content=\"D\u00e9couvrez comment le tourisme au Costa Rica a \u00e9t\u00e9 v\u00e9cu en 2022. A-t-il surmont\u00e9 la pand\u00e9mie ? Quelles sont les perspectives d&#039;avenir ?\" \/>\n<meta property=\"og:url\" content=\"https:\/\/www.sensorialsunsets.com\/fr\/comment-le-tourisme-a-ete-vecu-en-2022\/\" \/>\n<meta property=\"og:site_name\" content=\"SensorialSunsets\" \/>\n<meta property=\"article:publisher\" content=\"https:\/\/www.facebook.com\/Sensorial-Sunsets-109180614715562\" \/>\n<meta property=\"article:published_time\" content=\"2023-01-13T21:21:15+00:00\" \/>\n<meta property=\"article:modified_time\" content=\"2023-01-16T21:15:10+00:00\" \/>\n<meta property=\"og:image\" content=\"https:\/\/www.sensorialsunsets.com\/wp-content\/uploads\/2023\/01\/philip-myrtorp-iiqpxCg2GD4-unsplash-scaled.jpg\" \/>\n\t<meta property=\"og:image:width\" content=\"2560\" \/>\n\t<meta property=\"og:image:height\" content=\"1706\" \/>\n\t<meta property=\"og:image:type\" content=\"image\/jpeg\" \/>\n<meta name=\"author\" content=\"Sensorial Sunsets\" \/>\n<meta name=\"twitter:card\" content=\"summary_large_image\" \/>\n<meta name=\"twitter:label1\" content=\"\u00c9crit par\" \/>\n\t<meta name=\"twitter:data1\" content=\"Sensorial Sunsets\" \/>\n\t<meta name=\"twitter:label2\" content=\"Dur\u00e9e de lecture estim\u00e9e\" \/>\n\t<meta name=\"twitter:data2\" content=\"3 minutes\" \/>\n<script type=\"application\/ld+json\" class=\"yoast-schema-graph\">{\"@context\":\"https:\\\/\\\/schema.org\",\"@graph\":[{\"@type\":\"Article\",\"@id\":\"https:\\\/\\\/www.sensorialsunsets.com\\\/fr\\\/comment-le-tourisme-a-ete-vecu-en-2022\\\/#article\",\"isPartOf\":{\"@id\":\"https:\\\/\\\/www.sensorialsunsets.com\\\/fr\\\/comment-le-tourisme-a-ete-vecu-en-2022\\\/\"},\"author\":{\"name\":\"Sensorial Sunsets\",\"@id\":\"https:\\\/\\\/www.sensorialsunsets.com\\\/fr\\\/#\\\/schema\\\/person\\\/77e2fa594135aa94024c47e281d8a94d\"},\"headline\":\"Comment le tourisme a \u00e9t\u00e9 v\u00e9cu en 2022\",\"datePublished\":\"2023-01-13T21:21:15+00:00\",\"dateModified\":\"2023-01-16T21:15:10+00:00\",\"mainEntityOfPage\":{\"@id\":\"https:\\\/\\\/www.sensorialsunsets.com\\\/fr\\\/comment-le-tourisme-a-ete-vecu-en-2022\\\/\"},\"wordCount\":695,\"publisher\":{\"@id\":\"https:\\\/\\\/www.sensorialsunsets.com\\\/fr\\\/#organization\"},\"image\":{\"@id\":\"https:\\\/\\\/www.sensorialsunsets.com\\\/fr\\\/comment-le-tourisme-a-ete-vecu-en-2022\\\/#primaryimage\"},\"thumbnailUrl\":\"https:\\\/\\\/www.sensorialsunsets.com\\\/wp-content\\\/uploads\\\/2023\\\/01\\\/philip-myrtorp-iiqpxCg2GD4-unsplash-scaled.jpg\",\"articleSection\":[\"Tourisme\"],\"inLanguage\":\"fr-FR\"},{\"@type\":\"WebPage\",\"@id\":\"https:\\\/\\\/www.sensorialsunsets.com\\\/fr\\\/comment-le-tourisme-a-ete-vecu-en-2022\\\/\",\"url\":\"https:\\\/\\\/www.sensorialsunsets.com\\\/fr\\\/comment-le-tourisme-a-ete-vecu-en-2022\\\/\",\"name\":\"Comment le tourisme a \u00e9t\u00e9 v\u00e9cu en 2022 - SensorialSunsets\",\"isPartOf\":{\"@id\":\"https:\\\/\\\/www.sensorialsunsets.com\\\/fr\\\/#website\"},\"primaryImageOfPage\":{\"@id\":\"https:\\\/\\\/www.sensorialsunsets.com\\\/fr\\\/comment-le-tourisme-a-ete-vecu-en-2022\\\/#primaryimage\"},\"image\":{\"@id\":\"https:\\\/\\\/www.sensorialsunsets.com\\\/fr\\\/comment-le-tourisme-a-ete-vecu-en-2022\\\/#primaryimage\"},\"thumbnailUrl\":\"https:\\\/\\\/www.sensorialsunsets.com\\\/wp-content\\\/uploads\\\/2023\\\/01\\\/philip-myrtorp-iiqpxCg2GD4-unsplash-scaled.jpg\",\"datePublished\":\"2023-01-13T21:21:15+00:00\",\"dateModified\":\"2023-01-16T21:15:10+00:00\",\"description\":\"D\u00e9couvrez comment le tourisme au Costa Rica a \u00e9t\u00e9 v\u00e9cu en 2022. A-t-il surmont\u00e9 la pand\u00e9mie ? Quelles sont les perspectives d'avenir ?\",\"inLanguage\":\"fr-FR\",\"potentialAction\":[{\"@type\":\"ReadAction\",\"target\":[\"https:\\\/\\\/www.sensorialsunsets.com\\\/fr\\\/comment-le-tourisme-a-ete-vecu-en-2022\\\/\"]}]},{\"@type\":\"ImageObject\",\"inLanguage\":\"fr-FR\",\"@id\":\"https:\\\/\\\/www.sensorialsunsets.com\\\/fr\\\/comment-le-tourisme-a-ete-vecu-en-2022\\\/#primaryimage\",\"url\":\"https:\\\/\\\/www.sensorialsunsets.com\\\/wp-content\\\/uploads\\\/2023\\\/01\\\/philip-myrtorp-iiqpxCg2GD4-unsplash-scaled.jpg\",\"contentUrl\":\"https:\\\/\\\/www.sensorialsunsets.com\\\/wp-content\\\/uploads\\\/2023\\\/01\\\/philip-myrtorp-iiqpxCg2GD4-unsplash-scaled.jpg\",\"width\":2560,\"height\":1706},{\"@type\":\"WebSite\",\"@id\":\"https:\\\/\\\/www.sensorialsunsets.com\\\/fr\\\/#website\",\"url\":\"https:\\\/\\\/www.sensorialsunsets.com\\\/fr\\\/\",\"name\":\"SensorialSunsets.com\",\"description\":\"D\u00e9couvrez la culture et la soci\u00e9t\u00e9 du Costa Rica sur notre blog. Explorez des articles captivants et partagez le contenu.\",\"publisher\":{\"@id\":\"https:\\\/\\\/www.sensorialsunsets.com\\\/fr\\\/#organization\"},\"alternateName\":\"Costa Rica Live Blog\",\"potentialAction\":[{\"@type\":\"SearchAction\",\"target\":{\"@type\":\"EntryPoint\",\"urlTemplate\":\"https:\\\/\\\/www.sensorialsunsets.com\\\/fr\\\/?s={search_term_string}\"},\"query-input\":{\"@type\":\"PropertyValueSpecification\",\"valueRequired\":true,\"valueName\":\"search_term_string\"}}],\"inLanguage\":\"fr-FR\"},{\"@type\":\"Organization\",\"@id\":\"https:\\\/\\\/www.sensorialsunsets.com\\\/fr\\\/#organization\",\"name\":\"SensorialSunsets\",\"url\":\"https:\\\/\\\/www.sensorialsunsets.com\\\/fr\\\/\",\"logo\":{\"@type\":\"ImageObject\",\"inLanguage\":\"fr-FR\",\"@id\":\"https:\\\/\\\/www.sensorialsunsets.com\\\/fr\\\/#\\\/schema\\\/logo\\\/image\\\/\",\"url\":\"https:\\\/\\\/www.sensorialsunsets.com\\\/wp-content\\\/uploads\\\/2023\\\/04\\\/Logo_base_line_fond_clair.svg\",\"contentUrl\":\"https:\\\/\\\/www.sensorialsunsets.com\\\/wp-content\\\/uploads\\\/2023\\\/04\\\/Logo_base_line_fond_clair.svg\",\"width\":\"1024\",\"height\":\"1024\",\"caption\":\"SensorialSunsets\"},\"image\":{\"@id\":\"https:\\\/\\\/www.sensorialsunsets.com\\\/fr\\\/#\\\/schema\\\/logo\\\/image\\\/\"},\"sameAs\":[\"https:\\\/\\\/www.facebook.com\\\/Sensorial-Sunsets-109180614715562\",\"https:\\\/\\\/www.instagram.com\\\/sensorialsunsets\\\/\"]},{\"@type\":\"Person\",\"@id\":\"https:\\\/\\\/www.sensorialsunsets.com\\\/fr\\\/#\\\/schema\\\/person\\\/77e2fa594135aa94024c47e281d8a94d\",\"name\":\"Sensorial Sunsets\",\"image\":{\"@type\":\"ImageObject\",\"inLanguage\":\"fr-FR\",\"@id\":\"https:\\\/\\\/secure.gravatar.com\\\/avatar\\\/5f2d62681b1dad94c28f1500d4fc75582acdfd32b55fd1acce0a36a3c487eabe?s=96&d=mm&r=g\",\"url\":\"https:\\\/\\\/secure.gravatar.com\\\/avatar\\\/5f2d62681b1dad94c28f1500d4fc75582acdfd32b55fd1acce0a36a3c487eabe?s=96&d=mm&r=g\",\"contentUrl\":\"https:\\\/\\\/secure.gravatar.com\\\/avatar\\\/5f2d62681b1dad94c28f1500d4fc75582acdfd32b55fd1acce0a36a3c487eabe?s=96&d=mm&r=g\",\"caption\":\"Sensorial Sunsets\"},\"url\":\"https:\\\/\\\/www.sensorialsunsets.com\\\/fr\\\/author\\\/asistentes-sensorial-sunsets\\\/\"}]}<\/script>\n<!-- \/ Yoast SEO plugin. -->","yoast_head_json":{"title":"Comment le tourisme a \u00e9t\u00e9 v\u00e9cu en 2022 - SensorialSunsets","description":"D\u00e9couvrez comment le tourisme au Costa Rica a \u00e9t\u00e9 v\u00e9cu en 2022. A-t-il surmont\u00e9 la pand\u00e9mie ? Quelles sont les perspectives d'avenir ?","robots":{"index":"index","follow":"follow","max-snippet":"max-snippet:-1","max-image-preview":"max-image-preview:large","max-video-preview":"max-video-preview:-1"},"canonical":"https:\/\/www.sensorialsunsets.com\/fr\/comment-le-tourisme-a-ete-vecu-en-2022\/","og_locale":"fr_FR","og_type":"article","og_title":"Comment le tourisme a \u00e9t\u00e9 v\u00e9cu en 2022 - SensorialSunsets","og_description":"D\u00e9couvrez comment le tourisme au Costa Rica a \u00e9t\u00e9 v\u00e9cu en 2022. A-t-il surmont\u00e9 la pand\u00e9mie ? Quelles sont les perspectives d'avenir ?","og_url":"https:\/\/www.sensorialsunsets.com\/fr\/comment-le-tourisme-a-ete-vecu-en-2022\/","og_site_name":"SensorialSunsets","article_publisher":"https:\/\/www.facebook.com\/Sensorial-Sunsets-109180614715562","article_published_time":"2023-01-13T21:21:15+00:00","article_modified_time":"2023-01-16T21:15:10+00:00","og_image":[{"width":2560,"height":1706,"url":"https:\/\/www.sensorialsunsets.com\/wp-content\/uploads\/2023\/01\/philip-myrtorp-iiqpxCg2GD4-unsplash-scaled.jpg","type":"image\/jpeg"}],"author":"Sensorial Sunsets","twitter_card":"summary_large_image","twitter_misc":{"\u00c9crit par":"Sensorial Sunsets","Dur\u00e9e de lecture estim\u00e9e":"3 minutes"},"schema":{"@context":"https:\/\/schema.org","@graph":[{"@type":"Article","@id":"https:\/\/www.sensorialsunsets.com\/fr\/comment-le-tourisme-a-ete-vecu-en-2022\/#article","isPartOf":{"@id":"https:\/\/www.sensorialsunsets.com\/fr\/comment-le-tourisme-a-ete-vecu-en-2022\/"},"author":{"name":"Sensorial Sunsets","@id":"https:\/\/www.sensorialsunsets.com\/fr\/#\/schema\/person\/77e2fa594135aa94024c47e281d8a94d"},"headline":"Comment le tourisme a \u00e9t\u00e9 v\u00e9cu en 2022","datePublished":"2023-01-13T21:21:15+00:00","dateModified":"2023-01-16T21:15:10+00:00","mainEntityOfPage":{"@id":"https:\/\/www.sensorialsunsets.com\/fr\/comment-le-tourisme-a-ete-vecu-en-2022\/"},"wordCount":695,"publisher":{"@id":"https:\/\/www.sensorialsunsets.com\/fr\/#organization"},"image":{"@id":"https:\/\/www.sensorialsunsets.com\/fr\/comment-le-tourisme-a-ete-vecu-en-2022\/#primaryimage"},"thumbnailUrl":"https:\/\/www.sensorialsunsets.com\/wp-content\/uploads\/2023\/01\/philip-myrtorp-iiqpxCg2GD4-unsplash-scaled.jpg","articleSection":["Tourisme"],"inLanguage":"fr-FR"},{"@type":"WebPage","@id":"https:\/\/www.sensorialsunsets.com\/fr\/comment-le-tourisme-a-ete-vecu-en-2022\/","url":"https:\/\/www.sensorialsunsets.com\/fr\/comment-le-tourisme-a-ete-vecu-en-2022\/","name":"Comment le tourisme a \u00e9t\u00e9 v\u00e9cu en 2022 - SensorialSunsets","isPartOf":{"@id":"https:\/\/www.sensorialsunsets.com\/fr\/#website"},"primaryImageOfPage":{"@id":"https:\/\/www.sensorialsunsets.com\/fr\/comment-le-tourisme-a-ete-vecu-en-2022\/#primaryimage"},"image":{"@id":"https:\/\/www.sensorialsunsets.com\/fr\/comment-le-tourisme-a-ete-vecu-en-2022\/#primaryimage"},"thumbnailUrl":"https:\/\/www.sensorialsunsets.com\/wp-content\/uploads\/2023\/01\/philip-myrtorp-iiqpxCg2GD4-unsplash-scaled.jpg","datePublished":"2023-01-13T21:21:15+00:00","dateModified":"2023-01-16T21:15:10+00:00","description":"D\u00e9couvrez comment le tourisme au Costa Rica a \u00e9t\u00e9 v\u00e9cu en 2022. A-t-il surmont\u00e9 la pand\u00e9mie ? Quelles sont les perspectives d'avenir ?","inLanguage":"fr-FR","potentialAction":[{"@type":"ReadAction","target":["https:\/\/www.sensorialsunsets.com\/fr\/comment-le-tourisme-a-ete-vecu-en-2022\/"]}]},{"@type":"ImageObject","inLanguage":"fr-FR","@id":"https:\/\/www.sensorialsunsets.com\/fr\/comment-le-tourisme-a-ete-vecu-en-2022\/#primaryimage","url":"https:\/\/www.sensorialsunsets.com\/wp-content\/uploads\/2023\/01\/philip-myrtorp-iiqpxCg2GD4-unsplash-scaled.jpg","contentUrl":"https:\/\/www.sensorialsunsets.com\/wp-content\/uploads\/2023\/01\/philip-myrtorp-iiqpxCg2GD4-unsplash-scaled.jpg","width":2560,"height":1706},{"@type":"WebSite","@id":"https:\/\/www.sensorialsunsets.com\/fr\/#website","url":"https:\/\/www.sensorialsunsets.com\/fr\/","name":"SensorialSunsets.com","description":"D\u00e9couvrez la culture et la soci\u00e9t\u00e9 du Costa Rica sur notre blog. Explorez des articles captivants et partagez le contenu.","publisher":{"@id":"https:\/\/www.sensorialsunsets.com\/fr\/#organization"},"alternateName":"Costa Rica Live Blog","potentialAction":[{"@type":"SearchAction","target":{"@type":"EntryPoint","urlTemplate":"https:\/\/www.sensorialsunsets.com\/fr\/?s={search_term_string}"},"query-input":{"@type":"PropertyValueSpecification","valueRequired":true,"valueName":"search_term_string"}}],"inLanguage":"fr-FR"},{"@type":"Organization","@id":"https:\/\/www.sensorialsunsets.com\/fr\/#organization","name":"SensorialSunsets","url":"https:\/\/www.sensorialsunsets.com\/fr\/","logo":{"@type":"ImageObject","inLanguage":"fr-FR","@id":"https:\/\/www.sensorialsunsets.com\/fr\/#\/schema\/logo\/image\/","url":"https:\/\/www.sensorialsunsets.com\/wp-content\/uploads\/2023\/04\/Logo_base_line_fond_clair.svg","contentUrl":"https:\/\/www.sensorialsunsets.com\/wp-content\/uploads\/2023\/04\/Logo_base_line_fond_clair.svg","width":"1024","height":"1024","caption":"SensorialSunsets"},"image":{"@id":"https:\/\/www.sensorialsunsets.com\/fr\/#\/schema\/logo\/image\/"},"sameAs":["https:\/\/www.facebook.com\/Sensorial-Sunsets-109180614715562","https:\/\/www.instagram.com\/sensorialsunsets\/"]},{"@type":"Person","@id":"https:\/\/www.sensorialsunsets.com\/fr\/#\/schema\/person\/77e2fa594135aa94024c47e281d8a94d","name":"Sensorial Sunsets","image":{"@type":"ImageObject","inLanguage":"fr-FR","@id":"https:\/\/secure.gravatar.com\/avatar\/5f2d62681b1dad94c28f1500d4fc75582acdfd32b55fd1acce0a36a3c487eabe?s=96&d=mm&r=g","url":"https:\/\/secure.gravatar.com\/avatar\/5f2d62681b1dad94c28f1500d4fc75582acdfd32b55fd1acce0a36a3c487eabe?s=96&d=mm&r=g","contentUrl":"https:\/\/secure.gravatar.com\/avatar\/5f2d62681b1dad94c28f1500d4fc75582acdfd32b55fd1acce0a36a3c487eabe?s=96&d=mm&r=g","caption":"Sensorial Sunsets"},"url":"https:\/\/www.sensorialsunsets.com\/fr\/author\/asistentes-sensorial-sunsets\/"}]}},"_links":{"self":[{"href":"https:\/\/www.sensorialsunsets.com\/fr\/wp-json\/wp\/v2\/posts\/5059","targetHints":{"allow":["GET"]}}],"collection":[{"href":"https:\/\/www.sensorialsunsets.com\/fr\/wp-json\/wp\/v2\/posts"}],"about":[{"href":"https:\/\/www.sensorialsunsets.com\/fr\/wp-json\/wp\/v2\/types\/post"}],"author":[{"embeddable":true,"href":"https:\/\/www.sensorialsunsets.com\/fr\/wp-json\/wp\/v2\/users\/4"}],"replies":[{"embeddable":true,"href":"https:\/\/www.sensorialsunsets.com\/fr\/wp-json\/wp\/v2\/comments?post=5059"}],"version-history":[{"count":0,"href":"https:\/\/www.sensorialsunsets.com\/fr\/wp-json\/wp\/v2\/posts\/5059\/revisions"}],"wp:featuredmedia":[{"embeddable":true,"href":"https:\/\/www.sensorialsunsets.com\/fr\/wp-json\/wp\/v2\/media\/5052"}],"wp:attachment":[{"href":"https:\/\/www.sensorialsunsets.com\/fr\/wp-json\/wp\/v2\/media?parent=5059"}],"wp:term":[{"taxonomy":"category","embeddable":true,"href":"https:\/\/www.sensorialsunsets.com\/fr\/wp-json\/wp\/v2\/categories?post=5059"},{"taxonomy":"post_tag","embeddable":true,"href":"https:\/\/www.sensorialsunsets.com\/fr\/wp-json\/wp\/v2\/tags?post=5059"}],"curies":[{"name":"wp","href":"https:\/\/api.w.org\/{rel}","templated":true}]}}