{"id":5138,"date":"2023-01-20T16:02:52","date_gmt":"2023-01-20T22:02:52","guid":{"rendered":"https:\/\/www.sensorialsunsets.com\/?p=5138"},"modified":"2023-01-20T16:02:53","modified_gmt":"2023-01-20T22:02:53","slug":"yolanda-oreamuno-unger-vie-et-oeuvre","status":"publish","type":"post","link":"https:\/\/www.sensorialsunsets.com\/fr\/yolanda-oreamuno-unger-vie-et-oeuvre\/","title":{"rendered":"Yolanda Oreamuno Unger : vie et \u0153uvre"},"content":{"rendered":"\n<p><strong>Biographie&nbsp;<\/strong><\/p>\n\n\n\n<p>Yolanda Oreamuno \u00e9tait une \u00e9crivaine costaricienne connue pour avoir \u00e9t\u00e9 \u00e0 l&rsquo;avant-garde de la communaut\u00e9 litt\u00e9raire du pays. Elle est n\u00e9e le 8 avril 1916 et, apr\u00e8s la mort de son p\u00e8re, a \u00e9t\u00e9 \u00e9lev\u00e9e principalement par sa grand-m\u00e8re maternelle. Elle a fr\u00e9quent\u00e9 le Colegio Superior de Se\u00f1oritas, a obtenu un dipl\u00f4me de comptable agr\u00e9\u00e9 et a \u00e9tudi\u00e9 la dactylographie et le secr\u00e9tariat.&nbsp;<\/p>\n\n\n\n<p>Plus tard, dans sa vingtaine, elle publie les nouvelles <em>La lagartija de la panza blanca<\/em> et <em>Para Revenar, no para Max Jim\u00e9nez<\/em>. En outre, \u00e0 l&rsquo;ambassade du Chili, elle rencontre Jorge Molina Wood, qui deviendra son mari et ils iront vivre dans ce pays. L\u00e0, Oremauno \u00e9crit <em>Las mareas vuelven de noche<\/em> et <em>Don Juvencio<\/em>, qui seront publi\u00e9s jusqu&rsquo;en 1971. Malheureusement, son mari d\u00e9cide de mettre fin \u00e0 sa vie apr\u00e8s avoir \u00e9t\u00e9 diagnostiqu\u00e9 d&rsquo;une maladie incurable. Oreamuno doit retourner au Costa Rica.<\/p>\n\n\n\n<p>Un an plus tard, elle \u00e9pouse Oscar Barahona Streber, un sympathisant du parti communiste qui la rapproche des id\u00e9es marxistes et des activit\u00e9s antifranquistes. C&rsquo;est au cours de cette ann\u00e9e de sa vie qu&rsquo;elle conna\u00eet son activit\u00e9 litt\u00e9raire la plus prolifique, puisque ses textes paraissent dans <em>Repertorio Americano<\/em>, une revue culturelle dirig\u00e9e par Joaqu\u00edn Garc\u00eda Monge, qui deviendra son ami, son professeur et son \u00e9diteur.<\/p>\n\n\n\n<p>A cela s&rsquo;ajoute son premier roman intitul\u00e9 <em>Por tierra firme<\/em>, qu&rsquo;elle commence \u00e0 \u00e9crire en 1938 et qu&rsquo;elle envoie, en 1940, \u00e0 un concours dont elle partage la premi\u00e8re place avec deux autres \u00e9crivains. D\u00e9\u00e7ue par cet \u00e9v\u00e9nement, elle d\u00e9cide de ne pas envoyer le manuscrit \u00e0 New York et il finit par \u00eatre perdu.<\/p>\n\n\n\n<p><strong>Son oeuvre<\/strong><\/p>\n\n\n\n<p>Pendant la p\u00e9riode de la Seconde Guerre mondiale, les romans contestataires, costumbristes, naturalistes, r\u00e9gionaux, psychologiques et d&rsquo;avant-garde font fureur au Costa Rica. D&rsquo;une part, on peut citer quelques \u0153uvres : <em>Mamita Yunai<\/em>, <em>Puerto Lim\u00f3n<\/em>, <em>Los pantanos del infierno<\/em> et <em>El infierno verde<\/em>. D&rsquo;autre part, les figures repr\u00e9sentatives de cette p\u00e9riode litt\u00e9raire : Francisco Mar\u00edn Ca\u00f1as, Carlos Luis Fallas, Fabi\u00e1n Dobles, Joaqu\u00edn Guti\u00e9rrez et, bien s\u00fbr, Yolanda Oreamuno. Mais, selon le r\u00e9cit de Rima de Vallbona, ce sont Mart\u00edn Ca\u00f1as et Yolanda Oreamuno qui se sont distingu\u00e9s par leur originalit\u00e9 et leur engagement dans le mouvement d&rsquo;avant-garde.<\/p>\n\n\n\n<p>En effet, l&rsquo;\u0153uvre d&rsquo;Oreamuno peut \u00eatre d\u00e9crite comme un roman psychologique influenc\u00e9 par Proust. L&rsquo;auteure attaque ouvertement et continuellement le folklore costaricien et refuse de suivre la tradition de la litt\u00e9rature de protestation, car elle voulait positionner le Costa Rica dans la culture universelle et l&rsquo;engager artistiquement avec le monde. Elle a critiqu\u00e9 la soci\u00e9t\u00e9 et la litt\u00e9rature costariciennes, et ses \u00e9crits traitent de th\u00e8mes tels que l&rsquo;amour, l&rsquo;institution de la famille et le mariage. Tout cela lui a valu de se voir reprocher sa pens\u00e9e r\u00e9volutionnaire et moderne.&nbsp;<\/p>\n\n\n\n<p>L&rsquo;auteure tenait \u00e0 ce que ses \u0153uvres soient adopt\u00e9es par le public costaricien, tant intellectuel que populaire. Cela est compr\u00e9hensible, car ses \u00e9crits \u00e9taient en partie destin\u00e9s \u00e0 provoquer un changement ou une discussion au sein de la soci\u00e9t\u00e9 de son pays natal. Cependant, ce qui l&rsquo;attendait \u00e9tait une grande indiff\u00e9rence de la part de ces lecteurs et, comme de nombreux artistes costariciens talentueux, elle a d\u00fb faire l&rsquo;exp\u00e9rience de la reconnaissance et du succ\u00e8s \u00e0 l&rsquo;\u00e9tranger. En fait, son travail a \u00e9t\u00e9 grandement admir\u00e9 au Guatemala, et elle a fini par adopter la nationalit\u00e9 guat\u00e9malt\u00e8que.<\/p>\n\n\n\n<p>Son \u0153uvre se compose de romans, de nouvelles, de r\u00e9cits, d&rsquo;essais, d&rsquo;\u00e9p\u00eetres et de commentaires. Certains sont perdus, d&rsquo;autres se trouvent dans des magazines et tr\u00e8s peu sont publi\u00e9s. En effet, selon la psychologue Lilia Ramos, Oreamuno avait tendance \u00e0 perdre ses \u0153uvres, \u00e0 les laisser \u00e0 l&rsquo;abandon ou \u00e0 donner les manuscrits originaux. Elle pense qu&rsquo;il pourrait s&rsquo;agir d&rsquo;une sorte d&rsquo;auto-punition.<\/p>\n\n\n\n<p>En tout cas, il nous reste son seul roman publi\u00e9, <em>La ruta de su evasi\u00f3n,<\/em> qui, en 1948, a remport\u00e9 le Premio Centroamericano 15 de septiembre au Guatemala. Nous avons \u00e9galement l&rsquo;ouvrage <em>A lo largo del corto camino<\/em>, un texte qui rassemble des articles, des r\u00e9cits et des lettres parus dans le <em>Repertorio Americano<\/em>.<\/p>\n\n\n\n<p><strong>Son style<\/strong><\/p>\n\n\n\n<p>Yolanda Oreamuno se distingue par son attitude de d\u00e9passement de soi, de volont\u00e9 de laisser de c\u00f4t\u00e9 la \u00ab\u00a0litt\u00e9rature stagnante\u00a0\u00bb qui est pour elle la litt\u00e9rature populaire. Sa mission en tant qu&rsquo;\u00e9crivain \u00e9tait de trouver de nouveaux chemins, de nouveaux messages, de nouvelles interpr\u00e9tations. Elle voulait laisser de c\u00f4t\u00e9 la surabondance de m\u00e9taphores et trouver une fa\u00e7on d&rsquo;\u00e9crire la r\u00e9alit\u00e9 telle qu&rsquo;elle la voyait.&nbsp;<\/p>\n\n\n\n<p>Son travail a \u00e9t\u00e9 rapproch\u00e9 du surr\u00e9alisme car il aborde des th\u00e8mes tels que l&rsquo;irrationnel, l&rsquo;inconscient, les r\u00eaves et les r\u00e9actions instinctives. Cependant, selon Vallbona, ces th\u00e8mes ne proviennent pas du surr\u00e9alisme, mais du proustianisme. Oreamuno a voulu analyser et observer ces comportements humains. Elle y a une tendance marqu\u00e9e \u00e0 l&rsquo;introspection.&nbsp;<\/p>\n\n\n\n<p>De m\u00eame, son \u0153uvre est peinte par des th\u00e8mes sociaux et se distingue de la soci\u00e9t\u00e9 bourgeoise europ\u00e9enne de Proust en d\u00e9peignant la classe moyenne hispano-am\u00e9ricaine. Elle parle aussi du machisme, du conflit des g\u00e9n\u00e9rations, de la soumission des femmes aux hommes, du vide spirituel et sentimental de l&rsquo;\u00e9pouse, etc. En cons\u00e9quence, elle est connue comme la premi\u00e8re \u00e9crivaine \u00e0 exposer et \u00e0 se rebeller contre la situation des femmes dans la soci\u00e9t\u00e9 costaricienne de la premi\u00e8re moiti\u00e9 du XXe si\u00e8cle.<\/p>\n\n\n\n<p>Yolanda Oreamuno est morte \u00e0 Mexico en 1956, laissant avec elle plus de questions que de r\u00e9ponses sur la soci\u00e9t\u00e9 costaricienne et sur le probl\u00e8me du rejet par le Costa Rica de ses artistes les plus critiques et les plus novateurs.<\/p>\n\n\n\n<p><strong>Auteure: M\u00f3nica Gallardo para Sensorial Sunsets<\/strong><\/p>\n","protected":false},"excerpt":{"rendered":"<p>Biographie&nbsp; Yolanda Oreamuno \u00e9tait une \u00e9crivaine costaricienne connue pour avoir \u00e9t\u00e9 \u00e0 l&rsquo;avant-garde de la communaut\u00e9 litt\u00e9raire du pays. Elle est n\u00e9e le 8 avril 1916 et, apr\u00e8s la mort de son p\u00e8re, a \u00e9t\u00e9 \u00e9lev\u00e9e principalement par sa grand-m\u00e8re maternelle. Elle a fr\u00e9quent\u00e9 le Colegio Superior de Se\u00f1oritas, a obtenu un dipl\u00f4me de comptable [&hellip;]<\/p>\n","protected":false},"author":4,"featured_media":5130,"comment_status":"closed","ping_status":"closed","sticky":false,"template":"","format":"standard","meta":{"_acf_changed":false,"inline_featured_image":false,"_monsterinsights_skip_tracking":false,"_monsterinsights_sitenote_active":false,"_monsterinsights_sitenote_note":"","_monsterinsights_sitenote_category":0,"footnotes":""},"categories":[153],"tags":[],"class_list":["post-5138","post","type-post","status-publish","format-standard","has-post-thumbnail","hentry","category-litterature-fr"],"acf":[],"yoast_head":"<!-- This site is optimized with the Yoast SEO plugin v27.4 - https:\/\/yoast.com\/product\/yoast-seo-wordpress\/ -->\n<title>Yolanda Oreamuno Unger : vie et \u0153uvre - SensorialSunsets<\/title>\n<meta name=\"description\" content=\"D\u00e9couvrez la vie et l&#039;\u0153uvre de Yolanda Oreamuno Unger, l&#039;une des plus importantes \u00e9crivaines d&#039;avant-garde du Costa Rica.\" \/>\n<meta name=\"robots\" content=\"index, follow, max-snippet:-1, max-image-preview:large, max-video-preview:-1\" \/>\n<link rel=\"canonical\" href=\"https:\/\/www.sensorialsunsets.com\/fr\/yolanda-oreamuno-unger-vie-et-oeuvre\/\" \/>\n<meta property=\"og:locale\" content=\"fr_FR\" \/>\n<meta property=\"og:type\" content=\"article\" \/>\n<meta property=\"og:title\" content=\"Yolanda Oreamuno Unger : vie et \u0153uvre - SensorialSunsets\" \/>\n<meta property=\"og:description\" content=\"D\u00e9couvrez la vie et l&#039;\u0153uvre de Yolanda Oreamuno Unger, l&#039;une des plus importantes \u00e9crivaines d&#039;avant-garde du Costa Rica.\" \/>\n<meta property=\"og:url\" content=\"https:\/\/www.sensorialsunsets.com\/fr\/yolanda-oreamuno-unger-vie-et-oeuvre\/\" \/>\n<meta property=\"og:site_name\" content=\"SensorialSunsets\" \/>\n<meta property=\"article:publisher\" content=\"https:\/\/www.facebook.com\/Sensorial-Sunsets-109180614715562\" \/>\n<meta property=\"article:published_time\" content=\"2023-01-20T22:02:52+00:00\" \/>\n<meta property=\"article:modified_time\" content=\"2023-01-20T22:02:53+00:00\" \/>\n<meta property=\"og:image\" content=\"https:\/\/www.sensorialsunsets.com\/wp-content\/uploads\/2023\/01\/Oreamuno_Yolanda-Modifie-1024x685.png\" \/>\n\t<meta property=\"og:image:width\" content=\"1024\" \/>\n\t<meta property=\"og:image:height\" content=\"685\" \/>\n\t<meta property=\"og:image:type\" content=\"image\/png\" \/>\n<meta name=\"author\" content=\"Sensorial Sunsets\" \/>\n<meta name=\"twitter:card\" content=\"summary_large_image\" \/>\n<meta name=\"twitter:label1\" content=\"\u00c9crit par\" \/>\n\t<meta name=\"twitter:data1\" content=\"Sensorial Sunsets\" \/>\n\t<meta name=\"twitter:label2\" content=\"Dur\u00e9e de lecture estim\u00e9e\" \/>\n\t<meta name=\"twitter:data2\" content=\"5 minutes\" \/>\n<script type=\"application\/ld+json\" class=\"yoast-schema-graph\">{\"@context\":\"https:\\\/\\\/schema.org\",\"@graph\":[{\"@type\":\"Article\",\"@id\":\"https:\\\/\\\/www.sensorialsunsets.com\\\/fr\\\/yolanda-oreamuno-unger-vie-et-oeuvre\\\/#article\",\"isPartOf\":{\"@id\":\"https:\\\/\\\/www.sensorialsunsets.com\\\/fr\\\/yolanda-oreamuno-unger-vie-et-oeuvre\\\/\"},\"author\":{\"name\":\"Sensorial Sunsets\",\"@id\":\"https:\\\/\\\/www.sensorialsunsets.com\\\/fr\\\/#\\\/schema\\\/person\\\/77e2fa594135aa94024c47e281d8a94d\"},\"headline\":\"Yolanda Oreamuno Unger : vie et \u0153uvre\",\"datePublished\":\"2023-01-20T22:02:52+00:00\",\"dateModified\":\"2023-01-20T22:02:53+00:00\",\"mainEntityOfPage\":{\"@id\":\"https:\\\/\\\/www.sensorialsunsets.com\\\/fr\\\/yolanda-oreamuno-unger-vie-et-oeuvre\\\/\"},\"wordCount\":1032,\"publisher\":{\"@id\":\"https:\\\/\\\/www.sensorialsunsets.com\\\/fr\\\/#organization\"},\"image\":{\"@id\":\"https:\\\/\\\/www.sensorialsunsets.com\\\/fr\\\/yolanda-oreamuno-unger-vie-et-oeuvre\\\/#primaryimage\"},\"thumbnailUrl\":\"https:\\\/\\\/www.sensorialsunsets.com\\\/wp-content\\\/uploads\\\/2023\\\/01\\\/Oreamuno_Yolanda-Modifie.png\",\"articleSection\":[\"Litt\u00e9rature\"],\"inLanguage\":\"fr-FR\"},{\"@type\":\"WebPage\",\"@id\":\"https:\\\/\\\/www.sensorialsunsets.com\\\/fr\\\/yolanda-oreamuno-unger-vie-et-oeuvre\\\/\",\"url\":\"https:\\\/\\\/www.sensorialsunsets.com\\\/fr\\\/yolanda-oreamuno-unger-vie-et-oeuvre\\\/\",\"name\":\"Yolanda Oreamuno Unger : vie et \u0153uvre - SensorialSunsets\",\"isPartOf\":{\"@id\":\"https:\\\/\\\/www.sensorialsunsets.com\\\/fr\\\/#website\"},\"primaryImageOfPage\":{\"@id\":\"https:\\\/\\\/www.sensorialsunsets.com\\\/fr\\\/yolanda-oreamuno-unger-vie-et-oeuvre\\\/#primaryimage\"},\"image\":{\"@id\":\"https:\\\/\\\/www.sensorialsunsets.com\\\/fr\\\/yolanda-oreamuno-unger-vie-et-oeuvre\\\/#primaryimage\"},\"thumbnailUrl\":\"https:\\\/\\\/www.sensorialsunsets.com\\\/wp-content\\\/uploads\\\/2023\\\/01\\\/Oreamuno_Yolanda-Modifie.png\",\"datePublished\":\"2023-01-20T22:02:52+00:00\",\"dateModified\":\"2023-01-20T22:02:53+00:00\",\"description\":\"D\u00e9couvrez la vie et l'\u0153uvre de Yolanda Oreamuno Unger, l'une des plus importantes \u00e9crivaines d'avant-garde du Costa Rica.\",\"inLanguage\":\"fr-FR\",\"potentialAction\":[{\"@type\":\"ReadAction\",\"target\":[\"https:\\\/\\\/www.sensorialsunsets.com\\\/fr\\\/yolanda-oreamuno-unger-vie-et-oeuvre\\\/\"]}]},{\"@type\":\"ImageObject\",\"inLanguage\":\"fr-FR\",\"@id\":\"https:\\\/\\\/www.sensorialsunsets.com\\\/fr\\\/yolanda-oreamuno-unger-vie-et-oeuvre\\\/#primaryimage\",\"url\":\"https:\\\/\\\/www.sensorialsunsets.com\\\/wp-content\\\/uploads\\\/2023\\\/01\\\/Oreamuno_Yolanda-Modifie.png\",\"contentUrl\":\"https:\\\/\\\/www.sensorialsunsets.com\\\/wp-content\\\/uploads\\\/2023\\\/01\\\/Oreamuno_Yolanda-Modifie.png\",\"width\":1600,\"height\":1071},{\"@type\":\"WebSite\",\"@id\":\"https:\\\/\\\/www.sensorialsunsets.com\\\/fr\\\/#website\",\"url\":\"https:\\\/\\\/www.sensorialsunsets.com\\\/fr\\\/\",\"name\":\"SensorialSunsets.com\",\"description\":\"D\u00e9couvrez la culture et la soci\u00e9t\u00e9 du Costa Rica sur notre blog. Explorez des articles captivants et partagez le contenu.\",\"publisher\":{\"@id\":\"https:\\\/\\\/www.sensorialsunsets.com\\\/fr\\\/#organization\"},\"alternateName\":\"Costa Rica Live Blog\",\"potentialAction\":[{\"@type\":\"SearchAction\",\"target\":{\"@type\":\"EntryPoint\",\"urlTemplate\":\"https:\\\/\\\/www.sensorialsunsets.com\\\/fr\\\/?s={search_term_string}\"},\"query-input\":{\"@type\":\"PropertyValueSpecification\",\"valueRequired\":true,\"valueName\":\"search_term_string\"}}],\"inLanguage\":\"fr-FR\"},{\"@type\":\"Organization\",\"@id\":\"https:\\\/\\\/www.sensorialsunsets.com\\\/fr\\\/#organization\",\"name\":\"SensorialSunsets\",\"url\":\"https:\\\/\\\/www.sensorialsunsets.com\\\/fr\\\/\",\"logo\":{\"@type\":\"ImageObject\",\"inLanguage\":\"fr-FR\",\"@id\":\"https:\\\/\\\/www.sensorialsunsets.com\\\/fr\\\/#\\\/schema\\\/logo\\\/image\\\/\",\"url\":\"https:\\\/\\\/www.sensorialsunsets.com\\\/wp-content\\\/uploads\\\/2023\\\/04\\\/Logo_base_line_fond_clair.svg\",\"contentUrl\":\"https:\\\/\\\/www.sensorialsunsets.com\\\/wp-content\\\/uploads\\\/2023\\\/04\\\/Logo_base_line_fond_clair.svg\",\"width\":\"1024\",\"height\":\"1024\",\"caption\":\"SensorialSunsets\"},\"image\":{\"@id\":\"https:\\\/\\\/www.sensorialsunsets.com\\\/fr\\\/#\\\/schema\\\/logo\\\/image\\\/\"},\"sameAs\":[\"https:\\\/\\\/www.facebook.com\\\/Sensorial-Sunsets-109180614715562\",\"https:\\\/\\\/www.instagram.com\\\/sensorialsunsets\\\/\"]},{\"@type\":\"Person\",\"@id\":\"https:\\\/\\\/www.sensorialsunsets.com\\\/fr\\\/#\\\/schema\\\/person\\\/77e2fa594135aa94024c47e281d8a94d\",\"name\":\"Sensorial Sunsets\",\"image\":{\"@type\":\"ImageObject\",\"inLanguage\":\"fr-FR\",\"@id\":\"https:\\\/\\\/secure.gravatar.com\\\/avatar\\\/5f2d62681b1dad94c28f1500d4fc75582acdfd32b55fd1acce0a36a3c487eabe?s=96&d=mm&r=g\",\"url\":\"https:\\\/\\\/secure.gravatar.com\\\/avatar\\\/5f2d62681b1dad94c28f1500d4fc75582acdfd32b55fd1acce0a36a3c487eabe?s=96&d=mm&r=g\",\"contentUrl\":\"https:\\\/\\\/secure.gravatar.com\\\/avatar\\\/5f2d62681b1dad94c28f1500d4fc75582acdfd32b55fd1acce0a36a3c487eabe?s=96&d=mm&r=g\",\"caption\":\"Sensorial Sunsets\"},\"url\":\"https:\\\/\\\/www.sensorialsunsets.com\\\/fr\\\/author\\\/asistentes-sensorial-sunsets\\\/\"}]}<\/script>\n<!-- \/ Yoast SEO plugin. -->","yoast_head_json":{"title":"Yolanda Oreamuno Unger : vie et \u0153uvre - SensorialSunsets","description":"D\u00e9couvrez la vie et l'\u0153uvre de Yolanda Oreamuno Unger, l'une des plus importantes \u00e9crivaines d'avant-garde du Costa Rica.","robots":{"index":"index","follow":"follow","max-snippet":"max-snippet:-1","max-image-preview":"max-image-preview:large","max-video-preview":"max-video-preview:-1"},"canonical":"https:\/\/www.sensorialsunsets.com\/fr\/yolanda-oreamuno-unger-vie-et-oeuvre\/","og_locale":"fr_FR","og_type":"article","og_title":"Yolanda Oreamuno Unger : vie et \u0153uvre - SensorialSunsets","og_description":"D\u00e9couvrez la vie et l'\u0153uvre de Yolanda Oreamuno Unger, l'une des plus importantes \u00e9crivaines d'avant-garde du Costa Rica.","og_url":"https:\/\/www.sensorialsunsets.com\/fr\/yolanda-oreamuno-unger-vie-et-oeuvre\/","og_site_name":"SensorialSunsets","article_publisher":"https:\/\/www.facebook.com\/Sensorial-Sunsets-109180614715562","article_published_time":"2023-01-20T22:02:52+00:00","article_modified_time":"2023-01-20T22:02:53+00:00","og_image":[{"width":1024,"height":685,"url":"https:\/\/www.sensorialsunsets.com\/wp-content\/uploads\/2023\/01\/Oreamuno_Yolanda-Modifie-1024x685.png","type":"image\/png"}],"author":"Sensorial Sunsets","twitter_card":"summary_large_image","twitter_misc":{"\u00c9crit par":"Sensorial Sunsets","Dur\u00e9e de lecture estim\u00e9e":"5 minutes"},"schema":{"@context":"https:\/\/schema.org","@graph":[{"@type":"Article","@id":"https:\/\/www.sensorialsunsets.com\/fr\/yolanda-oreamuno-unger-vie-et-oeuvre\/#article","isPartOf":{"@id":"https:\/\/www.sensorialsunsets.com\/fr\/yolanda-oreamuno-unger-vie-et-oeuvre\/"},"author":{"name":"Sensorial Sunsets","@id":"https:\/\/www.sensorialsunsets.com\/fr\/#\/schema\/person\/77e2fa594135aa94024c47e281d8a94d"},"headline":"Yolanda Oreamuno Unger : vie et \u0153uvre","datePublished":"2023-01-20T22:02:52+00:00","dateModified":"2023-01-20T22:02:53+00:00","mainEntityOfPage":{"@id":"https:\/\/www.sensorialsunsets.com\/fr\/yolanda-oreamuno-unger-vie-et-oeuvre\/"},"wordCount":1032,"publisher":{"@id":"https:\/\/www.sensorialsunsets.com\/fr\/#organization"},"image":{"@id":"https:\/\/www.sensorialsunsets.com\/fr\/yolanda-oreamuno-unger-vie-et-oeuvre\/#primaryimage"},"thumbnailUrl":"https:\/\/www.sensorialsunsets.com\/wp-content\/uploads\/2023\/01\/Oreamuno_Yolanda-Modifie.png","articleSection":["Litt\u00e9rature"],"inLanguage":"fr-FR"},{"@type":"WebPage","@id":"https:\/\/www.sensorialsunsets.com\/fr\/yolanda-oreamuno-unger-vie-et-oeuvre\/","url":"https:\/\/www.sensorialsunsets.com\/fr\/yolanda-oreamuno-unger-vie-et-oeuvre\/","name":"Yolanda Oreamuno Unger : vie et \u0153uvre - SensorialSunsets","isPartOf":{"@id":"https:\/\/www.sensorialsunsets.com\/fr\/#website"},"primaryImageOfPage":{"@id":"https:\/\/www.sensorialsunsets.com\/fr\/yolanda-oreamuno-unger-vie-et-oeuvre\/#primaryimage"},"image":{"@id":"https:\/\/www.sensorialsunsets.com\/fr\/yolanda-oreamuno-unger-vie-et-oeuvre\/#primaryimage"},"thumbnailUrl":"https:\/\/www.sensorialsunsets.com\/wp-content\/uploads\/2023\/01\/Oreamuno_Yolanda-Modifie.png","datePublished":"2023-01-20T22:02:52+00:00","dateModified":"2023-01-20T22:02:53+00:00","description":"D\u00e9couvrez la vie et l'\u0153uvre de Yolanda Oreamuno Unger, l'une des plus importantes \u00e9crivaines d'avant-garde du Costa Rica.","inLanguage":"fr-FR","potentialAction":[{"@type":"ReadAction","target":["https:\/\/www.sensorialsunsets.com\/fr\/yolanda-oreamuno-unger-vie-et-oeuvre\/"]}]},{"@type":"ImageObject","inLanguage":"fr-FR","@id":"https:\/\/www.sensorialsunsets.com\/fr\/yolanda-oreamuno-unger-vie-et-oeuvre\/#primaryimage","url":"https:\/\/www.sensorialsunsets.com\/wp-content\/uploads\/2023\/01\/Oreamuno_Yolanda-Modifie.png","contentUrl":"https:\/\/www.sensorialsunsets.com\/wp-content\/uploads\/2023\/01\/Oreamuno_Yolanda-Modifie.png","width":1600,"height":1071},{"@type":"WebSite","@id":"https:\/\/www.sensorialsunsets.com\/fr\/#website","url":"https:\/\/www.sensorialsunsets.com\/fr\/","name":"SensorialSunsets.com","description":"D\u00e9couvrez la culture et la soci\u00e9t\u00e9 du Costa Rica sur notre blog. Explorez des articles captivants et partagez le contenu.","publisher":{"@id":"https:\/\/www.sensorialsunsets.com\/fr\/#organization"},"alternateName":"Costa Rica Live Blog","potentialAction":[{"@type":"SearchAction","target":{"@type":"EntryPoint","urlTemplate":"https:\/\/www.sensorialsunsets.com\/fr\/?s={search_term_string}"},"query-input":{"@type":"PropertyValueSpecification","valueRequired":true,"valueName":"search_term_string"}}],"inLanguage":"fr-FR"},{"@type":"Organization","@id":"https:\/\/www.sensorialsunsets.com\/fr\/#organization","name":"SensorialSunsets","url":"https:\/\/www.sensorialsunsets.com\/fr\/","logo":{"@type":"ImageObject","inLanguage":"fr-FR","@id":"https:\/\/www.sensorialsunsets.com\/fr\/#\/schema\/logo\/image\/","url":"https:\/\/www.sensorialsunsets.com\/wp-content\/uploads\/2023\/04\/Logo_base_line_fond_clair.svg","contentUrl":"https:\/\/www.sensorialsunsets.com\/wp-content\/uploads\/2023\/04\/Logo_base_line_fond_clair.svg","width":"1024","height":"1024","caption":"SensorialSunsets"},"image":{"@id":"https:\/\/www.sensorialsunsets.com\/fr\/#\/schema\/logo\/image\/"},"sameAs":["https:\/\/www.facebook.com\/Sensorial-Sunsets-109180614715562","https:\/\/www.instagram.com\/sensorialsunsets\/"]},{"@type":"Person","@id":"https:\/\/www.sensorialsunsets.com\/fr\/#\/schema\/person\/77e2fa594135aa94024c47e281d8a94d","name":"Sensorial Sunsets","image":{"@type":"ImageObject","inLanguage":"fr-FR","@id":"https:\/\/secure.gravatar.com\/avatar\/5f2d62681b1dad94c28f1500d4fc75582acdfd32b55fd1acce0a36a3c487eabe?s=96&d=mm&r=g","url":"https:\/\/secure.gravatar.com\/avatar\/5f2d62681b1dad94c28f1500d4fc75582acdfd32b55fd1acce0a36a3c487eabe?s=96&d=mm&r=g","contentUrl":"https:\/\/secure.gravatar.com\/avatar\/5f2d62681b1dad94c28f1500d4fc75582acdfd32b55fd1acce0a36a3c487eabe?s=96&d=mm&r=g","caption":"Sensorial Sunsets"},"url":"https:\/\/www.sensorialsunsets.com\/fr\/author\/asistentes-sensorial-sunsets\/"}]}},"_links":{"self":[{"href":"https:\/\/www.sensorialsunsets.com\/fr\/wp-json\/wp\/v2\/posts\/5138","targetHints":{"allow":["GET"]}}],"collection":[{"href":"https:\/\/www.sensorialsunsets.com\/fr\/wp-json\/wp\/v2\/posts"}],"about":[{"href":"https:\/\/www.sensorialsunsets.com\/fr\/wp-json\/wp\/v2\/types\/post"}],"author":[{"embeddable":true,"href":"https:\/\/www.sensorialsunsets.com\/fr\/wp-json\/wp\/v2\/users\/4"}],"replies":[{"embeddable":true,"href":"https:\/\/www.sensorialsunsets.com\/fr\/wp-json\/wp\/v2\/comments?post=5138"}],"version-history":[{"count":0,"href":"https:\/\/www.sensorialsunsets.com\/fr\/wp-json\/wp\/v2\/posts\/5138\/revisions"}],"wp:featuredmedia":[{"embeddable":true,"href":"https:\/\/www.sensorialsunsets.com\/fr\/wp-json\/wp\/v2\/media\/5130"}],"wp:attachment":[{"href":"https:\/\/www.sensorialsunsets.com\/fr\/wp-json\/wp\/v2\/media?parent=5138"}],"wp:term":[{"taxonomy":"category","embeddable":true,"href":"https:\/\/www.sensorialsunsets.com\/fr\/wp-json\/wp\/v2\/categories?post=5138"},{"taxonomy":"post_tag","embeddable":true,"href":"https:\/\/www.sensorialsunsets.com\/fr\/wp-json\/wp\/v2\/tags?post=5138"}],"curies":[{"name":"wp","href":"https:\/\/api.w.org\/{rel}","templated":true}]}}