{"id":5168,"date":"2023-01-24T13:27:59","date_gmt":"2023-01-24T19:27:59","guid":{"rendered":"https:\/\/www.sensorialsunsets.com\/?p=5168"},"modified":"2023-01-24T13:28:20","modified_gmt":"2023-01-24T19:28:20","slug":"environnement-et-ses-problemes-costa-rica","status":"publish","type":"post","link":"https:\/\/www.sensorialsunsets.com\/fr\/environnement-et-ses-problemes-costa-rica\/","title":{"rendered":"Environnement et ses probl\u00e8mes : Costa Rica"},"content":{"rendered":"\n<p>Bien que le Costa Rica soit un petit pays d&rsquo;Am\u00e9rique centrale, il poss\u00e8de, sur un si petit territoire, l&rsquo;un des plus hauts pourcentages de biodiversit\u00e9 de la plan\u00e8te. Avec environ cinq cent mille esp\u00e8ces, soit une estimation de 4% de la biodiversit\u00e9 mondiale (Biodiversidad, 2013), cette exub\u00e9rance de flore et de faune diverses, de microclimats et de paysages vari\u00e9s fait de nous un pays privil\u00e9gi\u00e9 aux grandes ressources naturelles.<\/p>\n\n<p>En effet, c&rsquo;est gr\u00e2ce \u00e0 l&rsquo;utilisation de ces ressources que le Costa Rica s&rsquo;est engag\u00e9 sur la voie du progr\u00e8s. En effet, elle se refl\u00e8te clairement depuis le d\u00e9but de la r\u00e9publique : avec l&rsquo;\u00e9conomie bas\u00e9e sur le caf\u00e9 et les bananes ; accompagnant le d\u00e9veloppement social. C&rsquo;est-\u00e0-dire au fil des d\u00e9cennies et de l&rsquo;augmentation de la population. &#13;\n<\/p>\n\n<h2 class=\"wp-block-heading\">La surpopulation&#13;\n<\/h2>\n\n<p>Par contre, la surpopulation \u00e9tait plus visible dans les zones int\u00e9rieures du pays. Sp\u00e9cifiquement dans le GAM, o\u00f9 en raison des conditions d&rsquo;opportunit\u00e9s d&#8217;emploi, accompagn\u00e9es de politiques de \u00ab\u00a0planification urbaine d\u00e9velopp\u00e9e sous le paradigme, encore en vigueur \u00e0 l&rsquo;\u00e9poque, de la th\u00e9orie des \u00ab\u00a0p\u00f4les de croissance\u00a0\u00bb ou \u00ab\u00a0p\u00f4les de d\u00e9veloppement\u00a0\u00bb\u00a0\u00bb (Programa de Estado Naci\u00f3n, 2014), une croissance disproportionn\u00e9e de nouvelles personnes vivant au m\u00eame endroit a \u00e9t\u00e9 g\u00e9n\u00e9r\u00e9e. &#13;\n<\/p>\n\n<p>En cons\u00e9quence, davantage de ressources ont d\u00fb \u00eatre utilis\u00e9es pour soutenir cette croissance. Ainsi, ce processus de d\u00e9veloppement n&rsquo;a pas \u00e9t\u00e9 structur\u00e9 ou envisag\u00e9 de mani\u00e8re durable, c&rsquo;est-\u00e0-dire que les m\u00e9thodes de satisfaction des besoins sociaux, \u00e9conomiques et culturels n&rsquo;ont pas \u00e9t\u00e9 men\u00e9es de pair avec la protection de l&rsquo;environnement.&#13;\n<\/p>\n\n<p>Ces d\u00e9veloppements ont donc eu et continuent d&rsquo;avoir un co\u00fbt environnemental important. C&rsquo;est dans les ann\u00e9es 1950 que certains mouvements sociaux ont commenc\u00e9 \u00e0 prendre forme, essayant d&rsquo;exercer une conscience environnementale.<\/p>\n\n<p>L&rsquo;\u00e9cologie urbaine, pourrions-nous dire, allait, au cours des d\u00e9cennies suivantes, gagner en force, non seulement en se concentrant sur la sensibilisation \u00e0 la prise en charge de ce qui reste de la nature, mais aussi en mettant l&rsquo;accent sur la croissance \u00e9conomique. Mart\u00ednez Alier a appel\u00e9 ce courant \u00ab\u00a0l&rsquo;\u00e9vangile de l&rsquo;\u00e9co-efficacit\u00e9\u00a0\u00bb, un courant qui a concentr\u00e9 son attention sur les effets de la croissance \u00e9conomique, non seulement sur la nature vierge mais aussi sur l&rsquo;industrialisation elle-m\u00eame, l&rsquo;agriculture et l&rsquo;urbanisme\u00a0\u00bb (Revista electr\u00f3nica de Historia, 2008).<\/p>\n\n<h2 class=\"wp-block-heading\">La pollution dans le pays&#13;\n<\/h2>\n\n<p>La d\u00e9cision du Costa Rica de poursuivre ce processus de \u00ab\u00a0progr\u00e8s\u00a0\u00bb non durable a aggrav\u00e9 la situation environnementale. Actuellement, certains \u00e9l\u00e9ments sp\u00e9cifiques peuvent \u00eatre reconnus comme les principaux probl\u00e8mes, ou ceux qui n\u00e9cessitent une attention plus imm\u00e9diate. Il s&rsquo;agit de la contamination des sols, de la contamination des aquif\u00e8res, de la d\u00e9forestation, de l&rsquo;urbanisation incontr\u00f4l\u00e9e et de la pollution atmosph\u00e9rique.&#13;\n<\/p>\n\n<p>En ce qui concerne la pollution des sols, nous pouvons citer des cas importants comme celui des ananas. L&rsquo;ananas est une culture qui existe dans le pays depuis environ 50 ans, dans diff\u00e9rentes r\u00e9gions, et c&rsquo;est d\u00e8s le d\u00e9but que cette production a \u00e9t\u00e9 impliqu\u00e9e dans des probl\u00e8mes de contamination par des produits agrochimiques.&#13;\n<\/p>\n\n<figure class=\"wp-block-image size-large\"><img loading=\"lazy\" decoding=\"async\" width=\"2560\" height=\"1441\" src=\"https:\/\/www.sensorialsunsets.com\/wp-content\/uploads\/2023\/01\/pexels-tom-fisk-3181031-edited-scaled.jpg\" alt=\"\" class=\"wp-image-5160\" srcset=\"https:\/\/www.sensorialsunsets.com\/wp-content\/uploads\/2023\/01\/pexels-tom-fisk-3181031-edited-scaled.jpg 2560w, https:\/\/www.sensorialsunsets.com\/wp-content\/uploads\/2023\/01\/pexels-tom-fisk-3181031-edited-300x169.jpg 300w, https:\/\/www.sensorialsunsets.com\/wp-content\/uploads\/2023\/01\/pexels-tom-fisk-3181031-edited-1024x576.jpg 1024w, https:\/\/www.sensorialsunsets.com\/wp-content\/uploads\/2023\/01\/pexels-tom-fisk-3181031-edited-768x432.jpg 768w, https:\/\/www.sensorialsunsets.com\/wp-content\/uploads\/2023\/01\/pexels-tom-fisk-3181031-edited-1536x864.jpg 1536w, https:\/\/www.sensorialsunsets.com\/wp-content\/uploads\/2023\/01\/pexels-tom-fisk-3181031-edited-2048x1152.jpg 2048w, https:\/\/www.sensorialsunsets.com\/wp-content\/uploads\/2023\/01\/pexels-tom-fisk-3181031-edited-1320x743.jpg 1320w\" sizes=\"auto, (max-width: 2560px) 100vw, 2560px\" \/><\/figure>\n\n<h2 class=\"wp-block-heading\">Mais que sont les produits agrochimiques qui ont \u00e9t\u00e9 pr\u00e9sents dans les plantations du pays ?&#13;\n<\/h2>\n\n<p>Au Costa Rica, nous pouvons citer un cas c\u00e9l\u00e8bre, utilis\u00e9 depuis les ann\u00e9es 1960 : le tristement c\u00e9l\u00e8bre produit agrochimique nemagon, un puissant poison commercialis\u00e9 par les soci\u00e9t\u00e9s Shell et Dow Chemical. Selon Chac\u00f3n (2018), son utilisation dans le pays a laiss\u00e9 25 000 travailleurs agricoles touch\u00e9s par des maladies de la peau, des cancers, la st\u00e9rilit\u00e9, des fausses couches ou des malformations g\u00e9n\u00e9tiques. &#13;\n<\/p>\n\n<p>L&rsquo;utilisation de ces produits agrochimiques \u00e0 large spectre, comme le bromacil, affecte non seulement le territoire national, mais aussi les exportations. C&rsquo;est \u00e9galement le cas en Cor\u00e9e du Sud. Le fait que ce pays refuse de recevoir des produits li\u00e9s \u00e0 l&rsquo;utilisation de cet herbicide est une source d&rsquo;inqui\u00e9tude.&#13;\n<\/p>\n\n<p>Le bromacil est un produit utilis\u00e9 sur les principaux produits d&rsquo;exportation tels que les bananes, le caf\u00e9 et les ananas. Il s&rsquo;agit d&rsquo;un produit agrochimique hautement toxique pour un grand nombre d&rsquo;esp\u00e8ces, notamment les esp\u00e8ces aquatiques. Ce produit est tr\u00e8s soluble dans l&rsquo;eau. En m\u00eame temps, il montre une persistance dans la zone d&rsquo;application et dans les zones de contact pendant 2 mois.&#13;\n&#13;\n<\/p>\n\n<p>Selon le dernier rapport sur l&rsquo;\u00e9tat de la nation, la proportion d&rsquo;exploitations agricoles utilisant des engrais est pass\u00e9e de 12,5 % en 1973 \u00e0 82,1 % en 2014. Elle cite \u00e9galement les donn\u00e9es du Service national de protection des v\u00e9g\u00e9taux (SFE), selon lesquelles 6 706 442 kilogrammes de mati\u00e8re active ont \u00e9t\u00e9 import\u00e9s en 2016 et 5 600 524 kilogrammes ont \u00e9t\u00e9 formul\u00e9s dans le pays. Par cons\u00e9quent, ce rapport estime que 8 897 084 kilogrammes de pesticides ont \u00e9t\u00e9 utilis\u00e9s.\u00a0\u00bb (Chac\u00f3n, 2018).&#13;\n<\/p>\n\n<h2 class=\"wp-block-heading\">Un autre gros probl\u00e8me&#13;\n<\/h2>\n\n<p>Les d\u00e9chets constituent un autre grand probl\u00e8me \u00e0 r\u00e9soudre, puisque 564 tonnes de plastique sont jet\u00e9es chaque jour. Qui, au lieu d&rsquo;\u00eatre utilis\u00e9s pour le recyclage, sont enterr\u00e9s dans des d\u00e9charges, accumul\u00e9s dans des d\u00e9potoirs ou jet\u00e9s dans l&rsquo;environnement. Sur ce total de d\u00e9chets quotidiens, seuls 87% (3 480 tonnes) vont dans les d\u00e9charges et les d\u00e9potoirs. Sept pour cent (280 tonnes) sont laiss\u00e9s dans l&rsquo;environnement, et seulement 6 pour cent (240 tonnes) sont recycl\u00e9s (Artavia, 2018).  &#13;\n<\/p>\n\n<p>Ainsi, au Costa Rica, le traitement des d\u00e9chets solides est minimal et se r\u00e9duit au transfert de ces d\u00e9chets vers des d\u00e9charges o\u00f9 le mat\u00e9riau est compact\u00e9 avec une couche sup\u00e9rieure de terre. Dans d&rsquo;autres cas, les d\u00e9chets sont laiss\u00e9s \u00e0 l&rsquo;air libre et ne re\u00e7oivent pratiquement aucun traitement. Comme l&rsquo;exprime le journal virtuel \u00ab\u00a0La Revista\u00a0\u00bb, \u00ab\u00a0au Costa Rica, 94% des d\u00e9chets solides finissent dans des d\u00e9charges sanitaires, des d\u00e9charges contr\u00f4l\u00e9es ou des d\u00e9charges \u00e0 ciel ouvert\u00a0\u00bb. (Uma\u00f1a, 2018)&#13;\n<\/p>\n\n<p><strong>Zelda Walters pour Sensorial Sunsets<\/strong><\/p>\n","protected":false},"excerpt":{"rendered":"<p>Bien que le Costa Rica soit un petit pays d&rsquo;Am\u00e9rique centrale, il poss\u00e8de, sur un si petit territoire, l&rsquo;un des plus hauts pourcentages de biodiversit\u00e9 de la plan\u00e8te. Avec environ cinq cent mille esp\u00e8ces, soit une estimation de 4% de la biodiversit\u00e9 mondiale (Biodiversidad, 2013), cette exub\u00e9rance de flore et de faune diverses, de microclimats [&hellip;]<\/p>\n","protected":false},"author":4,"featured_media":5156,"comment_status":"closed","ping_status":"closed","sticky":false,"template":"","format":"standard","meta":{"_acf_changed":false,"inline_featured_image":false,"_monsterinsights_skip_tracking":false,"_monsterinsights_sitenote_active":false,"_monsterinsights_sitenote_note":"","_monsterinsights_sitenote_category":0,"footnotes":""},"categories":[100,104,102],"tags":[],"class_list":["post-5168","post","type-post","status-publish","format-standard","has-post-thumbnail","hentry","category-costa-rica-fr","category-culture-fr","category-societe-fr"],"acf":[],"yoast_head":"<!-- This site is optimized with the Yoast SEO plugin v27.4 - https:\/\/yoast.com\/product\/yoast-seo-wordpress\/ -->\n<title>Environnement et ses probl\u00e8mes : Costa Rica - SensorialSunsets<\/title>\n<meta name=\"description\" content=\"Le Costa Rica s&#039;est engag\u00e9 sur la voie du progr\u00e8s gr\u00e2ce \u00e0 l&#039;utilisation de ces ressources. En effet, elle se refl\u00e8te clairement depuis le d\u00e9but de la r\u00e9publique : avec l&#039;\u00e9conomie bas\u00e9e sur le caf\u00e9 et les bananes ; accompagnant le d\u00e9veloppement social. C&#039;est-\u00e0-dire au fil des d\u00e9cennies et de l&#039;augmentation de la population.\u00a0\" \/>\n<meta name=\"robots\" content=\"index, follow, max-snippet:-1, max-image-preview:large, max-video-preview:-1\" \/>\n<link rel=\"canonical\" href=\"https:\/\/www.sensorialsunsets.com\/fr\/environnement-et-ses-problemes-costa-rica\/\" \/>\n<meta property=\"og:locale\" content=\"fr_FR\" \/>\n<meta property=\"og:type\" content=\"article\" \/>\n<meta property=\"og:title\" content=\"Environnement et ses probl\u00e8mes : Costa Rica - SensorialSunsets\" \/>\n<meta property=\"og:description\" content=\"Le Costa Rica s&#039;est engag\u00e9 sur la voie du progr\u00e8s gr\u00e2ce \u00e0 l&#039;utilisation de ces ressources. En effet, elle se refl\u00e8te clairement depuis le d\u00e9but de la r\u00e9publique : avec l&#039;\u00e9conomie bas\u00e9e sur le caf\u00e9 et les bananes ; accompagnant le d\u00e9veloppement social. C&#039;est-\u00e0-dire au fil des d\u00e9cennies et de l&#039;augmentation de la population.\u00a0\" \/>\n<meta property=\"og:url\" content=\"https:\/\/www.sensorialsunsets.com\/fr\/environnement-et-ses-problemes-costa-rica\/\" \/>\n<meta property=\"og:site_name\" content=\"SensorialSunsets\" \/>\n<meta property=\"article:publisher\" content=\"https:\/\/www.facebook.com\/Sensorial-Sunsets-109180614715562\" \/>\n<meta property=\"article:published_time\" content=\"2023-01-24T19:27:59+00:00\" \/>\n<meta property=\"article:modified_time\" content=\"2023-01-24T19:28:20+00:00\" \/>\n<meta property=\"og:image\" content=\"https:\/\/www.sensorialsunsets.com\/wp-content\/uploads\/2023\/01\/pexels-pixabay-60575-scaled.jpg\" \/>\n\t<meta property=\"og:image:width\" content=\"2560\" \/>\n\t<meta property=\"og:image:height\" content=\"1658\" \/>\n\t<meta property=\"og:image:type\" content=\"image\/jpeg\" \/>\n<meta name=\"author\" content=\"Sensorial Sunsets\" \/>\n<meta name=\"twitter:card\" content=\"summary_large_image\" \/>\n<meta name=\"twitter:label1\" content=\"\u00c9crit par\" \/>\n\t<meta name=\"twitter:data1\" content=\"Sensorial Sunsets\" \/>\n\t<meta name=\"twitter:label2\" content=\"Dur\u00e9e de lecture estim\u00e9e\" \/>\n\t<meta name=\"twitter:data2\" content=\"5 minutes\" \/>\n<script type=\"application\/ld+json\" class=\"yoast-schema-graph\">{\"@context\":\"https:\\\/\\\/schema.org\",\"@graph\":[{\"@type\":\"Article\",\"@id\":\"https:\\\/\\\/www.sensorialsunsets.com\\\/fr\\\/environnement-et-ses-problemes-costa-rica\\\/#article\",\"isPartOf\":{\"@id\":\"https:\\\/\\\/www.sensorialsunsets.com\\\/fr\\\/environnement-et-ses-problemes-costa-rica\\\/\"},\"author\":{\"name\":\"Sensorial Sunsets\",\"@id\":\"https:\\\/\\\/www.sensorialsunsets.com\\\/fr\\\/#\\\/schema\\\/person\\\/77e2fa594135aa94024c47e281d8a94d\"},\"headline\":\"Environnement et ses probl\u00e8mes : Costa Rica\",\"datePublished\":\"2023-01-24T19:27:59+00:00\",\"dateModified\":\"2023-01-24T19:28:20+00:00\",\"mainEntityOfPage\":{\"@id\":\"https:\\\/\\\/www.sensorialsunsets.com\\\/fr\\\/environnement-et-ses-problemes-costa-rica\\\/\"},\"wordCount\":1049,\"publisher\":{\"@id\":\"https:\\\/\\\/www.sensorialsunsets.com\\\/fr\\\/#organization\"},\"image\":{\"@id\":\"https:\\\/\\\/www.sensorialsunsets.com\\\/fr\\\/environnement-et-ses-problemes-costa-rica\\\/#primaryimage\"},\"thumbnailUrl\":\"https:\\\/\\\/www.sensorialsunsets.com\\\/wp-content\\\/uploads\\\/2023\\\/01\\\/pexels-pixabay-60575-scaled.jpg\",\"articleSection\":[\"Costa Rica\",\"Culture\",\"Soci\u00e9t\u00e9\"],\"inLanguage\":\"fr-FR\"},{\"@type\":\"WebPage\",\"@id\":\"https:\\\/\\\/www.sensorialsunsets.com\\\/fr\\\/environnement-et-ses-problemes-costa-rica\\\/\",\"url\":\"https:\\\/\\\/www.sensorialsunsets.com\\\/fr\\\/environnement-et-ses-problemes-costa-rica\\\/\",\"name\":\"Environnement et ses probl\u00e8mes : Costa Rica - SensorialSunsets\",\"isPartOf\":{\"@id\":\"https:\\\/\\\/www.sensorialsunsets.com\\\/fr\\\/#website\"},\"primaryImageOfPage\":{\"@id\":\"https:\\\/\\\/www.sensorialsunsets.com\\\/fr\\\/environnement-et-ses-problemes-costa-rica\\\/#primaryimage\"},\"image\":{\"@id\":\"https:\\\/\\\/www.sensorialsunsets.com\\\/fr\\\/environnement-et-ses-problemes-costa-rica\\\/#primaryimage\"},\"thumbnailUrl\":\"https:\\\/\\\/www.sensorialsunsets.com\\\/wp-content\\\/uploads\\\/2023\\\/01\\\/pexels-pixabay-60575-scaled.jpg\",\"datePublished\":\"2023-01-24T19:27:59+00:00\",\"dateModified\":\"2023-01-24T19:28:20+00:00\",\"description\":\"Le Costa Rica s'est engag\u00e9 sur la voie du progr\u00e8s gr\u00e2ce \u00e0 l'utilisation de ces ressources. En effet, elle se refl\u00e8te clairement depuis le d\u00e9but de la r\u00e9publique : avec l'\u00e9conomie bas\u00e9e sur le caf\u00e9 et les bananes ; accompagnant le d\u00e9veloppement social. C'est-\u00e0-dire au fil des d\u00e9cennies et de l'augmentation de la population.\u00a0\",\"inLanguage\":\"fr-FR\",\"potentialAction\":[{\"@type\":\"ReadAction\",\"target\":[\"https:\\\/\\\/www.sensorialsunsets.com\\\/fr\\\/environnement-et-ses-problemes-costa-rica\\\/\"]}]},{\"@type\":\"ImageObject\",\"inLanguage\":\"fr-FR\",\"@id\":\"https:\\\/\\\/www.sensorialsunsets.com\\\/fr\\\/environnement-et-ses-problemes-costa-rica\\\/#primaryimage\",\"url\":\"https:\\\/\\\/www.sensorialsunsets.com\\\/wp-content\\\/uploads\\\/2023\\\/01\\\/pexels-pixabay-60575-scaled.jpg\",\"contentUrl\":\"https:\\\/\\\/www.sensorialsunsets.com\\\/wp-content\\\/uploads\\\/2023\\\/01\\\/pexels-pixabay-60575-scaled.jpg\",\"width\":2560,\"height\":1658},{\"@type\":\"WebSite\",\"@id\":\"https:\\\/\\\/www.sensorialsunsets.com\\\/fr\\\/#website\",\"url\":\"https:\\\/\\\/www.sensorialsunsets.com\\\/fr\\\/\",\"name\":\"SensorialSunsets.com\",\"description\":\"D\u00e9couvrez la culture et la soci\u00e9t\u00e9 du Costa Rica sur notre blog. Explorez des articles captivants et partagez le contenu.\",\"publisher\":{\"@id\":\"https:\\\/\\\/www.sensorialsunsets.com\\\/fr\\\/#organization\"},\"alternateName\":\"Costa Rica Live Blog\",\"potentialAction\":[{\"@type\":\"SearchAction\",\"target\":{\"@type\":\"EntryPoint\",\"urlTemplate\":\"https:\\\/\\\/www.sensorialsunsets.com\\\/fr\\\/?s={search_term_string}\"},\"query-input\":{\"@type\":\"PropertyValueSpecification\",\"valueRequired\":true,\"valueName\":\"search_term_string\"}}],\"inLanguage\":\"fr-FR\"},{\"@type\":\"Organization\",\"@id\":\"https:\\\/\\\/www.sensorialsunsets.com\\\/fr\\\/#organization\",\"name\":\"SensorialSunsets\",\"url\":\"https:\\\/\\\/www.sensorialsunsets.com\\\/fr\\\/\",\"logo\":{\"@type\":\"ImageObject\",\"inLanguage\":\"fr-FR\",\"@id\":\"https:\\\/\\\/www.sensorialsunsets.com\\\/fr\\\/#\\\/schema\\\/logo\\\/image\\\/\",\"url\":\"https:\\\/\\\/www.sensorialsunsets.com\\\/wp-content\\\/uploads\\\/2023\\\/04\\\/Logo_base_line_fond_clair.svg\",\"contentUrl\":\"https:\\\/\\\/www.sensorialsunsets.com\\\/wp-content\\\/uploads\\\/2023\\\/04\\\/Logo_base_line_fond_clair.svg\",\"width\":\"1024\",\"height\":\"1024\",\"caption\":\"SensorialSunsets\"},\"image\":{\"@id\":\"https:\\\/\\\/www.sensorialsunsets.com\\\/fr\\\/#\\\/schema\\\/logo\\\/image\\\/\"},\"sameAs\":[\"https:\\\/\\\/www.facebook.com\\\/Sensorial-Sunsets-109180614715562\",\"https:\\\/\\\/www.instagram.com\\\/sensorialsunsets\\\/\"]},{\"@type\":\"Person\",\"@id\":\"https:\\\/\\\/www.sensorialsunsets.com\\\/fr\\\/#\\\/schema\\\/person\\\/77e2fa594135aa94024c47e281d8a94d\",\"name\":\"Sensorial Sunsets\",\"image\":{\"@type\":\"ImageObject\",\"inLanguage\":\"fr-FR\",\"@id\":\"https:\\\/\\\/secure.gravatar.com\\\/avatar\\\/5f2d62681b1dad94c28f1500d4fc75582acdfd32b55fd1acce0a36a3c487eabe?s=96&d=mm&r=g\",\"url\":\"https:\\\/\\\/secure.gravatar.com\\\/avatar\\\/5f2d62681b1dad94c28f1500d4fc75582acdfd32b55fd1acce0a36a3c487eabe?s=96&d=mm&r=g\",\"contentUrl\":\"https:\\\/\\\/secure.gravatar.com\\\/avatar\\\/5f2d62681b1dad94c28f1500d4fc75582acdfd32b55fd1acce0a36a3c487eabe?s=96&d=mm&r=g\",\"caption\":\"Sensorial Sunsets\"},\"url\":\"https:\\\/\\\/www.sensorialsunsets.com\\\/fr\\\/author\\\/asistentes-sensorial-sunsets\\\/\"}]}<\/script>\n<!-- \/ Yoast SEO plugin. -->","yoast_head_json":{"title":"Environnement et ses probl\u00e8mes : Costa Rica - SensorialSunsets","description":"Le Costa Rica s'est engag\u00e9 sur la voie du progr\u00e8s gr\u00e2ce \u00e0 l'utilisation de ces ressources. En effet, elle se refl\u00e8te clairement depuis le d\u00e9but de la r\u00e9publique : avec l'\u00e9conomie bas\u00e9e sur le caf\u00e9 et les bananes ; accompagnant le d\u00e9veloppement social. C'est-\u00e0-dire au fil des d\u00e9cennies et de l'augmentation de la population.\u00a0","robots":{"index":"index","follow":"follow","max-snippet":"max-snippet:-1","max-image-preview":"max-image-preview:large","max-video-preview":"max-video-preview:-1"},"canonical":"https:\/\/www.sensorialsunsets.com\/fr\/environnement-et-ses-problemes-costa-rica\/","og_locale":"fr_FR","og_type":"article","og_title":"Environnement et ses probl\u00e8mes : Costa Rica - SensorialSunsets","og_description":"Le Costa Rica s'est engag\u00e9 sur la voie du progr\u00e8s gr\u00e2ce \u00e0 l'utilisation de ces ressources. En effet, elle se refl\u00e8te clairement depuis le d\u00e9but de la r\u00e9publique : avec l'\u00e9conomie bas\u00e9e sur le caf\u00e9 et les bananes ; accompagnant le d\u00e9veloppement social. C'est-\u00e0-dire au fil des d\u00e9cennies et de l'augmentation de la population.\u00a0","og_url":"https:\/\/www.sensorialsunsets.com\/fr\/environnement-et-ses-problemes-costa-rica\/","og_site_name":"SensorialSunsets","article_publisher":"https:\/\/www.facebook.com\/Sensorial-Sunsets-109180614715562","article_published_time":"2023-01-24T19:27:59+00:00","article_modified_time":"2023-01-24T19:28:20+00:00","og_image":[{"width":2560,"height":1658,"url":"https:\/\/www.sensorialsunsets.com\/wp-content\/uploads\/2023\/01\/pexels-pixabay-60575-scaled.jpg","type":"image\/jpeg"}],"author":"Sensorial Sunsets","twitter_card":"summary_large_image","twitter_misc":{"\u00c9crit par":"Sensorial Sunsets","Dur\u00e9e de lecture estim\u00e9e":"5 minutes"},"schema":{"@context":"https:\/\/schema.org","@graph":[{"@type":"Article","@id":"https:\/\/www.sensorialsunsets.com\/fr\/environnement-et-ses-problemes-costa-rica\/#article","isPartOf":{"@id":"https:\/\/www.sensorialsunsets.com\/fr\/environnement-et-ses-problemes-costa-rica\/"},"author":{"name":"Sensorial Sunsets","@id":"https:\/\/www.sensorialsunsets.com\/fr\/#\/schema\/person\/77e2fa594135aa94024c47e281d8a94d"},"headline":"Environnement et ses probl\u00e8mes : Costa Rica","datePublished":"2023-01-24T19:27:59+00:00","dateModified":"2023-01-24T19:28:20+00:00","mainEntityOfPage":{"@id":"https:\/\/www.sensorialsunsets.com\/fr\/environnement-et-ses-problemes-costa-rica\/"},"wordCount":1049,"publisher":{"@id":"https:\/\/www.sensorialsunsets.com\/fr\/#organization"},"image":{"@id":"https:\/\/www.sensorialsunsets.com\/fr\/environnement-et-ses-problemes-costa-rica\/#primaryimage"},"thumbnailUrl":"https:\/\/www.sensorialsunsets.com\/wp-content\/uploads\/2023\/01\/pexels-pixabay-60575-scaled.jpg","articleSection":["Costa Rica","Culture","Soci\u00e9t\u00e9"],"inLanguage":"fr-FR"},{"@type":"WebPage","@id":"https:\/\/www.sensorialsunsets.com\/fr\/environnement-et-ses-problemes-costa-rica\/","url":"https:\/\/www.sensorialsunsets.com\/fr\/environnement-et-ses-problemes-costa-rica\/","name":"Environnement et ses probl\u00e8mes : Costa Rica - SensorialSunsets","isPartOf":{"@id":"https:\/\/www.sensorialsunsets.com\/fr\/#website"},"primaryImageOfPage":{"@id":"https:\/\/www.sensorialsunsets.com\/fr\/environnement-et-ses-problemes-costa-rica\/#primaryimage"},"image":{"@id":"https:\/\/www.sensorialsunsets.com\/fr\/environnement-et-ses-problemes-costa-rica\/#primaryimage"},"thumbnailUrl":"https:\/\/www.sensorialsunsets.com\/wp-content\/uploads\/2023\/01\/pexels-pixabay-60575-scaled.jpg","datePublished":"2023-01-24T19:27:59+00:00","dateModified":"2023-01-24T19:28:20+00:00","description":"Le Costa Rica s'est engag\u00e9 sur la voie du progr\u00e8s gr\u00e2ce \u00e0 l'utilisation de ces ressources. En effet, elle se refl\u00e8te clairement depuis le d\u00e9but de la r\u00e9publique : avec l'\u00e9conomie bas\u00e9e sur le caf\u00e9 et les bananes ; accompagnant le d\u00e9veloppement social. C'est-\u00e0-dire au fil des d\u00e9cennies et de l'augmentation de la population.\u00a0","inLanguage":"fr-FR","potentialAction":[{"@type":"ReadAction","target":["https:\/\/www.sensorialsunsets.com\/fr\/environnement-et-ses-problemes-costa-rica\/"]}]},{"@type":"ImageObject","inLanguage":"fr-FR","@id":"https:\/\/www.sensorialsunsets.com\/fr\/environnement-et-ses-problemes-costa-rica\/#primaryimage","url":"https:\/\/www.sensorialsunsets.com\/wp-content\/uploads\/2023\/01\/pexels-pixabay-60575-scaled.jpg","contentUrl":"https:\/\/www.sensorialsunsets.com\/wp-content\/uploads\/2023\/01\/pexels-pixabay-60575-scaled.jpg","width":2560,"height":1658},{"@type":"WebSite","@id":"https:\/\/www.sensorialsunsets.com\/fr\/#website","url":"https:\/\/www.sensorialsunsets.com\/fr\/","name":"SensorialSunsets.com","description":"D\u00e9couvrez la culture et la soci\u00e9t\u00e9 du Costa Rica sur notre blog. Explorez des articles captivants et partagez le contenu.","publisher":{"@id":"https:\/\/www.sensorialsunsets.com\/fr\/#organization"},"alternateName":"Costa Rica Live Blog","potentialAction":[{"@type":"SearchAction","target":{"@type":"EntryPoint","urlTemplate":"https:\/\/www.sensorialsunsets.com\/fr\/?s={search_term_string}"},"query-input":{"@type":"PropertyValueSpecification","valueRequired":true,"valueName":"search_term_string"}}],"inLanguage":"fr-FR"},{"@type":"Organization","@id":"https:\/\/www.sensorialsunsets.com\/fr\/#organization","name":"SensorialSunsets","url":"https:\/\/www.sensorialsunsets.com\/fr\/","logo":{"@type":"ImageObject","inLanguage":"fr-FR","@id":"https:\/\/www.sensorialsunsets.com\/fr\/#\/schema\/logo\/image\/","url":"https:\/\/www.sensorialsunsets.com\/wp-content\/uploads\/2023\/04\/Logo_base_line_fond_clair.svg","contentUrl":"https:\/\/www.sensorialsunsets.com\/wp-content\/uploads\/2023\/04\/Logo_base_line_fond_clair.svg","width":"1024","height":"1024","caption":"SensorialSunsets"},"image":{"@id":"https:\/\/www.sensorialsunsets.com\/fr\/#\/schema\/logo\/image\/"},"sameAs":["https:\/\/www.facebook.com\/Sensorial-Sunsets-109180614715562","https:\/\/www.instagram.com\/sensorialsunsets\/"]},{"@type":"Person","@id":"https:\/\/www.sensorialsunsets.com\/fr\/#\/schema\/person\/77e2fa594135aa94024c47e281d8a94d","name":"Sensorial Sunsets","image":{"@type":"ImageObject","inLanguage":"fr-FR","@id":"https:\/\/secure.gravatar.com\/avatar\/5f2d62681b1dad94c28f1500d4fc75582acdfd32b55fd1acce0a36a3c487eabe?s=96&d=mm&r=g","url":"https:\/\/secure.gravatar.com\/avatar\/5f2d62681b1dad94c28f1500d4fc75582acdfd32b55fd1acce0a36a3c487eabe?s=96&d=mm&r=g","contentUrl":"https:\/\/secure.gravatar.com\/avatar\/5f2d62681b1dad94c28f1500d4fc75582acdfd32b55fd1acce0a36a3c487eabe?s=96&d=mm&r=g","caption":"Sensorial Sunsets"},"url":"https:\/\/www.sensorialsunsets.com\/fr\/author\/asistentes-sensorial-sunsets\/"}]}},"_links":{"self":[{"href":"https:\/\/www.sensorialsunsets.com\/fr\/wp-json\/wp\/v2\/posts\/5168","targetHints":{"allow":["GET"]}}],"collection":[{"href":"https:\/\/www.sensorialsunsets.com\/fr\/wp-json\/wp\/v2\/posts"}],"about":[{"href":"https:\/\/www.sensorialsunsets.com\/fr\/wp-json\/wp\/v2\/types\/post"}],"author":[{"embeddable":true,"href":"https:\/\/www.sensorialsunsets.com\/fr\/wp-json\/wp\/v2\/users\/4"}],"replies":[{"embeddable":true,"href":"https:\/\/www.sensorialsunsets.com\/fr\/wp-json\/wp\/v2\/comments?post=5168"}],"version-history":[{"count":0,"href":"https:\/\/www.sensorialsunsets.com\/fr\/wp-json\/wp\/v2\/posts\/5168\/revisions"}],"wp:featuredmedia":[{"embeddable":true,"href":"https:\/\/www.sensorialsunsets.com\/fr\/wp-json\/wp\/v2\/media\/5156"}],"wp:attachment":[{"href":"https:\/\/www.sensorialsunsets.com\/fr\/wp-json\/wp\/v2\/media?parent=5168"}],"wp:term":[{"taxonomy":"category","embeddable":true,"href":"https:\/\/www.sensorialsunsets.com\/fr\/wp-json\/wp\/v2\/categories?post=5168"},{"taxonomy":"post_tag","embeddable":true,"href":"https:\/\/www.sensorialsunsets.com\/fr\/wp-json\/wp\/v2\/tags?post=5168"}],"curies":[{"name":"wp","href":"https:\/\/api.w.org\/{rel}","templated":true}]}}