{"id":5179,"date":"2023-01-25T09:49:39","date_gmt":"2023-01-25T15:49:39","guid":{"rendered":"https:\/\/www.sensorialsunsets.com\/?p=5179"},"modified":"2023-01-25T09:49:40","modified_gmt":"2023-01-25T15:49:40","slug":"une-nouvelle-proposition-du-gouvernement-supprimerait-les-bons-de-logement","status":"publish","type":"post","link":"https:\/\/www.sensorialsunsets.com\/fr\/une-nouvelle-proposition-du-gouvernement-supprimerait-les-bons-de-logement\/","title":{"rendered":"Une nouvelle proposition du gouvernement supprimerait les bons de logement"},"content":{"rendered":"\n<p>Le gouvernement costaricien a propos\u00e9 de fusionner la Banque hypoth\u00e9caire du logement (Banhvi), l&rsquo;Institut national du logement et du d\u00e9veloppement urbain (INVU) et le Minist\u00e8re du logement et des \u00e9tablissements humains (Mivah) afin de cr\u00e9er le Minist\u00e8re du Territoire, de l&rsquo;Habitat et du Logement (Mihabitat). Cependant, selon Dagoberto Hidalgo, directeur g\u00e9n\u00e9ral de la Banque hypoth\u00e9caire du logement, cette proposition va \u00e0 l&rsquo;encontre des classes populaires, est incoh\u00e9rente avec le syst\u00e8me financier national et \u00e9limine la prime au logement.&nbsp;<\/p>\n\n\n\n<p><strong>Qu&rsquo;est-ce que le bon de logement au Costa Rica ?<\/strong><\/p>\n\n\n\n<p>Le bon de logement est une aide sociale cr\u00e9\u00e9e par l&rsquo;\u00c9tat costaricien pour fournir un logement d\u00e9cent aux familles qui en ont le plus besoin. Ce bon vise \u00e0 fournir des soins et un soutien afin d&rsquo;am\u00e9liorer la qualit\u00e9 de vie. Parmi les principales populations b\u00e9n\u00e9ficiaires figurent les femmes chefs de famille, les adultes \u00e2g\u00e9s ou handicap\u00e9s, toutes les personnes ayant des besoins sp\u00e9cifiques, les familles de la classe moyenne et les familles \u00e0 faibles revenus.&nbsp;<\/p>\n\n\n\n<p>N\u00e9anmoins, il existe certaines conditions pour obtenir le bon. Tout d&rsquo;abord, il faut \u00eatre ressortissant ou r\u00e9sident du pays, le demandeur doit faire partie du groupe familial, c&rsquo;est-\u00e0-dire qu&rsquo;il doit vivre sous le m\u00eame toit et avoir des obligations au sein du m\u00e9nage, il doit y avoir au moins une personne majeure charg\u00e9e de la demande, il ne faut pas \u00eatre propri\u00e9taire d&rsquo;une maison ou avoir plus d&rsquo;une propri\u00e9t\u00e9, et enfin, le groupe familial doit avoir un revenu ne d\u00e9passant pas 1 625 932 de colones ou moins de 403 983 de colones, dans le cas d&rsquo;une demande de bon de logement pour besoins extr\u00eames. Ainsi, gr\u00e2ce au ch\u00e8que-logement, les demandeurs peuvent acheter un terrain \u00e0 leur nom et commencer \u00e0 y construire.&nbsp;<\/p>\n\n\n\n<p><strong>MIHABITAT<\/strong><\/p>\n\n\n\n<p>Selon le gouvernement, l&rsquo;entit\u00e9 Mihabitat deviendrait un secteur renforc\u00e9 et efficace pour r\u00e9pondre aux besoins de la population costaricienne. En regroupant toutes les institutions d\u00e9di\u00e9es au secteur du logement, Mihabitat serait charg\u00e9 de gouverner et d&rsquo;ex\u00e9cuter les politiques publiques en mati\u00e8re de logement, d&rsquo;urbanisme, de planification et d&rsquo;utilisation des sols. Ainsi, les processus de planification urbaine r\u00e9gionale et locale seront facilit\u00e9s et les municipalit\u00e9s disposeront des instruments n\u00e9cessaires et du soutien du minist\u00e8re.&nbsp;<\/p>\n\n\n\n<p><strong>Mais que dit l&rsquo;assembl\u00e9e ?<\/strong><\/p>\n\n\n\n<p>Face \u00e0 une telle proposition, l&rsquo;opinion du l\u00e9gislateur est divis\u00e9e. Deux des six bancs l\u00e9gislatifs se sont oppos\u00e9s \u00e0 la suppression de la prime au logement : le le Parti de la lib\u00e9ration nationale et le Parti de l&rsquo;unit\u00e9 sociale chr\u00e9tienne.&nbsp;<\/p>\n\n\n\n<p>Paulina Ram\u00edrez du PLN et Rodrigo Arias ont critiqu\u00e9 l&rsquo;initiative. Le premier mentionne que le gouvernement a l&rsquo;intention de supprimer le bon au logement alors qu&rsquo;il n&rsquo;a pas donn\u00e9 la priorit\u00e9 \u00e0 une strat\u00e9gie nationale du logement et qu&rsquo;il continue \u00e0 r\u00e9duire les budgets de ce secteur. Arias, pour sa part, ajoute que c&rsquo;est un projet qui pr\u00e9sente de nombreux d\u00e9fauts.&nbsp;<\/p>\n\n\n\n<p>En outre, les neuf congressistes du PUSC ont rejet\u00e9 le vote en faveur du projet de loi visant \u00e0 supprimer compl\u00e8tement le syst\u00e8me financier national pour le logement. A son tour, Carlos Felipe Garc\u00eda commente que le projet de loi comporte des violations constitutionnelles qui tentent de combler des vides juridiques et qu&rsquo;il finirait par causer de nombreux probl\u00e8mes pour le pays.&nbsp;<\/p>\n\n\n\n<p>La d\u00e9put\u00e9e du Frente Amplio Roc\u00edo Alfaro s&rsquo;est \u00e9galement positionn\u00e9e contre la proposition du gouvernement, affirmant que la suppression du ch\u00e8que logement aggraverait le probl\u00e8me de la pauvret\u00e9 et de l&rsquo;in\u00e9galit\u00e9.<\/p>\n\n\n\n<p><strong>Auteure: M\u00f3nica Gallardo pour Sensorial Sunsets<\/strong><\/p>\n","protected":false},"excerpt":{"rendered":"<p>Le gouvernement costaricien a propos\u00e9 de fusionner la Banque hypoth\u00e9caire du logement (Banhvi), l&rsquo;Institut national du logement et du d\u00e9veloppement urbain (INVU) et le Minist\u00e8re du logement et des \u00e9tablissements humains (Mivah) afin de cr\u00e9er le Minist\u00e8re du Territoire, de l&rsquo;Habitat et du Logement (Mihabitat). Cependant, selon Dagoberto Hidalgo, directeur g\u00e9n\u00e9ral de la Banque hypoth\u00e9caire [&hellip;]<\/p>\n","protected":false},"author":4,"featured_media":5173,"comment_status":"closed","ping_status":"closed","sticky":false,"template":"","format":"standard","meta":{"_acf_changed":false,"inline_featured_image":false,"_monsterinsights_skip_tracking":false,"_monsterinsights_sitenote_active":false,"_monsterinsights_sitenote_note":"","_monsterinsights_sitenote_category":0,"footnotes":""},"categories":[1],"tags":[],"class_list":["post-5179","post","type-post","status-publish","format-standard","has-post-thumbnail","hentry","category-non-classifiee"],"acf":[],"yoast_head":"<!-- This site is optimized with the Yoast SEO plugin v27.4 - https:\/\/yoast.com\/product\/yoast-seo-wordpress\/ -->\n<title>Une nouvelle proposition du gouvernement supprimerait les bons de logement - SensorialSunsets<\/title>\n<meta name=\"description\" content=\"Le gouvernement costaricien a propos\u00e9 la cr\u00e9ation d&#039;une nouvelle entit\u00e9 d\u00e9di\u00e9e au secteur du logement et de l&#039;urbanisme, mais pourrait supprimer le bon de logement.\" \/>\n<meta name=\"robots\" content=\"index, follow, max-snippet:-1, max-image-preview:large, max-video-preview:-1\" \/>\n<link rel=\"canonical\" href=\"https:\/\/www.sensorialsunsets.com\/fr\/une-nouvelle-proposition-du-gouvernement-supprimerait-les-bons-de-logement\/\" \/>\n<meta property=\"og:locale\" content=\"fr_FR\" \/>\n<meta property=\"og:type\" content=\"article\" \/>\n<meta property=\"og:title\" content=\"Une nouvelle proposition du gouvernement supprimerait les bons de logement - SensorialSunsets\" \/>\n<meta property=\"og:description\" content=\"Le gouvernement costaricien a propos\u00e9 la cr\u00e9ation d&#039;une nouvelle entit\u00e9 d\u00e9di\u00e9e au secteur du logement et de l&#039;urbanisme, mais pourrait supprimer le bon de logement.\" \/>\n<meta property=\"og:url\" content=\"https:\/\/www.sensorialsunsets.com\/fr\/une-nouvelle-proposition-du-gouvernement-supprimerait-les-bons-de-logement\/\" \/>\n<meta property=\"og:site_name\" content=\"SensorialSunsets\" \/>\n<meta property=\"article:publisher\" content=\"https:\/\/www.facebook.com\/Sensorial-Sunsets-109180614715562\" \/>\n<meta property=\"article:published_time\" content=\"2023-01-25T15:49:39+00:00\" \/>\n<meta property=\"article:modified_time\" content=\"2023-01-25T15:49:40+00:00\" \/>\n<meta property=\"og:image\" content=\"https:\/\/www.sensorialsunsets.com\/wp-content\/uploads\/2023\/01\/tierra-mallorca-JXI2Ap8dTNc-unsplash-scaled.jpg\" \/>\n\t<meta property=\"og:image:width\" content=\"2560\" \/>\n\t<meta property=\"og:image:height\" content=\"1922\" \/>\n\t<meta property=\"og:image:type\" content=\"image\/jpeg\" \/>\n<meta name=\"author\" content=\"Sensorial Sunsets\" \/>\n<meta name=\"twitter:card\" content=\"summary_large_image\" \/>\n<meta name=\"twitter:label1\" content=\"\u00c9crit par\" \/>\n\t<meta name=\"twitter:data1\" content=\"Sensorial Sunsets\" \/>\n\t<meta name=\"twitter:label2\" content=\"Dur\u00e9e de lecture estim\u00e9e\" \/>\n\t<meta name=\"twitter:data2\" content=\"3 minutes\" \/>\n<script type=\"application\/ld+json\" class=\"yoast-schema-graph\">{\"@context\":\"https:\\\/\\\/schema.org\",\"@graph\":[{\"@type\":\"Article\",\"@id\":\"https:\\\/\\\/www.sensorialsunsets.com\\\/fr\\\/une-nouvelle-proposition-du-gouvernement-supprimerait-les-bons-de-logement\\\/#article\",\"isPartOf\":{\"@id\":\"https:\\\/\\\/www.sensorialsunsets.com\\\/fr\\\/une-nouvelle-proposition-du-gouvernement-supprimerait-les-bons-de-logement\\\/\"},\"author\":{\"name\":\"Sensorial Sunsets\",\"@id\":\"https:\\\/\\\/www.sensorialsunsets.com\\\/fr\\\/#\\\/schema\\\/person\\\/77e2fa594135aa94024c47e281d8a94d\"},\"headline\":\"Une nouvelle proposition du gouvernement supprimerait les bons de logement\",\"datePublished\":\"2023-01-25T15:49:39+00:00\",\"dateModified\":\"2023-01-25T15:49:40+00:00\",\"mainEntityOfPage\":{\"@id\":\"https:\\\/\\\/www.sensorialsunsets.com\\\/fr\\\/une-nouvelle-proposition-du-gouvernement-supprimerait-les-bons-de-logement\\\/\"},\"wordCount\":658,\"publisher\":{\"@id\":\"https:\\\/\\\/www.sensorialsunsets.com\\\/fr\\\/#organization\"},\"image\":{\"@id\":\"https:\\\/\\\/www.sensorialsunsets.com\\\/fr\\\/une-nouvelle-proposition-du-gouvernement-supprimerait-les-bons-de-logement\\\/#primaryimage\"},\"thumbnailUrl\":\"https:\\\/\\\/www.sensorialsunsets.com\\\/wp-content\\\/uploads\\\/2023\\\/01\\\/tierra-mallorca-JXI2Ap8dTNc-unsplash-scaled.jpg\",\"articleSection\":[\"Non classifi\u00e9(e)\"],\"inLanguage\":\"fr-FR\"},{\"@type\":\"WebPage\",\"@id\":\"https:\\\/\\\/www.sensorialsunsets.com\\\/fr\\\/une-nouvelle-proposition-du-gouvernement-supprimerait-les-bons-de-logement\\\/\",\"url\":\"https:\\\/\\\/www.sensorialsunsets.com\\\/fr\\\/une-nouvelle-proposition-du-gouvernement-supprimerait-les-bons-de-logement\\\/\",\"name\":\"Une nouvelle proposition du gouvernement supprimerait les bons de logement - SensorialSunsets\",\"isPartOf\":{\"@id\":\"https:\\\/\\\/www.sensorialsunsets.com\\\/fr\\\/#website\"},\"primaryImageOfPage\":{\"@id\":\"https:\\\/\\\/www.sensorialsunsets.com\\\/fr\\\/une-nouvelle-proposition-du-gouvernement-supprimerait-les-bons-de-logement\\\/#primaryimage\"},\"image\":{\"@id\":\"https:\\\/\\\/www.sensorialsunsets.com\\\/fr\\\/une-nouvelle-proposition-du-gouvernement-supprimerait-les-bons-de-logement\\\/#primaryimage\"},\"thumbnailUrl\":\"https:\\\/\\\/www.sensorialsunsets.com\\\/wp-content\\\/uploads\\\/2023\\\/01\\\/tierra-mallorca-JXI2Ap8dTNc-unsplash-scaled.jpg\",\"datePublished\":\"2023-01-25T15:49:39+00:00\",\"dateModified\":\"2023-01-25T15:49:40+00:00\",\"description\":\"Le gouvernement costaricien a propos\u00e9 la cr\u00e9ation d'une nouvelle entit\u00e9 d\u00e9di\u00e9e au secteur du logement et de l'urbanisme, mais pourrait supprimer le bon de logement.\",\"inLanguage\":\"fr-FR\",\"potentialAction\":[{\"@type\":\"ReadAction\",\"target\":[\"https:\\\/\\\/www.sensorialsunsets.com\\\/fr\\\/une-nouvelle-proposition-du-gouvernement-supprimerait-les-bons-de-logement\\\/\"]}]},{\"@type\":\"ImageObject\",\"inLanguage\":\"fr-FR\",\"@id\":\"https:\\\/\\\/www.sensorialsunsets.com\\\/fr\\\/une-nouvelle-proposition-du-gouvernement-supprimerait-les-bons-de-logement\\\/#primaryimage\",\"url\":\"https:\\\/\\\/www.sensorialsunsets.com\\\/wp-content\\\/uploads\\\/2023\\\/01\\\/tierra-mallorca-JXI2Ap8dTNc-unsplash-scaled.jpg\",\"contentUrl\":\"https:\\\/\\\/www.sensorialsunsets.com\\\/wp-content\\\/uploads\\\/2023\\\/01\\\/tierra-mallorca-JXI2Ap8dTNc-unsplash-scaled.jpg\",\"width\":2560,\"height\":1922},{\"@type\":\"WebSite\",\"@id\":\"https:\\\/\\\/www.sensorialsunsets.com\\\/fr\\\/#website\",\"url\":\"https:\\\/\\\/www.sensorialsunsets.com\\\/fr\\\/\",\"name\":\"SensorialSunsets.com\",\"description\":\"D\u00e9couvrez la culture et la soci\u00e9t\u00e9 du Costa Rica sur notre blog. Explorez des articles captivants et partagez le contenu.\",\"publisher\":{\"@id\":\"https:\\\/\\\/www.sensorialsunsets.com\\\/fr\\\/#organization\"},\"alternateName\":\"Costa Rica Live Blog\",\"potentialAction\":[{\"@type\":\"SearchAction\",\"target\":{\"@type\":\"EntryPoint\",\"urlTemplate\":\"https:\\\/\\\/www.sensorialsunsets.com\\\/fr\\\/?s={search_term_string}\"},\"query-input\":{\"@type\":\"PropertyValueSpecification\",\"valueRequired\":true,\"valueName\":\"search_term_string\"}}],\"inLanguage\":\"fr-FR\"},{\"@type\":\"Organization\",\"@id\":\"https:\\\/\\\/www.sensorialsunsets.com\\\/fr\\\/#organization\",\"name\":\"SensorialSunsets\",\"url\":\"https:\\\/\\\/www.sensorialsunsets.com\\\/fr\\\/\",\"logo\":{\"@type\":\"ImageObject\",\"inLanguage\":\"fr-FR\",\"@id\":\"https:\\\/\\\/www.sensorialsunsets.com\\\/fr\\\/#\\\/schema\\\/logo\\\/image\\\/\",\"url\":\"https:\\\/\\\/www.sensorialsunsets.com\\\/wp-content\\\/uploads\\\/2023\\\/04\\\/Logo_base_line_fond_clair.svg\",\"contentUrl\":\"https:\\\/\\\/www.sensorialsunsets.com\\\/wp-content\\\/uploads\\\/2023\\\/04\\\/Logo_base_line_fond_clair.svg\",\"width\":\"1024\",\"height\":\"1024\",\"caption\":\"SensorialSunsets\"},\"image\":{\"@id\":\"https:\\\/\\\/www.sensorialsunsets.com\\\/fr\\\/#\\\/schema\\\/logo\\\/image\\\/\"},\"sameAs\":[\"https:\\\/\\\/www.facebook.com\\\/Sensorial-Sunsets-109180614715562\",\"https:\\\/\\\/www.instagram.com\\\/sensorialsunsets\\\/\"]},{\"@type\":\"Person\",\"@id\":\"https:\\\/\\\/www.sensorialsunsets.com\\\/fr\\\/#\\\/schema\\\/person\\\/77e2fa594135aa94024c47e281d8a94d\",\"name\":\"Sensorial Sunsets\",\"image\":{\"@type\":\"ImageObject\",\"inLanguage\":\"fr-FR\",\"@id\":\"https:\\\/\\\/secure.gravatar.com\\\/avatar\\\/5f2d62681b1dad94c28f1500d4fc75582acdfd32b55fd1acce0a36a3c487eabe?s=96&d=mm&r=g\",\"url\":\"https:\\\/\\\/secure.gravatar.com\\\/avatar\\\/5f2d62681b1dad94c28f1500d4fc75582acdfd32b55fd1acce0a36a3c487eabe?s=96&d=mm&r=g\",\"contentUrl\":\"https:\\\/\\\/secure.gravatar.com\\\/avatar\\\/5f2d62681b1dad94c28f1500d4fc75582acdfd32b55fd1acce0a36a3c487eabe?s=96&d=mm&r=g\",\"caption\":\"Sensorial Sunsets\"},\"url\":\"https:\\\/\\\/www.sensorialsunsets.com\\\/fr\\\/author\\\/asistentes-sensorial-sunsets\\\/\"}]}<\/script>\n<!-- \/ Yoast SEO plugin. -->","yoast_head_json":{"title":"Une nouvelle proposition du gouvernement supprimerait les bons de logement - SensorialSunsets","description":"Le gouvernement costaricien a propos\u00e9 la cr\u00e9ation d'une nouvelle entit\u00e9 d\u00e9di\u00e9e au secteur du logement et de l'urbanisme, mais pourrait supprimer le bon de logement.","robots":{"index":"index","follow":"follow","max-snippet":"max-snippet:-1","max-image-preview":"max-image-preview:large","max-video-preview":"max-video-preview:-1"},"canonical":"https:\/\/www.sensorialsunsets.com\/fr\/une-nouvelle-proposition-du-gouvernement-supprimerait-les-bons-de-logement\/","og_locale":"fr_FR","og_type":"article","og_title":"Une nouvelle proposition du gouvernement supprimerait les bons de logement - SensorialSunsets","og_description":"Le gouvernement costaricien a propos\u00e9 la cr\u00e9ation d'une nouvelle entit\u00e9 d\u00e9di\u00e9e au secteur du logement et de l'urbanisme, mais pourrait supprimer le bon de logement.","og_url":"https:\/\/www.sensorialsunsets.com\/fr\/une-nouvelle-proposition-du-gouvernement-supprimerait-les-bons-de-logement\/","og_site_name":"SensorialSunsets","article_publisher":"https:\/\/www.facebook.com\/Sensorial-Sunsets-109180614715562","article_published_time":"2023-01-25T15:49:39+00:00","article_modified_time":"2023-01-25T15:49:40+00:00","og_image":[{"width":2560,"height":1922,"url":"https:\/\/www.sensorialsunsets.com\/wp-content\/uploads\/2023\/01\/tierra-mallorca-JXI2Ap8dTNc-unsplash-scaled.jpg","type":"image\/jpeg"}],"author":"Sensorial Sunsets","twitter_card":"summary_large_image","twitter_misc":{"\u00c9crit par":"Sensorial Sunsets","Dur\u00e9e de lecture estim\u00e9e":"3 minutes"},"schema":{"@context":"https:\/\/schema.org","@graph":[{"@type":"Article","@id":"https:\/\/www.sensorialsunsets.com\/fr\/une-nouvelle-proposition-du-gouvernement-supprimerait-les-bons-de-logement\/#article","isPartOf":{"@id":"https:\/\/www.sensorialsunsets.com\/fr\/une-nouvelle-proposition-du-gouvernement-supprimerait-les-bons-de-logement\/"},"author":{"name":"Sensorial Sunsets","@id":"https:\/\/www.sensorialsunsets.com\/fr\/#\/schema\/person\/77e2fa594135aa94024c47e281d8a94d"},"headline":"Une nouvelle proposition du gouvernement supprimerait les bons de logement","datePublished":"2023-01-25T15:49:39+00:00","dateModified":"2023-01-25T15:49:40+00:00","mainEntityOfPage":{"@id":"https:\/\/www.sensorialsunsets.com\/fr\/une-nouvelle-proposition-du-gouvernement-supprimerait-les-bons-de-logement\/"},"wordCount":658,"publisher":{"@id":"https:\/\/www.sensorialsunsets.com\/fr\/#organization"},"image":{"@id":"https:\/\/www.sensorialsunsets.com\/fr\/une-nouvelle-proposition-du-gouvernement-supprimerait-les-bons-de-logement\/#primaryimage"},"thumbnailUrl":"https:\/\/www.sensorialsunsets.com\/wp-content\/uploads\/2023\/01\/tierra-mallorca-JXI2Ap8dTNc-unsplash-scaled.jpg","articleSection":["Non classifi\u00e9(e)"],"inLanguage":"fr-FR"},{"@type":"WebPage","@id":"https:\/\/www.sensorialsunsets.com\/fr\/une-nouvelle-proposition-du-gouvernement-supprimerait-les-bons-de-logement\/","url":"https:\/\/www.sensorialsunsets.com\/fr\/une-nouvelle-proposition-du-gouvernement-supprimerait-les-bons-de-logement\/","name":"Une nouvelle proposition du gouvernement supprimerait les bons de logement - SensorialSunsets","isPartOf":{"@id":"https:\/\/www.sensorialsunsets.com\/fr\/#website"},"primaryImageOfPage":{"@id":"https:\/\/www.sensorialsunsets.com\/fr\/une-nouvelle-proposition-du-gouvernement-supprimerait-les-bons-de-logement\/#primaryimage"},"image":{"@id":"https:\/\/www.sensorialsunsets.com\/fr\/une-nouvelle-proposition-du-gouvernement-supprimerait-les-bons-de-logement\/#primaryimage"},"thumbnailUrl":"https:\/\/www.sensorialsunsets.com\/wp-content\/uploads\/2023\/01\/tierra-mallorca-JXI2Ap8dTNc-unsplash-scaled.jpg","datePublished":"2023-01-25T15:49:39+00:00","dateModified":"2023-01-25T15:49:40+00:00","description":"Le gouvernement costaricien a propos\u00e9 la cr\u00e9ation d'une nouvelle entit\u00e9 d\u00e9di\u00e9e au secteur du logement et de l'urbanisme, mais pourrait supprimer le bon de logement.","inLanguage":"fr-FR","potentialAction":[{"@type":"ReadAction","target":["https:\/\/www.sensorialsunsets.com\/fr\/une-nouvelle-proposition-du-gouvernement-supprimerait-les-bons-de-logement\/"]}]},{"@type":"ImageObject","inLanguage":"fr-FR","@id":"https:\/\/www.sensorialsunsets.com\/fr\/une-nouvelle-proposition-du-gouvernement-supprimerait-les-bons-de-logement\/#primaryimage","url":"https:\/\/www.sensorialsunsets.com\/wp-content\/uploads\/2023\/01\/tierra-mallorca-JXI2Ap8dTNc-unsplash-scaled.jpg","contentUrl":"https:\/\/www.sensorialsunsets.com\/wp-content\/uploads\/2023\/01\/tierra-mallorca-JXI2Ap8dTNc-unsplash-scaled.jpg","width":2560,"height":1922},{"@type":"WebSite","@id":"https:\/\/www.sensorialsunsets.com\/fr\/#website","url":"https:\/\/www.sensorialsunsets.com\/fr\/","name":"SensorialSunsets.com","description":"D\u00e9couvrez la culture et la soci\u00e9t\u00e9 du Costa Rica sur notre blog. Explorez des articles captivants et partagez le contenu.","publisher":{"@id":"https:\/\/www.sensorialsunsets.com\/fr\/#organization"},"alternateName":"Costa Rica Live Blog","potentialAction":[{"@type":"SearchAction","target":{"@type":"EntryPoint","urlTemplate":"https:\/\/www.sensorialsunsets.com\/fr\/?s={search_term_string}"},"query-input":{"@type":"PropertyValueSpecification","valueRequired":true,"valueName":"search_term_string"}}],"inLanguage":"fr-FR"},{"@type":"Organization","@id":"https:\/\/www.sensorialsunsets.com\/fr\/#organization","name":"SensorialSunsets","url":"https:\/\/www.sensorialsunsets.com\/fr\/","logo":{"@type":"ImageObject","inLanguage":"fr-FR","@id":"https:\/\/www.sensorialsunsets.com\/fr\/#\/schema\/logo\/image\/","url":"https:\/\/www.sensorialsunsets.com\/wp-content\/uploads\/2023\/04\/Logo_base_line_fond_clair.svg","contentUrl":"https:\/\/www.sensorialsunsets.com\/wp-content\/uploads\/2023\/04\/Logo_base_line_fond_clair.svg","width":"1024","height":"1024","caption":"SensorialSunsets"},"image":{"@id":"https:\/\/www.sensorialsunsets.com\/fr\/#\/schema\/logo\/image\/"},"sameAs":["https:\/\/www.facebook.com\/Sensorial-Sunsets-109180614715562","https:\/\/www.instagram.com\/sensorialsunsets\/"]},{"@type":"Person","@id":"https:\/\/www.sensorialsunsets.com\/fr\/#\/schema\/person\/77e2fa594135aa94024c47e281d8a94d","name":"Sensorial Sunsets","image":{"@type":"ImageObject","inLanguage":"fr-FR","@id":"https:\/\/secure.gravatar.com\/avatar\/5f2d62681b1dad94c28f1500d4fc75582acdfd32b55fd1acce0a36a3c487eabe?s=96&d=mm&r=g","url":"https:\/\/secure.gravatar.com\/avatar\/5f2d62681b1dad94c28f1500d4fc75582acdfd32b55fd1acce0a36a3c487eabe?s=96&d=mm&r=g","contentUrl":"https:\/\/secure.gravatar.com\/avatar\/5f2d62681b1dad94c28f1500d4fc75582acdfd32b55fd1acce0a36a3c487eabe?s=96&d=mm&r=g","caption":"Sensorial Sunsets"},"url":"https:\/\/www.sensorialsunsets.com\/fr\/author\/asistentes-sensorial-sunsets\/"}]}},"_links":{"self":[{"href":"https:\/\/www.sensorialsunsets.com\/fr\/wp-json\/wp\/v2\/posts\/5179","targetHints":{"allow":["GET"]}}],"collection":[{"href":"https:\/\/www.sensorialsunsets.com\/fr\/wp-json\/wp\/v2\/posts"}],"about":[{"href":"https:\/\/www.sensorialsunsets.com\/fr\/wp-json\/wp\/v2\/types\/post"}],"author":[{"embeddable":true,"href":"https:\/\/www.sensorialsunsets.com\/fr\/wp-json\/wp\/v2\/users\/4"}],"replies":[{"embeddable":true,"href":"https:\/\/www.sensorialsunsets.com\/fr\/wp-json\/wp\/v2\/comments?post=5179"}],"version-history":[{"count":0,"href":"https:\/\/www.sensorialsunsets.com\/fr\/wp-json\/wp\/v2\/posts\/5179\/revisions"}],"wp:featuredmedia":[{"embeddable":true,"href":"https:\/\/www.sensorialsunsets.com\/fr\/wp-json\/wp\/v2\/media\/5173"}],"wp:attachment":[{"href":"https:\/\/www.sensorialsunsets.com\/fr\/wp-json\/wp\/v2\/media?parent=5179"}],"wp:term":[{"taxonomy":"category","embeddable":true,"href":"https:\/\/www.sensorialsunsets.com\/fr\/wp-json\/wp\/v2\/categories?post=5179"},{"taxonomy":"post_tag","embeddable":true,"href":"https:\/\/www.sensorialsunsets.com\/fr\/wp-json\/wp\/v2\/tags?post=5179"}],"curies":[{"name":"wp","href":"https:\/\/api.w.org\/{rel}","templated":true}]}}