{"id":5512,"date":"2023-02-10T16:56:55","date_gmt":"2023-02-10T22:56:55","guid":{"rendered":"https:\/\/www.sensorialsunsets.com\/?p=5512"},"modified":"2023-02-10T16:56:56","modified_gmt":"2023-02-10T22:56:56","slug":"biennales-darchitecture-au-costa-rica","status":"publish","type":"post","link":"https:\/\/www.sensorialsunsets.com\/fr\/biennales-darchitecture-au-costa-rica\/","title":{"rendered":"Biennales d&rsquo;architecture au Costa Rica"},"content":{"rendered":"\n<p><em>Texte extrait de la lettre d&rsquo;information du Mus\u00e9e d&rsquo;art et de design contemporain<\/em><\/p>\n\n\n\n<p>En 1992, le Coll\u00e8ge d&rsquo;Architectes du Costa Rica (CACR) a pris en charge la gestion et le d\u00e9veloppement de la premi\u00e8re biennale d&rsquo;architecture du pays. Depuis lors, l&rsquo;\u00e9v\u00e9nement s&rsquo;est tenu sans interruption tous les deux ans pendant trois d\u00e9cennies ; totalisant, d&rsquo;ici 2022, un total de seize \u00e9ditions destin\u00e9es exclusivement au domaine professionnel de la discipline et dix autres pour les \u00e9tudiants.<\/p>\n\n\n\n<p>De mani\u00e8re g\u00e9n\u00e9rale, cet \u00e9v\u00e9nement a \u00e9t\u00e9 charg\u00e9 d&rsquo;exposer et de diffuser une partie de la production architecturale nationale et, dans une moindre mesure, internationale, tout en se consolidant comme une plateforme de l\u00e9gitimation des discours, des pr\u00e9occupations, des esth\u00e9tiques et m\u00eame des tendances architecturales. Cela a permis de renforcer une plateforme o\u00f9 non seulement un large \u00e9ventail d&rsquo;architectures est expos\u00e9, mais aussi, d&rsquo;une certaine mani\u00e8re, a fa\u00e7onn\u00e9 le d\u00e9veloppement de la discipline au Costa Rica.<\/p>\n\n\n<div class=\"wp-block-image\">\n<figure class=\"alignleft size-large is-resized\"><img loading=\"lazy\" decoding=\"async\" src=\"https:\/\/www.sensorialsunsets.com\/wp-content\/uploads\/2023\/02\/20230210_104123-Modifie-1024x768.png\" alt=\"\" class=\"wp-image-5498\" width=\"419\" height=\"314\" srcset=\"https:\/\/www.sensorialsunsets.com\/wp-content\/uploads\/2023\/02\/20230210_104123-Modifie-1024x768.png 1024w, https:\/\/www.sensorialsunsets.com\/wp-content\/uploads\/2023\/02\/20230210_104123-Modifie-300x225.png 300w, https:\/\/www.sensorialsunsets.com\/wp-content\/uploads\/2023\/02\/20230210_104123-Modifie-768x576.png 768w, https:\/\/www.sensorialsunsets.com\/wp-content\/uploads\/2023\/02\/20230210_104123-Modifie-1536x1152.png 1536w, https:\/\/www.sensorialsunsets.com\/wp-content\/uploads\/2023\/02\/20230210_104123-Modifie-1320x990.png 1320w, https:\/\/www.sensorialsunsets.com\/wp-content\/uploads\/2023\/02\/20230210_104123-Modifie.png 1600w\" sizes=\"auto, (max-width: 419px) 100vw, 419px\" \/><\/figure>\n<\/div>\n\n\n<p>Pr\u00e8s de deux ans apr\u00e8s la cr\u00e9ation de cet \u00e9v\u00e9nement, le Mus\u00e9e d&rsquo;art contemporain et de design (MADC) a \u00e9t\u00e9 fond\u00e9 et, quelques ann\u00e9es plus tard, l&rsquo;une de ses \u00e9ditions (1996) s&rsquo;est tenue dans les installations du Centre national de la culture (CENAC). \u00c0 cette occasion, trente ans apr\u00e8s l&rsquo;\u00e9mergence du mod\u00e8le de la Biennale d&rsquo;architecture au Costa Rica, \u00e0 travers Un projet de tendances : 30 ans de biennales d&rsquo;architecture au Costa Rica, le MADC propose une r\u00e9vision de cet ensemble d&rsquo;activit\u00e9s, de leurs qualit\u00e9s et de certains des projets et trajectoires qui ont \u00e9t\u00e9 r\u00e9compens\u00e9s dans le cadre de celles-ci &#8211; que ce soit avec le Grand Prix Biennale, dans certaines des cat\u00e9gories d\u00e9finies pour les \u00e9v\u00e9nements, dans les reconnaissances institutionnelles commerciales et techniques, ou \u00e0 travers le prix national d&rsquo;architecture Jos\u00e9 Mar\u00eda Barrantes, d\u00e9cern\u00e9 depuis 2006 dans le cadre de la Biennale.<\/p>\n\n\n\n<p>Au moyen d&rsquo;un ensemble de maquettes, d&rsquo;esquisses, de plans, de sch\u00e9mas, de photographies et d&rsquo;autres mat\u00e9riaux li\u00e9s \u00e0 une s\u00e9rie s\u00e9lectionn\u00e9e de projets nationaux, l&rsquo;objectif est d&rsquo;exposer, et d&rsquo;une certaine mani\u00e8re d&rsquo;humaniser et de socialiser, une partie des processus cr\u00e9atifs \u00e0 l&rsquo;origine de certains des projets prim\u00e9s lors des Biennales d&rsquo;architecture du Costa Rica, ainsi que de montrer qui ont \u00e9t\u00e9 les architectes qui ont influenc\u00e9 le d\u00e9veloppement de la discipline dans le pays. L&rsquo;intention est \u00e9galement de mettre \u00e0 la disposition du public des \u00e9l\u00e9ments qui ne circulent pas normalement, des \u00e9l\u00e9ments qui font r\u00e9f\u00e9rence \u00e0 certaines \u00e9tapes du d\u00e9veloppement d&rsquo;une id\u00e9e ou d&rsquo;une approche architecturale et qui sont habituellement conserv\u00e9s dans les bureaux ou les studios d&rsquo;architecture qui les con\u00e7oivent.<\/p>\n\n\n\n<p>Un projet de tendances : 30 ans de biennales d&rsquo;architecture au Costa Rica, correspond \u00e0 la premi\u00e8re r\u00e9vision de la production architecturale pr\u00e9sent\u00e9e dans ces \u00e9v\u00e9nements et, sans aucun doute, repr\u00e9sente la possibilit\u00e9 de renforcer l&rsquo;int\u00e9r\u00eat du MADC pour les processus de recherche dans les diff\u00e9rents domaines qui font partie de son champ d&rsquo;action &#8211; dans ce cas, la conception architecturale. En effet, cet exercice curatorial propose une s\u00e9rie de questions qui se posent comme point de d\u00e9part, face \u00e0 un sujet peu explor\u00e9 dans le pays : l&rsquo;exposition d&rsquo;architectures. Il convient donc de se demander : pourquoi les architectures sont-elles expos\u00e9es ? Qui est charg\u00e9 d&rsquo;assumer la t\u00e2che de montrer ce qui se r\u00e9f\u00e8re \u00e0 la conception architecturale ? Comment est expos\u00e9 &#8211; ou, devrait \u00eatre expos\u00e9 &#8211; ce qui est li\u00e9 \u00e0 cette discipline ? Quels r\u00e9cits, discours ou tendances architecturales ont \u00e9t\u00e9 l\u00e9gitim\u00e9s par les Biennales d&rsquo;architecture du Costa Rica ?<\/p>\n\n\n\n<figure class=\"wp-block-image alignfull size-large\"><img loading=\"lazy\" decoding=\"async\" width=\"1024\" height=\"504\" src=\"https:\/\/www.sensorialsunsets.com\/wp-content\/uploads\/2023\/02\/WhatsApp-Image-2023-02-10-at-3.05.33-PM-Modifie-1024x504.png\" alt=\"\" class=\"wp-image-5504\" srcset=\"https:\/\/www.sensorialsunsets.com\/wp-content\/uploads\/2023\/02\/WhatsApp-Image-2023-02-10-at-3.05.33-PM-Modifie-1024x504.png 1024w, https:\/\/www.sensorialsunsets.com\/wp-content\/uploads\/2023\/02\/WhatsApp-Image-2023-02-10-at-3.05.33-PM-Modifie-300x148.png 300w, https:\/\/www.sensorialsunsets.com\/wp-content\/uploads\/2023\/02\/WhatsApp-Image-2023-02-10-at-3.05.33-PM-Modifie-768x378.png 768w, https:\/\/www.sensorialsunsets.com\/wp-content\/uploads\/2023\/02\/WhatsApp-Image-2023-02-10-at-3.05.33-PM-Modifie-1536x756.png 1536w, https:\/\/www.sensorialsunsets.com\/wp-content\/uploads\/2023\/02\/WhatsApp-Image-2023-02-10-at-3.05.33-PM-Modifie-1320x650.png 1320w, https:\/\/www.sensorialsunsets.com\/wp-content\/uploads\/2023\/02\/WhatsApp-Image-2023-02-10-at-3.05.33-PM-Modifie.png 1600w\" sizes=\"auto, (max-width: 1024px) 100vw, 1024px\" \/><\/figure>\n\n\n\n<p><strong>Sensorial Sunsets<\/strong><\/p>\n","protected":false},"excerpt":{"rendered":"<p>Texte extrait de la lettre d&rsquo;information du Mus\u00e9e d&rsquo;art et de design contemporain En 1992, le Coll\u00e8ge d&rsquo;Architectes du Costa Rica (CACR) a pris en charge la gestion et le d\u00e9veloppement de la premi\u00e8re biennale d&rsquo;architecture du pays. Depuis lors, l&rsquo;\u00e9v\u00e9nement s&rsquo;est tenu sans interruption tous les deux ans pendant trois d\u00e9cennies ; totalisant, d&rsquo;ici [&hellip;]<\/p>\n","protected":false},"author":4,"featured_media":5497,"comment_status":"closed","ping_status":"closed","sticky":false,"template":"","format":"standard","meta":{"_acf_changed":false,"inline_featured_image":false,"_monsterinsights_skip_tracking":false,"_monsterinsights_sitenote_active":false,"_monsterinsights_sitenote_note":"","_monsterinsights_sitenote_category":0,"footnotes":""},"categories":[1],"tags":[],"class_list":["post-5512","post","type-post","status-publish","format-standard","has-post-thumbnail","hentry","category-non-classifiee"],"acf":[],"yoast_head":"<!-- This site is optimized with the Yoast SEO plugin v27.4 - https:\/\/yoast.com\/product\/yoast-seo-wordpress\/ -->\n<title>Biennales d&#039;architecture au Costa Rica - SensorialSunsets<\/title>\n<meta name=\"description\" content=\"We visited the exhibition A Project of Trends: 30 years of architecture biennials in Costa Rica. Learn more about this project.\" \/>\n<meta name=\"robots\" content=\"index, follow, max-snippet:-1, max-image-preview:large, max-video-preview:-1\" \/>\n<link rel=\"canonical\" href=\"https:\/\/www.sensorialsunsets.com\/fr\/biennales-darchitecture-au-costa-rica\/\" \/>\n<meta property=\"og:locale\" content=\"fr_FR\" \/>\n<meta property=\"og:type\" content=\"article\" \/>\n<meta property=\"og:title\" content=\"Biennales d&#039;architecture au Costa Rica - SensorialSunsets\" \/>\n<meta property=\"og:description\" content=\"We visited the exhibition A Project of Trends: 30 years of architecture biennials in Costa Rica. Learn more about this project.\" \/>\n<meta property=\"og:url\" content=\"https:\/\/www.sensorialsunsets.com\/fr\/biennales-darchitecture-au-costa-rica\/\" \/>\n<meta property=\"og:site_name\" content=\"SensorialSunsets\" \/>\n<meta property=\"article:publisher\" content=\"https:\/\/www.facebook.com\/Sensorial-Sunsets-109180614715562\" \/>\n<meta property=\"article:published_time\" content=\"2023-02-10T22:56:55+00:00\" \/>\n<meta property=\"article:modified_time\" content=\"2023-02-10T22:56:56+00:00\" \/>\n<meta property=\"og:image\" content=\"https:\/\/www.sensorialsunsets.com\/wp-content\/uploads\/2023\/02\/20230210_104218-Modifie-1024x768.png\" \/>\n\t<meta property=\"og:image:width\" content=\"1024\" \/>\n\t<meta property=\"og:image:height\" content=\"768\" \/>\n\t<meta property=\"og:image:type\" content=\"image\/png\" \/>\n<meta name=\"author\" content=\"Sensorial Sunsets\" \/>\n<meta name=\"twitter:card\" content=\"summary_large_image\" \/>\n<meta name=\"twitter:label1\" content=\"\u00c9crit par\" \/>\n\t<meta name=\"twitter:data1\" content=\"Sensorial Sunsets\" \/>\n\t<meta name=\"twitter:label2\" content=\"Dur\u00e9e de lecture estim\u00e9e\" \/>\n\t<meta name=\"twitter:data2\" content=\"3 minutes\" \/>\n<script type=\"application\/ld+json\" class=\"yoast-schema-graph\">{\"@context\":\"https:\\\/\\\/schema.org\",\"@graph\":[{\"@type\":\"Article\",\"@id\":\"https:\\\/\\\/www.sensorialsunsets.com\\\/fr\\\/biennales-darchitecture-au-costa-rica\\\/#article\",\"isPartOf\":{\"@id\":\"https:\\\/\\\/www.sensorialsunsets.com\\\/fr\\\/biennales-darchitecture-au-costa-rica\\\/\"},\"author\":{\"name\":\"Sensorial Sunsets\",\"@id\":\"https:\\\/\\\/www.sensorialsunsets.com\\\/fr\\\/#\\\/schema\\\/person\\\/77e2fa594135aa94024c47e281d8a94d\"},\"headline\":\"Biennales d&rsquo;architecture au Costa Rica\",\"datePublished\":\"2023-02-10T22:56:55+00:00\",\"dateModified\":\"2023-02-10T22:56:56+00:00\",\"mainEntityOfPage\":{\"@id\":\"https:\\\/\\\/www.sensorialsunsets.com\\\/fr\\\/biennales-darchitecture-au-costa-rica\\\/\"},\"wordCount\":664,\"publisher\":{\"@id\":\"https:\\\/\\\/www.sensorialsunsets.com\\\/fr\\\/#organization\"},\"image\":{\"@id\":\"https:\\\/\\\/www.sensorialsunsets.com\\\/fr\\\/biennales-darchitecture-au-costa-rica\\\/#primaryimage\"},\"thumbnailUrl\":\"https:\\\/\\\/www.sensorialsunsets.com\\\/wp-content\\\/uploads\\\/2023\\\/02\\\/20230210_104218-Modifie.png\",\"articleSection\":[\"Non classifi\u00e9(e)\"],\"inLanguage\":\"fr-FR\"},{\"@type\":\"WebPage\",\"@id\":\"https:\\\/\\\/www.sensorialsunsets.com\\\/fr\\\/biennales-darchitecture-au-costa-rica\\\/\",\"url\":\"https:\\\/\\\/www.sensorialsunsets.com\\\/fr\\\/biennales-darchitecture-au-costa-rica\\\/\",\"name\":\"Biennales d'architecture au Costa Rica - SensorialSunsets\",\"isPartOf\":{\"@id\":\"https:\\\/\\\/www.sensorialsunsets.com\\\/fr\\\/#website\"},\"primaryImageOfPage\":{\"@id\":\"https:\\\/\\\/www.sensorialsunsets.com\\\/fr\\\/biennales-darchitecture-au-costa-rica\\\/#primaryimage\"},\"image\":{\"@id\":\"https:\\\/\\\/www.sensorialsunsets.com\\\/fr\\\/biennales-darchitecture-au-costa-rica\\\/#primaryimage\"},\"thumbnailUrl\":\"https:\\\/\\\/www.sensorialsunsets.com\\\/wp-content\\\/uploads\\\/2023\\\/02\\\/20230210_104218-Modifie.png\",\"datePublished\":\"2023-02-10T22:56:55+00:00\",\"dateModified\":\"2023-02-10T22:56:56+00:00\",\"description\":\"We visited the exhibition A Project of Trends: 30 years of architecture biennials in Costa Rica. Learn more about this project.\",\"inLanguage\":\"fr-FR\",\"potentialAction\":[{\"@type\":\"ReadAction\",\"target\":[\"https:\\\/\\\/www.sensorialsunsets.com\\\/fr\\\/biennales-darchitecture-au-costa-rica\\\/\"]}]},{\"@type\":\"ImageObject\",\"inLanguage\":\"fr-FR\",\"@id\":\"https:\\\/\\\/www.sensorialsunsets.com\\\/fr\\\/biennales-darchitecture-au-costa-rica\\\/#primaryimage\",\"url\":\"https:\\\/\\\/www.sensorialsunsets.com\\\/wp-content\\\/uploads\\\/2023\\\/02\\\/20230210_104218-Modifie.png\",\"contentUrl\":\"https:\\\/\\\/www.sensorialsunsets.com\\\/wp-content\\\/uploads\\\/2023\\\/02\\\/20230210_104218-Modifie.png\",\"width\":1600,\"height\":1200},{\"@type\":\"WebSite\",\"@id\":\"https:\\\/\\\/www.sensorialsunsets.com\\\/fr\\\/#website\",\"url\":\"https:\\\/\\\/www.sensorialsunsets.com\\\/fr\\\/\",\"name\":\"SensorialSunsets.com\",\"description\":\"D\u00e9couvrez la culture et la soci\u00e9t\u00e9 du Costa Rica sur notre blog. Explorez des articles captivants et partagez le contenu.\",\"publisher\":{\"@id\":\"https:\\\/\\\/www.sensorialsunsets.com\\\/fr\\\/#organization\"},\"alternateName\":\"Costa Rica Live Blog\",\"potentialAction\":[{\"@type\":\"SearchAction\",\"target\":{\"@type\":\"EntryPoint\",\"urlTemplate\":\"https:\\\/\\\/www.sensorialsunsets.com\\\/fr\\\/?s={search_term_string}\"},\"query-input\":{\"@type\":\"PropertyValueSpecification\",\"valueRequired\":true,\"valueName\":\"search_term_string\"}}],\"inLanguage\":\"fr-FR\"},{\"@type\":\"Organization\",\"@id\":\"https:\\\/\\\/www.sensorialsunsets.com\\\/fr\\\/#organization\",\"name\":\"SensorialSunsets\",\"url\":\"https:\\\/\\\/www.sensorialsunsets.com\\\/fr\\\/\",\"logo\":{\"@type\":\"ImageObject\",\"inLanguage\":\"fr-FR\",\"@id\":\"https:\\\/\\\/www.sensorialsunsets.com\\\/fr\\\/#\\\/schema\\\/logo\\\/image\\\/\",\"url\":\"https:\\\/\\\/www.sensorialsunsets.com\\\/wp-content\\\/uploads\\\/2023\\\/04\\\/Logo_base_line_fond_clair.svg\",\"contentUrl\":\"https:\\\/\\\/www.sensorialsunsets.com\\\/wp-content\\\/uploads\\\/2023\\\/04\\\/Logo_base_line_fond_clair.svg\",\"width\":\"1024\",\"height\":\"1024\",\"caption\":\"SensorialSunsets\"},\"image\":{\"@id\":\"https:\\\/\\\/www.sensorialsunsets.com\\\/fr\\\/#\\\/schema\\\/logo\\\/image\\\/\"},\"sameAs\":[\"https:\\\/\\\/www.facebook.com\\\/Sensorial-Sunsets-109180614715562\",\"https:\\\/\\\/www.instagram.com\\\/sensorialsunsets\\\/\"]},{\"@type\":\"Person\",\"@id\":\"https:\\\/\\\/www.sensorialsunsets.com\\\/fr\\\/#\\\/schema\\\/person\\\/77e2fa594135aa94024c47e281d8a94d\",\"name\":\"Sensorial Sunsets\",\"image\":{\"@type\":\"ImageObject\",\"inLanguage\":\"fr-FR\",\"@id\":\"https:\\\/\\\/secure.gravatar.com\\\/avatar\\\/5f2d62681b1dad94c28f1500d4fc75582acdfd32b55fd1acce0a36a3c487eabe?s=96&d=mm&r=g\",\"url\":\"https:\\\/\\\/secure.gravatar.com\\\/avatar\\\/5f2d62681b1dad94c28f1500d4fc75582acdfd32b55fd1acce0a36a3c487eabe?s=96&d=mm&r=g\",\"contentUrl\":\"https:\\\/\\\/secure.gravatar.com\\\/avatar\\\/5f2d62681b1dad94c28f1500d4fc75582acdfd32b55fd1acce0a36a3c487eabe?s=96&d=mm&r=g\",\"caption\":\"Sensorial Sunsets\"},\"url\":\"https:\\\/\\\/www.sensorialsunsets.com\\\/fr\\\/author\\\/asistentes-sensorial-sunsets\\\/\"}]}<\/script>\n<!-- \/ Yoast SEO plugin. -->","yoast_head_json":{"title":"Biennales d'architecture au Costa Rica - SensorialSunsets","description":"We visited the exhibition A Project of Trends: 30 years of architecture biennials in Costa Rica. Learn more about this project.","robots":{"index":"index","follow":"follow","max-snippet":"max-snippet:-1","max-image-preview":"max-image-preview:large","max-video-preview":"max-video-preview:-1"},"canonical":"https:\/\/www.sensorialsunsets.com\/fr\/biennales-darchitecture-au-costa-rica\/","og_locale":"fr_FR","og_type":"article","og_title":"Biennales d'architecture au Costa Rica - SensorialSunsets","og_description":"We visited the exhibition A Project of Trends: 30 years of architecture biennials in Costa Rica. Learn more about this project.","og_url":"https:\/\/www.sensorialsunsets.com\/fr\/biennales-darchitecture-au-costa-rica\/","og_site_name":"SensorialSunsets","article_publisher":"https:\/\/www.facebook.com\/Sensorial-Sunsets-109180614715562","article_published_time":"2023-02-10T22:56:55+00:00","article_modified_time":"2023-02-10T22:56:56+00:00","og_image":[{"width":1024,"height":768,"url":"https:\/\/www.sensorialsunsets.com\/wp-content\/uploads\/2023\/02\/20230210_104218-Modifie-1024x768.png","type":"image\/png"}],"author":"Sensorial Sunsets","twitter_card":"summary_large_image","twitter_misc":{"\u00c9crit par":"Sensorial Sunsets","Dur\u00e9e de lecture estim\u00e9e":"3 minutes"},"schema":{"@context":"https:\/\/schema.org","@graph":[{"@type":"Article","@id":"https:\/\/www.sensorialsunsets.com\/fr\/biennales-darchitecture-au-costa-rica\/#article","isPartOf":{"@id":"https:\/\/www.sensorialsunsets.com\/fr\/biennales-darchitecture-au-costa-rica\/"},"author":{"name":"Sensorial Sunsets","@id":"https:\/\/www.sensorialsunsets.com\/fr\/#\/schema\/person\/77e2fa594135aa94024c47e281d8a94d"},"headline":"Biennales d&rsquo;architecture au Costa Rica","datePublished":"2023-02-10T22:56:55+00:00","dateModified":"2023-02-10T22:56:56+00:00","mainEntityOfPage":{"@id":"https:\/\/www.sensorialsunsets.com\/fr\/biennales-darchitecture-au-costa-rica\/"},"wordCount":664,"publisher":{"@id":"https:\/\/www.sensorialsunsets.com\/fr\/#organization"},"image":{"@id":"https:\/\/www.sensorialsunsets.com\/fr\/biennales-darchitecture-au-costa-rica\/#primaryimage"},"thumbnailUrl":"https:\/\/www.sensorialsunsets.com\/wp-content\/uploads\/2023\/02\/20230210_104218-Modifie.png","articleSection":["Non classifi\u00e9(e)"],"inLanguage":"fr-FR"},{"@type":"WebPage","@id":"https:\/\/www.sensorialsunsets.com\/fr\/biennales-darchitecture-au-costa-rica\/","url":"https:\/\/www.sensorialsunsets.com\/fr\/biennales-darchitecture-au-costa-rica\/","name":"Biennales d'architecture au Costa Rica - SensorialSunsets","isPartOf":{"@id":"https:\/\/www.sensorialsunsets.com\/fr\/#website"},"primaryImageOfPage":{"@id":"https:\/\/www.sensorialsunsets.com\/fr\/biennales-darchitecture-au-costa-rica\/#primaryimage"},"image":{"@id":"https:\/\/www.sensorialsunsets.com\/fr\/biennales-darchitecture-au-costa-rica\/#primaryimage"},"thumbnailUrl":"https:\/\/www.sensorialsunsets.com\/wp-content\/uploads\/2023\/02\/20230210_104218-Modifie.png","datePublished":"2023-02-10T22:56:55+00:00","dateModified":"2023-02-10T22:56:56+00:00","description":"We visited the exhibition A Project of Trends: 30 years of architecture biennials in Costa Rica. Learn more about this project.","inLanguage":"fr-FR","potentialAction":[{"@type":"ReadAction","target":["https:\/\/www.sensorialsunsets.com\/fr\/biennales-darchitecture-au-costa-rica\/"]}]},{"@type":"ImageObject","inLanguage":"fr-FR","@id":"https:\/\/www.sensorialsunsets.com\/fr\/biennales-darchitecture-au-costa-rica\/#primaryimage","url":"https:\/\/www.sensorialsunsets.com\/wp-content\/uploads\/2023\/02\/20230210_104218-Modifie.png","contentUrl":"https:\/\/www.sensorialsunsets.com\/wp-content\/uploads\/2023\/02\/20230210_104218-Modifie.png","width":1600,"height":1200},{"@type":"WebSite","@id":"https:\/\/www.sensorialsunsets.com\/fr\/#website","url":"https:\/\/www.sensorialsunsets.com\/fr\/","name":"SensorialSunsets.com","description":"D\u00e9couvrez la culture et la soci\u00e9t\u00e9 du Costa Rica sur notre blog. Explorez des articles captivants et partagez le contenu.","publisher":{"@id":"https:\/\/www.sensorialsunsets.com\/fr\/#organization"},"alternateName":"Costa Rica Live Blog","potentialAction":[{"@type":"SearchAction","target":{"@type":"EntryPoint","urlTemplate":"https:\/\/www.sensorialsunsets.com\/fr\/?s={search_term_string}"},"query-input":{"@type":"PropertyValueSpecification","valueRequired":true,"valueName":"search_term_string"}}],"inLanguage":"fr-FR"},{"@type":"Organization","@id":"https:\/\/www.sensorialsunsets.com\/fr\/#organization","name":"SensorialSunsets","url":"https:\/\/www.sensorialsunsets.com\/fr\/","logo":{"@type":"ImageObject","inLanguage":"fr-FR","@id":"https:\/\/www.sensorialsunsets.com\/fr\/#\/schema\/logo\/image\/","url":"https:\/\/www.sensorialsunsets.com\/wp-content\/uploads\/2023\/04\/Logo_base_line_fond_clair.svg","contentUrl":"https:\/\/www.sensorialsunsets.com\/wp-content\/uploads\/2023\/04\/Logo_base_line_fond_clair.svg","width":"1024","height":"1024","caption":"SensorialSunsets"},"image":{"@id":"https:\/\/www.sensorialsunsets.com\/fr\/#\/schema\/logo\/image\/"},"sameAs":["https:\/\/www.facebook.com\/Sensorial-Sunsets-109180614715562","https:\/\/www.instagram.com\/sensorialsunsets\/"]},{"@type":"Person","@id":"https:\/\/www.sensorialsunsets.com\/fr\/#\/schema\/person\/77e2fa594135aa94024c47e281d8a94d","name":"Sensorial Sunsets","image":{"@type":"ImageObject","inLanguage":"fr-FR","@id":"https:\/\/secure.gravatar.com\/avatar\/5f2d62681b1dad94c28f1500d4fc75582acdfd32b55fd1acce0a36a3c487eabe?s=96&d=mm&r=g","url":"https:\/\/secure.gravatar.com\/avatar\/5f2d62681b1dad94c28f1500d4fc75582acdfd32b55fd1acce0a36a3c487eabe?s=96&d=mm&r=g","contentUrl":"https:\/\/secure.gravatar.com\/avatar\/5f2d62681b1dad94c28f1500d4fc75582acdfd32b55fd1acce0a36a3c487eabe?s=96&d=mm&r=g","caption":"Sensorial Sunsets"},"url":"https:\/\/www.sensorialsunsets.com\/fr\/author\/asistentes-sensorial-sunsets\/"}]}},"_links":{"self":[{"href":"https:\/\/www.sensorialsunsets.com\/fr\/wp-json\/wp\/v2\/posts\/5512","targetHints":{"allow":["GET"]}}],"collection":[{"href":"https:\/\/www.sensorialsunsets.com\/fr\/wp-json\/wp\/v2\/posts"}],"about":[{"href":"https:\/\/www.sensorialsunsets.com\/fr\/wp-json\/wp\/v2\/types\/post"}],"author":[{"embeddable":true,"href":"https:\/\/www.sensorialsunsets.com\/fr\/wp-json\/wp\/v2\/users\/4"}],"replies":[{"embeddable":true,"href":"https:\/\/www.sensorialsunsets.com\/fr\/wp-json\/wp\/v2\/comments?post=5512"}],"version-history":[{"count":0,"href":"https:\/\/www.sensorialsunsets.com\/fr\/wp-json\/wp\/v2\/posts\/5512\/revisions"}],"wp:featuredmedia":[{"embeddable":true,"href":"https:\/\/www.sensorialsunsets.com\/fr\/wp-json\/wp\/v2\/media\/5497"}],"wp:attachment":[{"href":"https:\/\/www.sensorialsunsets.com\/fr\/wp-json\/wp\/v2\/media?parent=5512"}],"wp:term":[{"taxonomy":"category","embeddable":true,"href":"https:\/\/www.sensorialsunsets.com\/fr\/wp-json\/wp\/v2\/categories?post=5512"},{"taxonomy":"post_tag","embeddable":true,"href":"https:\/\/www.sensorialsunsets.com\/fr\/wp-json\/wp\/v2\/tags?post=5512"}],"curies":[{"name":"wp","href":"https:\/\/api.w.org\/{rel}","templated":true}]}}