{"id":5753,"date":"2023-02-20T16:05:25","date_gmt":"2023-02-20T22:05:25","guid":{"rendered":"https:\/\/www.sensorialsunsets.com\/?p=5753"},"modified":"2023-02-20T16:05:45","modified_gmt":"2023-02-20T22:05:45","slug":"par-chepe-de-chez-nous","status":"publish","type":"post","link":"https:\/\/www.sensorialsunsets.com\/fr\/par-chepe-de-chez-nous\/","title":{"rendered":"<strong>Par Chepe de chez nous<\/strong>"},"content":{"rendered":"\n<p>\u00ab Par Chepe de chez nous \u00bb est le nom des \u00e9ditions virtuelles propos\u00e9es par l&rsquo;Art City Tour depuis l&rsquo;arriv\u00e9e de la pand\u00e9mie. Il s&rsquo;agit de voyages \u00e0 travers des espaces culturels et urbains, qui permettent au public d&rsquo;approcher, en exclusivit\u00e9, des \u0153uvres, des objets et des coins d&rsquo;architecture, entre les mains d&rsquo;experts.<\/p>\n<div class=\"wp-block-image\">\n<figure class=\"alignright size-large is-resized\"><img loading=\"lazy\" decoding=\"async\" src=\"https:\/\/www.sensorialsunsets.com\/wp-content\/uploads\/2023\/02\/20230208_150450-1-768x1024.jpg\" alt=\"\" class=\"wp-image-5742\" width=\"388\" height=\"517\" srcset=\"https:\/\/www.sensorialsunsets.com\/wp-content\/uploads\/2023\/02\/20230208_150450-1-768x1024.jpg 768w, https:\/\/www.sensorialsunsets.com\/wp-content\/uploads\/2023\/02\/20230208_150450-1-225x300.jpg 225w, https:\/\/www.sensorialsunsets.com\/wp-content\/uploads\/2023\/02\/20230208_150450-1-1152x1536.jpg 1152w, https:\/\/www.sensorialsunsets.com\/wp-content\/uploads\/2023\/02\/20230208_150450-1-1536x2048.jpg 1536w, https:\/\/www.sensorialsunsets.com\/wp-content\/uploads\/2023\/02\/20230208_150450-1-1320x1760.jpg 1320w, https:\/\/www.sensorialsunsets.com\/wp-content\/uploads\/2023\/02\/20230208_150450-1-scaled.jpg 1920w\" sizes=\"auto, (max-width: 388px) 100vw, 388px\" \/><\/figure>\n<\/div>\n<p>Cette \u00e9dition sera disponible cette ann\u00e9e jusqu&rsquo;en mars 2023, alors ne manquez pas cette incroyable opportunit\u00e9. Gr\u00e2ce \u00e0 sa plateforme interactive, vous pourrez explorer diff\u00e9rents types d&rsquo;art et d\u00e9couvrir les histoires qui se cachent derri\u00e8re. Des sculptures, peintures et installations aux exp\u00e9riences sur les m\u00e9dias num\u00e9riques, il y en a pour tous les go\u00fbts. Donc,<\/p>\n\n<div class=\"wp-block-group\"><div class=\"wp-block-group__inner-container is-layout-constrained wp-block-group-is-layout-constrained\">\n<p><strong>Pourquoi ne pas faire une pause dans votre routine quotidienne et vous lancer dans un voyage virtuel \u00e0 travers le monde de l&rsquo;art ?<\/strong><\/p>\n<\/div><\/div>\n\n<p>La version virtuelle du <a href=\"https:\/\/www.sensorialsunsets.com\/fr\/art-city-tour-et-chepecletas\/\" target=\"_blank\" rel=\"noreferrer noopener\">Art City Tour<\/a>, s&rsquo;accompagne de deux \u00e9pisodes \u00ab \u00e0 la demande \u00bb qui rassemblent onze histoires pour nous faire d\u00e9couvrir des processus de cr\u00e9ation uniques qui mettent en lumi\u00e8re le th\u00e8me du patrimoine des espaces prot\u00e9g\u00e9s et des expressions de notre culture populaire.<\/p>\n\n<p>D&rsquo;autre part, il pr\u00e9sente six histoires qui mettent en avant le th\u00e8me du patrimoine culturel et qui nous feront d\u00e9couvrir des espaces prot\u00e9g\u00e9s et des expressions de notre culture populaire, tout en nous permettant de conna\u00eetre les d\u00e9tails de notre espace d&rsquo;accueil situ\u00e9 au c\u0153ur du Barrio Am\u00f3n. Ainsi, vous pourrez d\u00e9couvrir des histoires racont\u00e9es par des artistes et des cr\u00e9ateurs qui ont travaill\u00e9 dur pour donner vie \u00e0 leurs visions.<\/p>\n\n<h2 class=\"wp-block-heading\"><strong>Libre acc\u00e8s<\/strong><\/h2>\n<div class=\"wp-block-image\">\n<figure class=\"alignleft size-large is-resized\"><img loading=\"lazy\" decoding=\"async\" src=\"https:\/\/www.sensorialsunsets.com\/wp-content\/uploads\/2023\/02\/20230210_103714-768x1024.jpg\" alt=\"\" class=\"wp-image-5733\" width=\"389\" height=\"518\" srcset=\"https:\/\/www.sensorialsunsets.com\/wp-content\/uploads\/2023\/02\/20230210_103714-768x1024.jpg 768w, https:\/\/www.sensorialsunsets.com\/wp-content\/uploads\/2023\/02\/20230210_103714-225x300.jpg 225w, https:\/\/www.sensorialsunsets.com\/wp-content\/uploads\/2023\/02\/20230210_103714-1152x1536.jpg 1152w, https:\/\/www.sensorialsunsets.com\/wp-content\/uploads\/2023\/02\/20230210_103714-1536x2048.jpg 1536w, https:\/\/www.sensorialsunsets.com\/wp-content\/uploads\/2023\/02\/20230210_103714-1320x1760.jpg 1320w, https:\/\/www.sensorialsunsets.com\/wp-content\/uploads\/2023\/02\/20230210_103714-scaled.jpg 1920w\" sizes=\"auto, (max-width: 389px) 100vw, 389px\" \/><\/figure>\n<\/div>\n<p>Avec l&rsquo;essor du travail \u00e0 distance, le concept de \u00ab travail \u00e0 la maison \u00bb est devenu de plus en plus populaire. \u00c0 ce titre, de nombreuses personnes cherchent d\u00e9sormais des moyens de rendre leur espace de travail \u00e0 domicile plus productif et plus agr\u00e9able. En d&rsquo;autres termes, \u00ab\u00a0<a href=\"https:\/\/artcitytour.gamcultural.com\/2022-0907-episodio-2\/\" target=\"_blank\" rel=\"noreferrer noopener\">Par Chepe de chez nous<\/a>\u00a0\u00bb offre une approche unique de cette question en proposant des espaces culturels et urbains qui peuvent \u00eatre explor\u00e9s exclusivement \u00e0 travers ses \u0153uvres.<\/p>\n\n<p>De cette fa\u00e7on, il apporte des objets, des coins d&rsquo;architecture et d&rsquo;autres \u00e9l\u00e9ments de la vie urbaine dans votre espace de travail virtuel. Elle est gratuite pour tous les utilisateurs, ce qui leur permet d&rsquo;explorer ces espaces sans frais ni obligation. Gr\u00e2ce \u00e0 cette plateforme, vous pouvez transformer votre maison en un environnement cr\u00e9atif et inspirant qui favorise la productivit\u00e9 et la cr\u00e9ativit\u00e9. Par cons\u00e9quent, elle vous permet d&rsquo;explorer de nouvelles cultures tout en restant dans le confort de votre maison.<\/p>\n\n<p>Avec le soutien et le parrainage de Davivienda, Esencial Costa Rica est fier de pr\u00e9senter sa premi\u00e8re \u00e9dition de \u00ab Par Chepe de chez nous \u00bb. Cet \u00e9v\u00e9nement sera l&rsquo;occasion pour les gens de se connecter, d&rsquo;apprendre, de partager des id\u00e9es et de cr\u00e9er des solutions qui les aideront \u00e0 tirer le meilleur parti de leur travail \u00e0 domicile. Les participants auront \u00e9galement acc\u00e8s \u00e0 du contenu exclusif d&rsquo;experts du secteur sur la fa\u00e7on de rester productif tout en travaillant \u00e0 distance.<\/p>\n\n<p><strong> Acc\u00e8s gratuit pour une dur\u00e9e limit\u00e9e au lien suivant : <a href=\"https:\/\/bit.ly\/3De90vA\" target=\"_blank\" rel=\"noreferrer noopener\">https:\/\/bit.ly\/3De90vA<\/a><\/strong><\/p>\n\n<p><strong>Sensorial Sunsets <\/strong><\/p>\n","protected":false},"excerpt":{"rendered":"<p>\u00ab Par Chepe de chez nous \u00bb est le nom des \u00e9ditions virtuelles propos\u00e9es par l&rsquo;Art City Tour depuis l&rsquo;arriv\u00e9e de la pand\u00e9mie. Il s&rsquo;agit de voyages \u00e0 travers des espaces culturels et urbains, qui permettent au public d&rsquo;approcher, en exclusivit\u00e9, des \u0153uvres, des objets et des coins d&rsquo;architecture, entre les mains d&rsquo;experts. Cette \u00e9dition [&hellip;]<\/p>\n","protected":false},"author":4,"featured_media":5720,"comment_status":"closed","ping_status":"closed","sticky":false,"template":"","format":"standard","meta":{"_acf_changed":false,"inline_featured_image":false,"_monsterinsights_skip_tracking":false,"_monsterinsights_sitenote_active":false,"_monsterinsights_sitenote_note":"","_monsterinsights_sitenote_category":0,"footnotes":""},"categories":[100,104,175,102,113],"tags":[],"class_list":["post-5753","post","type-post","status-publish","format-standard","has-post-thumbnail","hentry","category-costa-rica-fr","category-culture-fr","category-oeuvres-dart","category-societe-fr","category-tourisme-fr"],"acf":[],"yoast_head":"<!-- This site is optimized with the Yoast SEO plugin v27.4 - https:\/\/yoast.com\/product\/yoast-seo-wordpress\/ -->\n<title>Par Chepe de chez nous - SensorialSunsets<\/title>\n<meta name=\"description\" content=\"\u00ab Par Chepe de chez nous \u00bb est le nom des \u00e9ditions virtuelles propos\u00e9es par l&#039;Art City Tour depuis l&#039;arriv\u00e9e de la pand\u00e9mie. Il s&#039;agit de voyages \u00e0 travers des espaces culturels et urbains, qui permettent au public d&#039;approcher, en exclusivit\u00e9, des \u0153uvres, des objets et des coins d&#039;architecture, entre les mains d&#039;experts.\" \/>\n<meta name=\"robots\" content=\"index, follow, max-snippet:-1, max-image-preview:large, max-video-preview:-1\" \/>\n<link rel=\"canonical\" href=\"https:\/\/www.sensorialsunsets.com\/fr\/par-chepe-de-chez-nous\/\" \/>\n<meta property=\"og:locale\" content=\"fr_FR\" \/>\n<meta property=\"og:type\" content=\"article\" \/>\n<meta property=\"og:title\" content=\"Par Chepe de chez nous - SensorialSunsets\" \/>\n<meta property=\"og:description\" content=\"\u00ab Par Chepe de chez nous \u00bb est le nom des \u00e9ditions virtuelles propos\u00e9es par l&#039;Art City Tour depuis l&#039;arriv\u00e9e de la pand\u00e9mie. Il s&#039;agit de voyages \u00e0 travers des espaces culturels et urbains, qui permettent au public d&#039;approcher, en exclusivit\u00e9, des \u0153uvres, des objets et des coins d&#039;architecture, entre les mains d&#039;experts.\" \/>\n<meta property=\"og:url\" content=\"https:\/\/www.sensorialsunsets.com\/fr\/par-chepe-de-chez-nous\/\" \/>\n<meta property=\"og:site_name\" content=\"SensorialSunsets\" \/>\n<meta property=\"article:publisher\" content=\"https:\/\/www.facebook.com\/Sensorial-Sunsets-109180614715562\" \/>\n<meta property=\"article:published_time\" content=\"2023-02-20T22:05:25+00:00\" \/>\n<meta property=\"article:modified_time\" content=\"2023-02-20T22:05:45+00:00\" \/>\n<meta property=\"og:image\" content=\"https:\/\/www.sensorialsunsets.com\/wp-content\/uploads\/2023\/02\/20230208_153105-scaled-e1676925778862.jpg\" \/>\n\t<meta property=\"og:image:width\" content=\"1920\" \/>\n\t<meta property=\"og:image:height\" content=\"2560\" \/>\n\t<meta property=\"og:image:type\" content=\"image\/jpeg\" \/>\n<meta name=\"author\" content=\"Sensorial Sunsets\" \/>\n<meta name=\"twitter:card\" content=\"summary_large_image\" \/>\n<meta name=\"twitter:label1\" content=\"\u00c9crit par\" \/>\n\t<meta name=\"twitter:data1\" content=\"Sensorial Sunsets\" \/>\n\t<meta name=\"twitter:label2\" content=\"Dur\u00e9e de lecture estim\u00e9e\" \/>\n\t<meta name=\"twitter:data2\" content=\"3 minutes\" \/>\n<script type=\"application\/ld+json\" class=\"yoast-schema-graph\">{\"@context\":\"https:\\\/\\\/schema.org\",\"@graph\":[{\"@type\":\"Article\",\"@id\":\"https:\\\/\\\/www.sensorialsunsets.com\\\/fr\\\/par-chepe-de-chez-nous\\\/#article\",\"isPartOf\":{\"@id\":\"https:\\\/\\\/www.sensorialsunsets.com\\\/fr\\\/par-chepe-de-chez-nous\\\/\"},\"author\":{\"name\":\"Sensorial Sunsets\",\"@id\":\"https:\\\/\\\/www.sensorialsunsets.com\\\/fr\\\/#\\\/schema\\\/person\\\/77e2fa594135aa94024c47e281d8a94d\"},\"headline\":\"Par Chepe de chez nous\",\"datePublished\":\"2023-02-20T22:05:25+00:00\",\"dateModified\":\"2023-02-20T22:05:45+00:00\",\"mainEntityOfPage\":{\"@id\":\"https:\\\/\\\/www.sensorialsunsets.com\\\/fr\\\/par-chepe-de-chez-nous\\\/\"},\"wordCount\":558,\"publisher\":{\"@id\":\"https:\\\/\\\/www.sensorialsunsets.com\\\/fr\\\/#organization\"},\"image\":{\"@id\":\"https:\\\/\\\/www.sensorialsunsets.com\\\/fr\\\/par-chepe-de-chez-nous\\\/#primaryimage\"},\"thumbnailUrl\":\"https:\\\/\\\/www.sensorialsunsets.com\\\/wp-content\\\/uploads\\\/2023\\\/02\\\/20230208_153105-scaled-e1676925778862.jpg\",\"articleSection\":[\"Costa Rica\",\"Culture\",\"Oeuvres d'art\",\"Soci\u00e9t\u00e9\",\"Tourisme\"],\"inLanguage\":\"fr-FR\"},{\"@type\":\"WebPage\",\"@id\":\"https:\\\/\\\/www.sensorialsunsets.com\\\/fr\\\/par-chepe-de-chez-nous\\\/\",\"url\":\"https:\\\/\\\/www.sensorialsunsets.com\\\/fr\\\/par-chepe-de-chez-nous\\\/\",\"name\":\"Par Chepe de chez nous - SensorialSunsets\",\"isPartOf\":{\"@id\":\"https:\\\/\\\/www.sensorialsunsets.com\\\/fr\\\/#website\"},\"primaryImageOfPage\":{\"@id\":\"https:\\\/\\\/www.sensorialsunsets.com\\\/fr\\\/par-chepe-de-chez-nous\\\/#primaryimage\"},\"image\":{\"@id\":\"https:\\\/\\\/www.sensorialsunsets.com\\\/fr\\\/par-chepe-de-chez-nous\\\/#primaryimage\"},\"thumbnailUrl\":\"https:\\\/\\\/www.sensorialsunsets.com\\\/wp-content\\\/uploads\\\/2023\\\/02\\\/20230208_153105-scaled-e1676925778862.jpg\",\"datePublished\":\"2023-02-20T22:05:25+00:00\",\"dateModified\":\"2023-02-20T22:05:45+00:00\",\"description\":\"\u00ab Par Chepe de chez nous \u00bb est le nom des \u00e9ditions virtuelles propos\u00e9es par l'Art City Tour depuis l'arriv\u00e9e de la pand\u00e9mie. Il s'agit de voyages \u00e0 travers des espaces culturels et urbains, qui permettent au public d'approcher, en exclusivit\u00e9, des \u0153uvres, des objets et des coins d'architecture, entre les mains d'experts.\",\"inLanguage\":\"fr-FR\",\"potentialAction\":[{\"@type\":\"ReadAction\",\"target\":[\"https:\\\/\\\/www.sensorialsunsets.com\\\/fr\\\/par-chepe-de-chez-nous\\\/\"]}]},{\"@type\":\"ImageObject\",\"inLanguage\":\"fr-FR\",\"@id\":\"https:\\\/\\\/www.sensorialsunsets.com\\\/fr\\\/par-chepe-de-chez-nous\\\/#primaryimage\",\"url\":\"https:\\\/\\\/www.sensorialsunsets.com\\\/wp-content\\\/uploads\\\/2023\\\/02\\\/20230208_153105-scaled-e1676925778862.jpg\",\"contentUrl\":\"https:\\\/\\\/www.sensorialsunsets.com\\\/wp-content\\\/uploads\\\/2023\\\/02\\\/20230208_153105-scaled-e1676925778862.jpg\",\"width\":1920,\"height\":2560},{\"@type\":\"WebSite\",\"@id\":\"https:\\\/\\\/www.sensorialsunsets.com\\\/fr\\\/#website\",\"url\":\"https:\\\/\\\/www.sensorialsunsets.com\\\/fr\\\/\",\"name\":\"SensorialSunsets.com\",\"description\":\"D\u00e9couvrez la culture et la soci\u00e9t\u00e9 du Costa Rica sur notre blog. Explorez des articles captivants et partagez le contenu.\",\"publisher\":{\"@id\":\"https:\\\/\\\/www.sensorialsunsets.com\\\/fr\\\/#organization\"},\"alternateName\":\"Costa Rica Live Blog\",\"potentialAction\":[{\"@type\":\"SearchAction\",\"target\":{\"@type\":\"EntryPoint\",\"urlTemplate\":\"https:\\\/\\\/www.sensorialsunsets.com\\\/fr\\\/?s={search_term_string}\"},\"query-input\":{\"@type\":\"PropertyValueSpecification\",\"valueRequired\":true,\"valueName\":\"search_term_string\"}}],\"inLanguage\":\"fr-FR\"},{\"@type\":\"Organization\",\"@id\":\"https:\\\/\\\/www.sensorialsunsets.com\\\/fr\\\/#organization\",\"name\":\"SensorialSunsets\",\"url\":\"https:\\\/\\\/www.sensorialsunsets.com\\\/fr\\\/\",\"logo\":{\"@type\":\"ImageObject\",\"inLanguage\":\"fr-FR\",\"@id\":\"https:\\\/\\\/www.sensorialsunsets.com\\\/fr\\\/#\\\/schema\\\/logo\\\/image\\\/\",\"url\":\"https:\\\/\\\/www.sensorialsunsets.com\\\/wp-content\\\/uploads\\\/2023\\\/04\\\/Logo_base_line_fond_clair.svg\",\"contentUrl\":\"https:\\\/\\\/www.sensorialsunsets.com\\\/wp-content\\\/uploads\\\/2023\\\/04\\\/Logo_base_line_fond_clair.svg\",\"width\":\"1024\",\"height\":\"1024\",\"caption\":\"SensorialSunsets\"},\"image\":{\"@id\":\"https:\\\/\\\/www.sensorialsunsets.com\\\/fr\\\/#\\\/schema\\\/logo\\\/image\\\/\"},\"sameAs\":[\"https:\\\/\\\/www.facebook.com\\\/Sensorial-Sunsets-109180614715562\",\"https:\\\/\\\/www.instagram.com\\\/sensorialsunsets\\\/\"]},{\"@type\":\"Person\",\"@id\":\"https:\\\/\\\/www.sensorialsunsets.com\\\/fr\\\/#\\\/schema\\\/person\\\/77e2fa594135aa94024c47e281d8a94d\",\"name\":\"Sensorial Sunsets\",\"image\":{\"@type\":\"ImageObject\",\"inLanguage\":\"fr-FR\",\"@id\":\"https:\\\/\\\/secure.gravatar.com\\\/avatar\\\/5f2d62681b1dad94c28f1500d4fc75582acdfd32b55fd1acce0a36a3c487eabe?s=96&d=mm&r=g\",\"url\":\"https:\\\/\\\/secure.gravatar.com\\\/avatar\\\/5f2d62681b1dad94c28f1500d4fc75582acdfd32b55fd1acce0a36a3c487eabe?s=96&d=mm&r=g\",\"contentUrl\":\"https:\\\/\\\/secure.gravatar.com\\\/avatar\\\/5f2d62681b1dad94c28f1500d4fc75582acdfd32b55fd1acce0a36a3c487eabe?s=96&d=mm&r=g\",\"caption\":\"Sensorial Sunsets\"},\"url\":\"https:\\\/\\\/www.sensorialsunsets.com\\\/fr\\\/author\\\/asistentes-sensorial-sunsets\\\/\"}]}<\/script>\n<!-- \/ Yoast SEO plugin. -->","yoast_head_json":{"title":"Par Chepe de chez nous - SensorialSunsets","description":"\u00ab Par Chepe de chez nous \u00bb est le nom des \u00e9ditions virtuelles propos\u00e9es par l'Art City Tour depuis l'arriv\u00e9e de la pand\u00e9mie. Il s'agit de voyages \u00e0 travers des espaces culturels et urbains, qui permettent au public d'approcher, en exclusivit\u00e9, des \u0153uvres, des objets et des coins d'architecture, entre les mains d'experts.","robots":{"index":"index","follow":"follow","max-snippet":"max-snippet:-1","max-image-preview":"max-image-preview:large","max-video-preview":"max-video-preview:-1"},"canonical":"https:\/\/www.sensorialsunsets.com\/fr\/par-chepe-de-chez-nous\/","og_locale":"fr_FR","og_type":"article","og_title":"Par Chepe de chez nous - SensorialSunsets","og_description":"\u00ab Par Chepe de chez nous \u00bb est le nom des \u00e9ditions virtuelles propos\u00e9es par l'Art City Tour depuis l'arriv\u00e9e de la pand\u00e9mie. Il s'agit de voyages \u00e0 travers des espaces culturels et urbains, qui permettent au public d'approcher, en exclusivit\u00e9, des \u0153uvres, des objets et des coins d'architecture, entre les mains d'experts.","og_url":"https:\/\/www.sensorialsunsets.com\/fr\/par-chepe-de-chez-nous\/","og_site_name":"SensorialSunsets","article_publisher":"https:\/\/www.facebook.com\/Sensorial-Sunsets-109180614715562","article_published_time":"2023-02-20T22:05:25+00:00","article_modified_time":"2023-02-20T22:05:45+00:00","og_image":[{"width":1920,"height":2560,"url":"https:\/\/www.sensorialsunsets.com\/wp-content\/uploads\/2023\/02\/20230208_153105-scaled-e1676925778862.jpg","type":"image\/jpeg"}],"author":"Sensorial Sunsets","twitter_card":"summary_large_image","twitter_misc":{"\u00c9crit par":"Sensorial Sunsets","Dur\u00e9e de lecture estim\u00e9e":"3 minutes"},"schema":{"@context":"https:\/\/schema.org","@graph":[{"@type":"Article","@id":"https:\/\/www.sensorialsunsets.com\/fr\/par-chepe-de-chez-nous\/#article","isPartOf":{"@id":"https:\/\/www.sensorialsunsets.com\/fr\/par-chepe-de-chez-nous\/"},"author":{"name":"Sensorial Sunsets","@id":"https:\/\/www.sensorialsunsets.com\/fr\/#\/schema\/person\/77e2fa594135aa94024c47e281d8a94d"},"headline":"Par Chepe de chez nous","datePublished":"2023-02-20T22:05:25+00:00","dateModified":"2023-02-20T22:05:45+00:00","mainEntityOfPage":{"@id":"https:\/\/www.sensorialsunsets.com\/fr\/par-chepe-de-chez-nous\/"},"wordCount":558,"publisher":{"@id":"https:\/\/www.sensorialsunsets.com\/fr\/#organization"},"image":{"@id":"https:\/\/www.sensorialsunsets.com\/fr\/par-chepe-de-chez-nous\/#primaryimage"},"thumbnailUrl":"https:\/\/www.sensorialsunsets.com\/wp-content\/uploads\/2023\/02\/20230208_153105-scaled-e1676925778862.jpg","articleSection":["Costa Rica","Culture","Oeuvres d'art","Soci\u00e9t\u00e9","Tourisme"],"inLanguage":"fr-FR"},{"@type":"WebPage","@id":"https:\/\/www.sensorialsunsets.com\/fr\/par-chepe-de-chez-nous\/","url":"https:\/\/www.sensorialsunsets.com\/fr\/par-chepe-de-chez-nous\/","name":"Par Chepe de chez nous - SensorialSunsets","isPartOf":{"@id":"https:\/\/www.sensorialsunsets.com\/fr\/#website"},"primaryImageOfPage":{"@id":"https:\/\/www.sensorialsunsets.com\/fr\/par-chepe-de-chez-nous\/#primaryimage"},"image":{"@id":"https:\/\/www.sensorialsunsets.com\/fr\/par-chepe-de-chez-nous\/#primaryimage"},"thumbnailUrl":"https:\/\/www.sensorialsunsets.com\/wp-content\/uploads\/2023\/02\/20230208_153105-scaled-e1676925778862.jpg","datePublished":"2023-02-20T22:05:25+00:00","dateModified":"2023-02-20T22:05:45+00:00","description":"\u00ab Par Chepe de chez nous \u00bb est le nom des \u00e9ditions virtuelles propos\u00e9es par l'Art City Tour depuis l'arriv\u00e9e de la pand\u00e9mie. Il s'agit de voyages \u00e0 travers des espaces culturels et urbains, qui permettent au public d'approcher, en exclusivit\u00e9, des \u0153uvres, des objets et des coins d'architecture, entre les mains d'experts.","inLanguage":"fr-FR","potentialAction":[{"@type":"ReadAction","target":["https:\/\/www.sensorialsunsets.com\/fr\/par-chepe-de-chez-nous\/"]}]},{"@type":"ImageObject","inLanguage":"fr-FR","@id":"https:\/\/www.sensorialsunsets.com\/fr\/par-chepe-de-chez-nous\/#primaryimage","url":"https:\/\/www.sensorialsunsets.com\/wp-content\/uploads\/2023\/02\/20230208_153105-scaled-e1676925778862.jpg","contentUrl":"https:\/\/www.sensorialsunsets.com\/wp-content\/uploads\/2023\/02\/20230208_153105-scaled-e1676925778862.jpg","width":1920,"height":2560},{"@type":"WebSite","@id":"https:\/\/www.sensorialsunsets.com\/fr\/#website","url":"https:\/\/www.sensorialsunsets.com\/fr\/","name":"SensorialSunsets.com","description":"D\u00e9couvrez la culture et la soci\u00e9t\u00e9 du Costa Rica sur notre blog. Explorez des articles captivants et partagez le contenu.","publisher":{"@id":"https:\/\/www.sensorialsunsets.com\/fr\/#organization"},"alternateName":"Costa Rica Live Blog","potentialAction":[{"@type":"SearchAction","target":{"@type":"EntryPoint","urlTemplate":"https:\/\/www.sensorialsunsets.com\/fr\/?s={search_term_string}"},"query-input":{"@type":"PropertyValueSpecification","valueRequired":true,"valueName":"search_term_string"}}],"inLanguage":"fr-FR"},{"@type":"Organization","@id":"https:\/\/www.sensorialsunsets.com\/fr\/#organization","name":"SensorialSunsets","url":"https:\/\/www.sensorialsunsets.com\/fr\/","logo":{"@type":"ImageObject","inLanguage":"fr-FR","@id":"https:\/\/www.sensorialsunsets.com\/fr\/#\/schema\/logo\/image\/","url":"https:\/\/www.sensorialsunsets.com\/wp-content\/uploads\/2023\/04\/Logo_base_line_fond_clair.svg","contentUrl":"https:\/\/www.sensorialsunsets.com\/wp-content\/uploads\/2023\/04\/Logo_base_line_fond_clair.svg","width":"1024","height":"1024","caption":"SensorialSunsets"},"image":{"@id":"https:\/\/www.sensorialsunsets.com\/fr\/#\/schema\/logo\/image\/"},"sameAs":["https:\/\/www.facebook.com\/Sensorial-Sunsets-109180614715562","https:\/\/www.instagram.com\/sensorialsunsets\/"]},{"@type":"Person","@id":"https:\/\/www.sensorialsunsets.com\/fr\/#\/schema\/person\/77e2fa594135aa94024c47e281d8a94d","name":"Sensorial Sunsets","image":{"@type":"ImageObject","inLanguage":"fr-FR","@id":"https:\/\/secure.gravatar.com\/avatar\/5f2d62681b1dad94c28f1500d4fc75582acdfd32b55fd1acce0a36a3c487eabe?s=96&d=mm&r=g","url":"https:\/\/secure.gravatar.com\/avatar\/5f2d62681b1dad94c28f1500d4fc75582acdfd32b55fd1acce0a36a3c487eabe?s=96&d=mm&r=g","contentUrl":"https:\/\/secure.gravatar.com\/avatar\/5f2d62681b1dad94c28f1500d4fc75582acdfd32b55fd1acce0a36a3c487eabe?s=96&d=mm&r=g","caption":"Sensorial Sunsets"},"url":"https:\/\/www.sensorialsunsets.com\/fr\/author\/asistentes-sensorial-sunsets\/"}]}},"_links":{"self":[{"href":"https:\/\/www.sensorialsunsets.com\/fr\/wp-json\/wp\/v2\/posts\/5753","targetHints":{"allow":["GET"]}}],"collection":[{"href":"https:\/\/www.sensorialsunsets.com\/fr\/wp-json\/wp\/v2\/posts"}],"about":[{"href":"https:\/\/www.sensorialsunsets.com\/fr\/wp-json\/wp\/v2\/types\/post"}],"author":[{"embeddable":true,"href":"https:\/\/www.sensorialsunsets.com\/fr\/wp-json\/wp\/v2\/users\/4"}],"replies":[{"embeddable":true,"href":"https:\/\/www.sensorialsunsets.com\/fr\/wp-json\/wp\/v2\/comments?post=5753"}],"version-history":[{"count":0,"href":"https:\/\/www.sensorialsunsets.com\/fr\/wp-json\/wp\/v2\/posts\/5753\/revisions"}],"wp:featuredmedia":[{"embeddable":true,"href":"https:\/\/www.sensorialsunsets.com\/fr\/wp-json\/wp\/v2\/media\/5720"}],"wp:attachment":[{"href":"https:\/\/www.sensorialsunsets.com\/fr\/wp-json\/wp\/v2\/media?parent=5753"}],"wp:term":[{"taxonomy":"category","embeddable":true,"href":"https:\/\/www.sensorialsunsets.com\/fr\/wp-json\/wp\/v2\/categories?post=5753"},{"taxonomy":"post_tag","embeddable":true,"href":"https:\/\/www.sensorialsunsets.com\/fr\/wp-json\/wp\/v2\/tags?post=5753"}],"curies":[{"name":"wp","href":"https:\/\/api.w.org\/{rel}","templated":true}]}}