{"id":6238,"date":"2023-03-08T09:27:21","date_gmt":"2023-03-08T15:27:21","guid":{"rendered":"https:\/\/www.sensorialsunsets.com\/el-catio-de-lamour-des-chats-a-une-nouvelle-approche-au-costa-rica\/"},"modified":"2023-03-08T09:28:20","modified_gmt":"2023-03-08T15:28:20","slug":"el-catio-de-lamour-des-chats-a-une-nouvelle-approche-au-costa-rica","status":"publish","type":"post","link":"https:\/\/www.sensorialsunsets.com\/fr\/el-catio-de-lamour-des-chats-a-une-nouvelle-approche-au-costa-rica\/","title":{"rendered":"El Catio : de l&rsquo;amour des chats \u00e0 une nouvelle approche au Costa Rica"},"content":{"rendered":"\n<p><em>Nous avons visit\u00e9 El Catio, un sanctuaire pour chats situ\u00e9 \u00e0 Barrio Escalante, et nous avons parl\u00e9 \u00e0 la Dr. Lin de ce nouveau projet au Costa Rica.<\/em><\/p>\n\n\n\n<p><strong>Comment ce projet est-il n\u00e9 ?<\/strong><\/p>\n\n\n\n<p>\u00c0 l&rsquo;\u00e2ge de 18 ans, je suis parti en Argentine pour \u00e9tudier la m\u00e9decine v\u00e9t\u00e9rinaire. Pendant que j&rsquo;\u00e9tais l\u00e0-bas, je pense que l&rsquo;id\u00e9e de faire de nouvelles choses s&rsquo;est d\u00e9velopp\u00e9e. \u00c0 mon retour, je savais que je voulais me consacrer aux chats et je me suis rendu compte que les soins apport\u00e9s aux chats au Costa Rica \u00e9taient tr\u00e8s pr\u00e9caires. J&rsquo;ai d\u00e9cid\u00e9 de faire la diff\u00e9rence et de cr\u00e9er un syst\u00e8me de sant\u00e9 de qualit\u00e9 pour les f\u00e9lins. Il est parfois un peu effrayant d&rsquo;arr\u00eater de soigner les chiens, car ils repr\u00e9sentent la majeure partie de la population v\u00e9t\u00e9rinaire. C&rsquo;est de l\u00e0 qu&rsquo;est n\u00e9e La Gater\u00eda. <\/p>\n\n\n\n<hr class=\"wp-block-separator has-alpha-channel-opacity is-style-wide\"\/>\n\n\n\n<p><\/p>\n\n\n\n<p>La Gater\u00eda est une clinique v\u00e9t\u00e9rinaire sp\u00e9cialis\u00e9e dans les chats et leur comportement. Elle existe depuis environ 4 ans \u00e0 Barrio Escalante.<\/p>\n\n\n\n<hr class=\"wp-block-separator has-alpha-channel-opacity is-style-wide\"\/>\n\n\n\n<figure class=\"wp-block-image size-large\"><img loading=\"lazy\" decoding=\"async\" width=\"1024\" height=\"768\" src=\"https:\/\/www.sensorialsunsets.com\/wp-content\/uploads\/2023\/03\/WhatsApp-Image-2023-03-08-at-8.39.18-AM-1024x768.jpeg\" alt=\"\" class=\"wp-image-6228\" srcset=\"https:\/\/www.sensorialsunsets.com\/wp-content\/uploads\/2023\/03\/WhatsApp-Image-2023-03-08-at-8.39.18-AM-1024x768.jpeg 1024w, https:\/\/www.sensorialsunsets.com\/wp-content\/uploads\/2023\/03\/WhatsApp-Image-2023-03-08-at-8.39.18-AM-300x225.jpeg 300w, https:\/\/www.sensorialsunsets.com\/wp-content\/uploads\/2023\/03\/WhatsApp-Image-2023-03-08-at-8.39.18-AM-768x576.jpeg 768w, https:\/\/www.sensorialsunsets.com\/wp-content\/uploads\/2023\/03\/WhatsApp-Image-2023-03-08-at-8.39.18-AM-1536x1152.jpeg 1536w, https:\/\/www.sensorialsunsets.com\/wp-content\/uploads\/2023\/03\/WhatsApp-Image-2023-03-08-at-8.39.18-AM-1320x990.jpeg 1320w, https:\/\/www.sensorialsunsets.com\/wp-content\/uploads\/2023\/03\/WhatsApp-Image-2023-03-08-at-8.39.18-AM.jpeg 1600w\" sizes=\"auto, (max-width: 1024px) 100vw, 1024px\" \/><figcaption class=\"wp-element-caption\">Cobijita<\/figcaption><\/figure>\n\n\n\n<p>Nous partagions un espace qui ne servait qu&rsquo;aux chiens et la moiti\u00e9 de la cour, parce qu&rsquo;elle \u00e9tait toute verte, il y avait l&rsquo;arbre et l&rsquo;herbe et rien d&rsquo;autre. Il n&rsquo;y avait pas de murs ni rien d&rsquo;autre. C&rsquo;\u00e9tait la moiti\u00e9 de La Gater\u00eda. Nous ne pouvions donc pas en profiter avec les patients, car les chats qui venaient en consultation ne voulaient pas sortir dans la cour. Toute ma vie, j&rsquo;ai r\u00eav\u00e9 d&rsquo;avoir un caf\u00e9 des chats parce que je suis folle des chats et de faire du yoga le soir. Nous avons donc commenc\u00e9 par une \u00e9bauche de ce projet. C&rsquo;est pourquoi nous avons adapt\u00e9 notre patio avec des plafonds, des anti-fugues, etc. L&rsquo;id\u00e9e \u00e9tait de rendre cet environnement libre et blanc comme s&rsquo;il \u00e9tait \u00e0 l&rsquo;ext\u00e9rieur. Nous avons le manguier au milieu, auquel il a \u00e9tait difficile de faire un toit autour de sa p\u00e9riph\u00e9rie et d&#8217;emp\u00eacher l&rsquo;eau d&rsquo;y p\u00e9n\u00e9trer. Une fois l&rsquo;espace clos, nous avons commenc\u00e9 \u00e0 adopter des chats dans la rue.<\/p>\n\n\n<div class=\"wp-block-image\">\n<figure class=\"alignleft size-large is-resized\"><img loading=\"lazy\" decoding=\"async\" src=\"https:\/\/www.sensorialsunsets.com\/wp-content\/uploads\/2023\/03\/20230301_133023-1-1024x768.jpg\" alt=\"\" class=\"wp-image-6195\" width=\"369\" height=\"276\" srcset=\"https:\/\/www.sensorialsunsets.com\/wp-content\/uploads\/2023\/03\/20230301_133023-1-1024x768.jpg 1024w, https:\/\/www.sensorialsunsets.com\/wp-content\/uploads\/2023\/03\/20230301_133023-1-300x225.jpg 300w, https:\/\/www.sensorialsunsets.com\/wp-content\/uploads\/2023\/03\/20230301_133023-1-768x576.jpg 768w, https:\/\/www.sensorialsunsets.com\/wp-content\/uploads\/2023\/03\/20230301_133023-1-1536x1152.jpg 1536w, https:\/\/www.sensorialsunsets.com\/wp-content\/uploads\/2023\/03\/20230301_133023-1-2048x1536.jpg 2048w, https:\/\/www.sensorialsunsets.com\/wp-content\/uploads\/2023\/03\/20230301_133023-1-1320x990.jpg 1320w\" sizes=\"auto, (max-width: 369px) 100vw, 369px\" \/><figcaption class=\"wp-element-caption\">Amor<\/figcaption><\/figure>\n<\/div>\n\n\n<p>Il s&rsquo;agit de chats adultes et de chats des rues ou de chats adultes de refuges qui n&rsquo;ont pas \u00e9t\u00e9 adopt\u00e9s depuis longtemps. Il y a beaucoup de chats ici. Amor, un chat jaune, et Calma, un chat qui n&rsquo;a qu&rsquo;un seul \u0153il. Ces deux chats sont rest\u00e9s dans la rue pendant environ deux ans, je les voyais et j&rsquo;essayais de les publier pour voir s&rsquo;ils seraient adopt\u00e9s, mais rien ne s&rsquo;est pass\u00e9. Lorsque El Catio a ouvert ses portes, j&rsquo;ai eu la chance de chercher Amor et Calma et c&rsquo;est avec eux que le projet a commenc\u00e9. <\/p>\n\n\n\n<p>Nous sommes ensuite all\u00e9s \u00e0 Catrix pour demander les deux chats dont personne ne voulait ou qui avaient \u00e9t\u00e9 les plus difficiles \u00e0 faire adopter, et Rice et Beans sont arriv\u00e9s. Ils avaient \u00e9t\u00e9 rendus environ six fois et vivaient dans une petite cage depuis de nombreux mois. Ils \u00e9taient rest\u00e9s enferm\u00e9s dans une cage pendant environ huit mois. Puis, petit \u00e0 petit, chacun d&rsquo;entre eux est arriv\u00e9. <\/p>\n\n\n\n<p>Cobijita, une persane dont ses gardiens ne voulaient plus parce qu&rsquo;elle avait un probl\u00e8me \u00e0 l&rsquo;\u0153il, a rejoint la famille. Elle devait \u00eatre op\u00e9r\u00e9e, je l&rsquo;ai donc adopt\u00e9e. Nous avons soign\u00e9 son \u0153il et l&rsquo;op\u00e9ration n&rsquo;a pas \u00e9t\u00e9 n\u00e9cessaire. <\/p>\n\n\n\n<p>C&rsquo;est ainsi que, petit \u00e0 petit, tous les chats adultes sont arriv\u00e9s. Peut-\u00eatre qu&rsquo;un client de confiance nous a parl\u00e9 de chats qui se trouvaient dans la rue. <\/p>\n\n\n<div class=\"wp-block-image\">\n<figure class=\"alignright size-large is-resized\"><img loading=\"lazy\" decoding=\"async\" src=\"https:\/\/www.sensorialsunsets.com\/wp-content\/uploads\/2023\/03\/20230301_132918-768x1024.jpg\" alt=\"\" class=\"wp-image-6206\" width=\"391\" height=\"521\" srcset=\"https:\/\/www.sensorialsunsets.com\/wp-content\/uploads\/2023\/03\/20230301_132918-768x1024.jpg 768w, https:\/\/www.sensorialsunsets.com\/wp-content\/uploads\/2023\/03\/20230301_132918-225x300.jpg 225w, https:\/\/www.sensorialsunsets.com\/wp-content\/uploads\/2023\/03\/20230301_132918-1152x1536.jpg 1152w, https:\/\/www.sensorialsunsets.com\/wp-content\/uploads\/2023\/03\/20230301_132918-1536x2048.jpg 1536w, https:\/\/www.sensorialsunsets.com\/wp-content\/uploads\/2023\/03\/20230301_132918-1320x1760.jpg 1320w, https:\/\/www.sensorialsunsets.com\/wp-content\/uploads\/2023\/03\/20230301_132918-scaled.jpg 1920w\" sizes=\"auto, (max-width: 391px) 100vw, 391px\" \/><figcaption class=\"wp-element-caption\">L&rsquo;arbre, star du lieu<\/figcaption><\/figure>\n<\/div>\n\n\n<p>Il y a maintenant 9 chats adultes r\u00e9sidents et 3 autres adultes qui sont en cours d&rsquo;adaptation, car avant de pouvoir entrer dans El Catio, ils doivent \u00eatre vaccin\u00e9s, vermifug\u00e9s, subir des tests sanguins, \u00eatre mis en quarantaine et, d&rsquo;un point de vue comportemental, disposer d&rsquo;un temps prudent pour s&rsquo;entendre. <\/p>\n\n\n\n<p>El Catio est n\u00e9 d&rsquo;un r\u00eave. L&rsquo;id\u00e9e \u00e9tait de savoir si cela allait fonctionner avec l&rsquo;intention d&rsquo;\u00e9duquer les gens \u00e0 \u00eatre responsables des chats et de d\u00e9mystifier tous les pr\u00e9jug\u00e9s qui sont associ\u00e9s \u00e0 l&rsquo;esp\u00e8ce f\u00e9line. Les amoureux des chats et les chats ont toujours \u00e9t\u00e9 d\u00e9savantag\u00e9s dans l&rsquo;histoire de l&rsquo;humanit\u00e9 et c&rsquo;est pr\u00e9cis\u00e9ment un espace qui a \u00e9t\u00e9 cr\u00e9\u00e9 comme un sanctuaire, une ode au chat et \u00e0 la culture f\u00e9line.<\/p>\n\n\n\n<p><strong>Chats en adoption<\/strong><\/p>\n\n\n\n<p>Nous avons actuellement donn\u00e9 55 chatons en adoption. Nous les obtenons g\u00e9n\u00e9ralement d&rsquo;Auxilio Animal, de Catrix ou d&rsquo;un autre refuge. Nous avons parfois \u00e9galement eu la chance de trouver une femelle sur le point de mettre bas, elle est amen\u00e9e, elle accouche et tous les tests sont effectu\u00e9s. Nous nous assurons que les chatons sont parfaitement socialis\u00e9s et qu&rsquo;ils sont aptes, d&rsquo;un point de vue m\u00e9dical et comportemental, \u00e0 \u00eatre propos\u00e9s \u00e0 l&rsquo;adoption. <\/p>\n\n\n\n<p>Nous nous concentrons sur les b\u00e9b\u00e9s car ils constituent la communaut\u00e9 qui peut partager avec nos chats r\u00e9sidents. Les chats adultes sont parfaitement adoptables, mais chacun d&rsquo;entre eux met en moyenne un mois et demi \u00e0 s&rsquo;adapter. Ainsi, pour donner plus de volume \u00e0 la question du soutien social, nous nous concentrons davantage sur les b\u00e9b\u00e9s avec maman ou les b\u00e9b\u00e9s sans maman ou les chatons juv\u00e9niles de moins de 8 &#8211; 9 mois. <\/p>\n\n\n\n<p><strong>Depuis combien de temps El Catio fonctionne-t-il ?<\/strong><\/p>\n\n\n\n<p>Le Catio a peut-\u00eatre 8 mois. Il \u00e9tait principalement destin\u00e9 aux tuteurs de La Gater\u00eda. L&rsquo;espace servait de salle d&rsquo;attente. Ce sont les personnes elles-m\u00eames qui ont motiv\u00e9 la promotion de toutes les activit\u00e9s, etc. <\/p>\n\n\n\n<p><strong>Quelles sont les activit\u00e9s que vous proposez ?<\/strong><\/p>\n\n\n\n<p>Il s&rsquo;agit d&rsquo;un espace de <em>coworking<\/em> destin\u00e9 aux personnes qui pratiquent le t\u00e9l\u00e9travail ou aux travailleurs cr\u00e9atifs d&rsquo;autres r\u00e9gions artistiques qui souhaitent utiliser cet espace comme source de motivation.<\/p>\n\n\n\n<p>Nous avons \u00e9galement organis\u00e9 des r\u00e9unions pour les adultes neurodivergents. L&rsquo;id\u00e9e est d&rsquo;avoir un impact social non seulement sur les animaux, mais aussi sur le cercle des femmes, avec des discussions sur la maternit\u00e9, par exemple. <\/p>\n\n\n\n<p>C&rsquo;est un \u00e9quilibre parfait entre un projet \u00e0 but lucratif et un projet \u00e0 vocation sociale. Nous organisons \u00e9galement des ateliers, des conf\u00e9rences ou des formations sur les chats ou d&rsquo;autres sujets. <\/p>\n\n\n\n<p>Le mois suivant, une s\u00e9ance de karma yoga sera organis\u00e9e au profit d&rsquo;une cause sociale. L&rsquo;argent r\u00e9colt\u00e9 sera revers\u00e9 au refuge Markat, un groupe de jeunes filles de Sarapiqu\u00ed qui sauvent des chats adultes et les \u00e9l\u00e8vent. Le karma yoga aura lieu une fois par mois. <\/p>\n\n\n\n<p><strong>Quel a \u00e9t\u00e9 le soutien du public ?<\/strong><\/p>\n\n\n\n<p>Il y a eu beaucoup d&rsquo;ouverture d&rsquo;esprit. Aujourd&rsquo;hui, le chat est tr\u00e8s populaire, il est en vogue En fait, nous recevons des visiteurs tout le temps, les cours de yoga sont toujours pleins. Normalement, les personnes qui viennent sont pri\u00e9es de r\u00e9server \u00e0 l&rsquo;avance, car l&rsquo;espace a une capacit\u00e9 r\u00e9duite en raison de la sant\u00e9 mentale des chats. Nous croyons fermement que la croissance doit \u00eatre organique et toujours imiter la nature. Les choses ne poussent pas soudainement, mais lentement. <\/p>\n\n\n<div class=\"wp-block-image\">\n<figure class=\"aligncenter size-large\"><img loading=\"lazy\" decoding=\"async\" width=\"1024\" height=\"768\" src=\"https:\/\/www.sensorialsunsets.com\/wp-content\/uploads\/2023\/03\/WhatsApp-Image-2023-03-07-at-4.47.18-PM-1024x768.jpeg\" alt=\"\" class=\"wp-image-6215\" srcset=\"https:\/\/www.sensorialsunsets.com\/wp-content\/uploads\/2023\/03\/WhatsApp-Image-2023-03-07-at-4.47.18-PM-1024x768.jpeg 1024w, https:\/\/www.sensorialsunsets.com\/wp-content\/uploads\/2023\/03\/WhatsApp-Image-2023-03-07-at-4.47.18-PM-300x225.jpeg 300w, https:\/\/www.sensorialsunsets.com\/wp-content\/uploads\/2023\/03\/WhatsApp-Image-2023-03-07-at-4.47.18-PM-768x576.jpeg 768w, https:\/\/www.sensorialsunsets.com\/wp-content\/uploads\/2023\/03\/WhatsApp-Image-2023-03-07-at-4.47.18-PM-1536x1152.jpeg 1536w, https:\/\/www.sensorialsunsets.com\/wp-content\/uploads\/2023\/03\/WhatsApp-Image-2023-03-07-at-4.47.18-PM-1320x990.jpeg 1320w, https:\/\/www.sensorialsunsets.com\/wp-content\/uploads\/2023\/03\/WhatsApp-Image-2023-03-07-at-4.47.18-PM.jpeg 1600w\" sizes=\"auto, (max-width: 1024px) 100vw, 1024px\" \/><\/figure>\n<\/div>\n\n\n<blockquote class=\"wp-block-quote is-layout-flow wp-block-quote-is-layout-flow\">\n<p>Le projet est de devenir un cat caf\u00e9. Il est possible que El Catio et La Gater\u00eda soient s\u00e9par\u00e9s afin de faciliter le flux de personnes. <\/p>\n<\/blockquote>\n\n\n\n<p><strong>Acceptez-vous les donations ?<\/strong><\/p>\n\n\n\n<p>Nous avons une m\u00e9thode de travail bas\u00e9e sur les donations, en ce sens que lorsqu&rsquo;un chaton est propos\u00e9 \u00e0 l&rsquo;adoption, nous demandons un montant fixe. Cela nous permet de couvrir 30 \u00e0 40 % des d\u00e9penses, mais c&rsquo;est ainsi que nous nous aidons nous-m\u00eames. L&rsquo;autre fa\u00e7on de nous aider est avec les activit\u00e9s du Catio. Lorsque nous recevons des dons, nous les donnons \u00e0 d&rsquo;autres refuges. <\/p>\n\n\n\n<hr class=\"wp-block-separator has-alpha-channel-opacity is-style-dots\"\/>\n\n\n\n<p class=\"has-text-align-center\"><strong>El Catio<\/strong><\/p>\n\n\n\n<p class=\"has-text-align-center\"><strong>8342-4286<\/strong><\/p>\n\n\n\n<hr class=\"wp-block-separator has-alpha-channel-opacity is-style-dots\"\/>\n\n\n\n<p><strong>M\u00f3nica Gallardo et Zelda Walters en collaboration avec El Catio pour Sensorial Sunsets.&nbsp;<\/strong><\/p>\n","protected":false},"excerpt":{"rendered":"<p>Nous avons visit\u00e9 El Catio, un sanctuaire pour chats situ\u00e9 \u00e0 Barrio Escalante, et nous avons parl\u00e9 \u00e0 la Dr. Lin de ce nouveau projet au Costa Rica. Comment ce projet est-il n\u00e9 ? \u00c0 l&rsquo;\u00e2ge de 18 ans, je suis parti en Argentine pour \u00e9tudier la m\u00e9decine v\u00e9t\u00e9rinaire. Pendant que j&rsquo;\u00e9tais l\u00e0-bas, je pense [&hellip;]<\/p>\n","protected":false},"author":4,"featured_media":6212,"comment_status":"closed","ping_status":"closed","sticky":false,"template":"","format":"standard","meta":{"_acf_changed":false,"inline_featured_image":false,"_monsterinsights_skip_tracking":false,"_monsterinsights_sitenote_active":false,"_monsterinsights_sitenote_note":"","_monsterinsights_sitenote_category":0,"footnotes":""},"categories":[1,102],"tags":[],"class_list":["post-6238","post","type-post","status-publish","format-standard","has-post-thumbnail","hentry","category-non-classifiee","category-societe-fr"],"acf":[],"yoast_head":"<!-- This site is optimized with the Yoast SEO plugin v27.4 - https:\/\/yoast.com\/product\/yoast-seo-wordpress\/ -->\n<title>El Catio : de l&#039;amour des chats \u00e0 une nouvelle approche au Costa Rica - SensorialSunsets<\/title>\n<meta name=\"description\" content=\"D\u00e9couvrez El Catio, un sanctuaire pour les chats sauv\u00e9s de la rue et des refuges. Nous nous sommes entretenus avec la Dr. Lin pour en savoir plus sur le projet.\" \/>\n<meta name=\"robots\" content=\"index, follow, max-snippet:-1, max-image-preview:large, max-video-preview:-1\" \/>\n<link rel=\"canonical\" href=\"https:\/\/www.sensorialsunsets.com\/fr\/el-catio-de-lamour-des-chats-a-une-nouvelle-approche-au-costa-rica\/\" \/>\n<meta property=\"og:locale\" content=\"fr_FR\" \/>\n<meta property=\"og:type\" content=\"article\" \/>\n<meta property=\"og:title\" content=\"El Catio : de l&#039;amour des chats \u00e0 une nouvelle approche au Costa Rica - SensorialSunsets\" \/>\n<meta property=\"og:description\" content=\"D\u00e9couvrez El Catio, un sanctuaire pour les chats sauv\u00e9s de la rue et des refuges. Nous nous sommes entretenus avec la Dr. Lin pour en savoir plus sur le projet.\" \/>\n<meta property=\"og:url\" content=\"https:\/\/www.sensorialsunsets.com\/fr\/el-catio-de-lamour-des-chats-a-une-nouvelle-approche-au-costa-rica\/\" \/>\n<meta property=\"og:site_name\" content=\"SensorialSunsets\" \/>\n<meta property=\"article:publisher\" content=\"https:\/\/www.facebook.com\/Sensorial-Sunsets-109180614715562\" \/>\n<meta property=\"article:published_time\" content=\"2023-03-08T15:27:21+00:00\" \/>\n<meta property=\"article:modified_time\" content=\"2023-03-08T15:28:20+00:00\" \/>\n<meta property=\"og:image\" content=\"https:\/\/www.sensorialsunsets.com\/wp-content\/uploads\/2023\/03\/portada-catio.jpeg\" \/>\n\t<meta property=\"og:image:width\" content=\"1600\" \/>\n\t<meta property=\"og:image:height\" content=\"1076\" \/>\n\t<meta property=\"og:image:type\" content=\"image\/jpeg\" \/>\n<meta name=\"author\" content=\"Sensorial Sunsets\" \/>\n<meta name=\"twitter:card\" content=\"summary_large_image\" \/>\n<meta name=\"twitter:label1\" content=\"\u00c9crit par\" \/>\n\t<meta name=\"twitter:data1\" content=\"Sensorial Sunsets\" \/>\n\t<meta name=\"twitter:label2\" content=\"Dur\u00e9e de lecture estim\u00e9e\" \/>\n\t<meta name=\"twitter:data2\" content=\"7 minutes\" \/>\n<script type=\"application\/ld+json\" class=\"yoast-schema-graph\">{\"@context\":\"https:\\\/\\\/schema.org\",\"@graph\":[{\"@type\":\"Article\",\"@id\":\"https:\\\/\\\/www.sensorialsunsets.com\\\/fr\\\/el-catio-de-lamour-des-chats-a-une-nouvelle-approche-au-costa-rica\\\/#article\",\"isPartOf\":{\"@id\":\"https:\\\/\\\/www.sensorialsunsets.com\\\/fr\\\/el-catio-de-lamour-des-chats-a-une-nouvelle-approche-au-costa-rica\\\/\"},\"author\":{\"name\":\"Sensorial Sunsets\",\"@id\":\"https:\\\/\\\/www.sensorialsunsets.com\\\/fr\\\/#\\\/schema\\\/person\\\/77e2fa594135aa94024c47e281d8a94d\"},\"headline\":\"El Catio : de l&rsquo;amour des chats \u00e0 une nouvelle approche au Costa Rica\",\"datePublished\":\"2023-03-08T15:27:21+00:00\",\"dateModified\":\"2023-03-08T15:28:20+00:00\",\"mainEntityOfPage\":{\"@id\":\"https:\\\/\\\/www.sensorialsunsets.com\\\/fr\\\/el-catio-de-lamour-des-chats-a-une-nouvelle-approche-au-costa-rica\\\/\"},\"wordCount\":1402,\"publisher\":{\"@id\":\"https:\\\/\\\/www.sensorialsunsets.com\\\/fr\\\/#organization\"},\"image\":{\"@id\":\"https:\\\/\\\/www.sensorialsunsets.com\\\/fr\\\/el-catio-de-lamour-des-chats-a-une-nouvelle-approche-au-costa-rica\\\/#primaryimage\"},\"thumbnailUrl\":\"https:\\\/\\\/www.sensorialsunsets.com\\\/wp-content\\\/uploads\\\/2023\\\/03\\\/portada-catio.jpeg\",\"articleSection\":[\"Non classifi\u00e9(e)\",\"Soci\u00e9t\u00e9\"],\"inLanguage\":\"fr-FR\"},{\"@type\":\"WebPage\",\"@id\":\"https:\\\/\\\/www.sensorialsunsets.com\\\/fr\\\/el-catio-de-lamour-des-chats-a-une-nouvelle-approche-au-costa-rica\\\/\",\"url\":\"https:\\\/\\\/www.sensorialsunsets.com\\\/fr\\\/el-catio-de-lamour-des-chats-a-une-nouvelle-approche-au-costa-rica\\\/\",\"name\":\"El Catio : de l'amour des chats \u00e0 une nouvelle approche au Costa Rica - SensorialSunsets\",\"isPartOf\":{\"@id\":\"https:\\\/\\\/www.sensorialsunsets.com\\\/fr\\\/#website\"},\"primaryImageOfPage\":{\"@id\":\"https:\\\/\\\/www.sensorialsunsets.com\\\/fr\\\/el-catio-de-lamour-des-chats-a-une-nouvelle-approche-au-costa-rica\\\/#primaryimage\"},\"image\":{\"@id\":\"https:\\\/\\\/www.sensorialsunsets.com\\\/fr\\\/el-catio-de-lamour-des-chats-a-une-nouvelle-approche-au-costa-rica\\\/#primaryimage\"},\"thumbnailUrl\":\"https:\\\/\\\/www.sensorialsunsets.com\\\/wp-content\\\/uploads\\\/2023\\\/03\\\/portada-catio.jpeg\",\"datePublished\":\"2023-03-08T15:27:21+00:00\",\"dateModified\":\"2023-03-08T15:28:20+00:00\",\"description\":\"D\u00e9couvrez El Catio, un sanctuaire pour les chats sauv\u00e9s de la rue et des refuges. Nous nous sommes entretenus avec la Dr. Lin pour en savoir plus sur le projet.\",\"inLanguage\":\"fr-FR\",\"potentialAction\":[{\"@type\":\"ReadAction\",\"target\":[\"https:\\\/\\\/www.sensorialsunsets.com\\\/fr\\\/el-catio-de-lamour-des-chats-a-une-nouvelle-approche-au-costa-rica\\\/\"]}]},{\"@type\":\"ImageObject\",\"inLanguage\":\"fr-FR\",\"@id\":\"https:\\\/\\\/www.sensorialsunsets.com\\\/fr\\\/el-catio-de-lamour-des-chats-a-une-nouvelle-approche-au-costa-rica\\\/#primaryimage\",\"url\":\"https:\\\/\\\/www.sensorialsunsets.com\\\/wp-content\\\/uploads\\\/2023\\\/03\\\/portada-catio.jpeg\",\"contentUrl\":\"https:\\\/\\\/www.sensorialsunsets.com\\\/wp-content\\\/uploads\\\/2023\\\/03\\\/portada-catio.jpeg\",\"width\":1600,\"height\":1076},{\"@type\":\"WebSite\",\"@id\":\"https:\\\/\\\/www.sensorialsunsets.com\\\/fr\\\/#website\",\"url\":\"https:\\\/\\\/www.sensorialsunsets.com\\\/fr\\\/\",\"name\":\"SensorialSunsets.com\",\"description\":\"D\u00e9couvrez la culture et la soci\u00e9t\u00e9 du Costa Rica sur notre blog. Explorez des articles captivants et partagez le contenu.\",\"publisher\":{\"@id\":\"https:\\\/\\\/www.sensorialsunsets.com\\\/fr\\\/#organization\"},\"alternateName\":\"Costa Rica Live Blog\",\"potentialAction\":[{\"@type\":\"SearchAction\",\"target\":{\"@type\":\"EntryPoint\",\"urlTemplate\":\"https:\\\/\\\/www.sensorialsunsets.com\\\/fr\\\/?s={search_term_string}\"},\"query-input\":{\"@type\":\"PropertyValueSpecification\",\"valueRequired\":true,\"valueName\":\"search_term_string\"}}],\"inLanguage\":\"fr-FR\"},{\"@type\":\"Organization\",\"@id\":\"https:\\\/\\\/www.sensorialsunsets.com\\\/fr\\\/#organization\",\"name\":\"SensorialSunsets\",\"url\":\"https:\\\/\\\/www.sensorialsunsets.com\\\/fr\\\/\",\"logo\":{\"@type\":\"ImageObject\",\"inLanguage\":\"fr-FR\",\"@id\":\"https:\\\/\\\/www.sensorialsunsets.com\\\/fr\\\/#\\\/schema\\\/logo\\\/image\\\/\",\"url\":\"https:\\\/\\\/www.sensorialsunsets.com\\\/wp-content\\\/uploads\\\/2023\\\/04\\\/Logo_base_line_fond_clair.svg\",\"contentUrl\":\"https:\\\/\\\/www.sensorialsunsets.com\\\/wp-content\\\/uploads\\\/2023\\\/04\\\/Logo_base_line_fond_clair.svg\",\"width\":\"1024\",\"height\":\"1024\",\"caption\":\"SensorialSunsets\"},\"image\":{\"@id\":\"https:\\\/\\\/www.sensorialsunsets.com\\\/fr\\\/#\\\/schema\\\/logo\\\/image\\\/\"},\"sameAs\":[\"https:\\\/\\\/www.facebook.com\\\/Sensorial-Sunsets-109180614715562\",\"https:\\\/\\\/www.instagram.com\\\/sensorialsunsets\\\/\"]},{\"@type\":\"Person\",\"@id\":\"https:\\\/\\\/www.sensorialsunsets.com\\\/fr\\\/#\\\/schema\\\/person\\\/77e2fa594135aa94024c47e281d8a94d\",\"name\":\"Sensorial Sunsets\",\"image\":{\"@type\":\"ImageObject\",\"inLanguage\":\"fr-FR\",\"@id\":\"https:\\\/\\\/secure.gravatar.com\\\/avatar\\\/5f2d62681b1dad94c28f1500d4fc75582acdfd32b55fd1acce0a36a3c487eabe?s=96&d=mm&r=g\",\"url\":\"https:\\\/\\\/secure.gravatar.com\\\/avatar\\\/5f2d62681b1dad94c28f1500d4fc75582acdfd32b55fd1acce0a36a3c487eabe?s=96&d=mm&r=g\",\"contentUrl\":\"https:\\\/\\\/secure.gravatar.com\\\/avatar\\\/5f2d62681b1dad94c28f1500d4fc75582acdfd32b55fd1acce0a36a3c487eabe?s=96&d=mm&r=g\",\"caption\":\"Sensorial Sunsets\"},\"url\":\"https:\\\/\\\/www.sensorialsunsets.com\\\/fr\\\/author\\\/asistentes-sensorial-sunsets\\\/\"}]}<\/script>\n<!-- \/ Yoast SEO plugin. -->","yoast_head_json":{"title":"El Catio : de l'amour des chats \u00e0 une nouvelle approche au Costa Rica - SensorialSunsets","description":"D\u00e9couvrez El Catio, un sanctuaire pour les chats sauv\u00e9s de la rue et des refuges. Nous nous sommes entretenus avec la Dr. Lin pour en savoir plus sur le projet.","robots":{"index":"index","follow":"follow","max-snippet":"max-snippet:-1","max-image-preview":"max-image-preview:large","max-video-preview":"max-video-preview:-1"},"canonical":"https:\/\/www.sensorialsunsets.com\/fr\/el-catio-de-lamour-des-chats-a-une-nouvelle-approche-au-costa-rica\/","og_locale":"fr_FR","og_type":"article","og_title":"El Catio : de l'amour des chats \u00e0 une nouvelle approche au Costa Rica - SensorialSunsets","og_description":"D\u00e9couvrez El Catio, un sanctuaire pour les chats sauv\u00e9s de la rue et des refuges. Nous nous sommes entretenus avec la Dr. Lin pour en savoir plus sur le projet.","og_url":"https:\/\/www.sensorialsunsets.com\/fr\/el-catio-de-lamour-des-chats-a-une-nouvelle-approche-au-costa-rica\/","og_site_name":"SensorialSunsets","article_publisher":"https:\/\/www.facebook.com\/Sensorial-Sunsets-109180614715562","article_published_time":"2023-03-08T15:27:21+00:00","article_modified_time":"2023-03-08T15:28:20+00:00","og_image":[{"width":1600,"height":1076,"url":"https:\/\/www.sensorialsunsets.com\/wp-content\/uploads\/2023\/03\/portada-catio.jpeg","type":"image\/jpeg"}],"author":"Sensorial Sunsets","twitter_card":"summary_large_image","twitter_misc":{"\u00c9crit par":"Sensorial Sunsets","Dur\u00e9e de lecture estim\u00e9e":"7 minutes"},"schema":{"@context":"https:\/\/schema.org","@graph":[{"@type":"Article","@id":"https:\/\/www.sensorialsunsets.com\/fr\/el-catio-de-lamour-des-chats-a-une-nouvelle-approche-au-costa-rica\/#article","isPartOf":{"@id":"https:\/\/www.sensorialsunsets.com\/fr\/el-catio-de-lamour-des-chats-a-une-nouvelle-approche-au-costa-rica\/"},"author":{"name":"Sensorial Sunsets","@id":"https:\/\/www.sensorialsunsets.com\/fr\/#\/schema\/person\/77e2fa594135aa94024c47e281d8a94d"},"headline":"El Catio : de l&rsquo;amour des chats \u00e0 une nouvelle approche au Costa Rica","datePublished":"2023-03-08T15:27:21+00:00","dateModified":"2023-03-08T15:28:20+00:00","mainEntityOfPage":{"@id":"https:\/\/www.sensorialsunsets.com\/fr\/el-catio-de-lamour-des-chats-a-une-nouvelle-approche-au-costa-rica\/"},"wordCount":1402,"publisher":{"@id":"https:\/\/www.sensorialsunsets.com\/fr\/#organization"},"image":{"@id":"https:\/\/www.sensorialsunsets.com\/fr\/el-catio-de-lamour-des-chats-a-une-nouvelle-approche-au-costa-rica\/#primaryimage"},"thumbnailUrl":"https:\/\/www.sensorialsunsets.com\/wp-content\/uploads\/2023\/03\/portada-catio.jpeg","articleSection":["Non classifi\u00e9(e)","Soci\u00e9t\u00e9"],"inLanguage":"fr-FR"},{"@type":"WebPage","@id":"https:\/\/www.sensorialsunsets.com\/fr\/el-catio-de-lamour-des-chats-a-une-nouvelle-approche-au-costa-rica\/","url":"https:\/\/www.sensorialsunsets.com\/fr\/el-catio-de-lamour-des-chats-a-une-nouvelle-approche-au-costa-rica\/","name":"El Catio : de l'amour des chats \u00e0 une nouvelle approche au Costa Rica - SensorialSunsets","isPartOf":{"@id":"https:\/\/www.sensorialsunsets.com\/fr\/#website"},"primaryImageOfPage":{"@id":"https:\/\/www.sensorialsunsets.com\/fr\/el-catio-de-lamour-des-chats-a-une-nouvelle-approche-au-costa-rica\/#primaryimage"},"image":{"@id":"https:\/\/www.sensorialsunsets.com\/fr\/el-catio-de-lamour-des-chats-a-une-nouvelle-approche-au-costa-rica\/#primaryimage"},"thumbnailUrl":"https:\/\/www.sensorialsunsets.com\/wp-content\/uploads\/2023\/03\/portada-catio.jpeg","datePublished":"2023-03-08T15:27:21+00:00","dateModified":"2023-03-08T15:28:20+00:00","description":"D\u00e9couvrez El Catio, un sanctuaire pour les chats sauv\u00e9s de la rue et des refuges. Nous nous sommes entretenus avec la Dr. Lin pour en savoir plus sur le projet.","inLanguage":"fr-FR","potentialAction":[{"@type":"ReadAction","target":["https:\/\/www.sensorialsunsets.com\/fr\/el-catio-de-lamour-des-chats-a-une-nouvelle-approche-au-costa-rica\/"]}]},{"@type":"ImageObject","inLanguage":"fr-FR","@id":"https:\/\/www.sensorialsunsets.com\/fr\/el-catio-de-lamour-des-chats-a-une-nouvelle-approche-au-costa-rica\/#primaryimage","url":"https:\/\/www.sensorialsunsets.com\/wp-content\/uploads\/2023\/03\/portada-catio.jpeg","contentUrl":"https:\/\/www.sensorialsunsets.com\/wp-content\/uploads\/2023\/03\/portada-catio.jpeg","width":1600,"height":1076},{"@type":"WebSite","@id":"https:\/\/www.sensorialsunsets.com\/fr\/#website","url":"https:\/\/www.sensorialsunsets.com\/fr\/","name":"SensorialSunsets.com","description":"D\u00e9couvrez la culture et la soci\u00e9t\u00e9 du Costa Rica sur notre blog. Explorez des articles captivants et partagez le contenu.","publisher":{"@id":"https:\/\/www.sensorialsunsets.com\/fr\/#organization"},"alternateName":"Costa Rica Live Blog","potentialAction":[{"@type":"SearchAction","target":{"@type":"EntryPoint","urlTemplate":"https:\/\/www.sensorialsunsets.com\/fr\/?s={search_term_string}"},"query-input":{"@type":"PropertyValueSpecification","valueRequired":true,"valueName":"search_term_string"}}],"inLanguage":"fr-FR"},{"@type":"Organization","@id":"https:\/\/www.sensorialsunsets.com\/fr\/#organization","name":"SensorialSunsets","url":"https:\/\/www.sensorialsunsets.com\/fr\/","logo":{"@type":"ImageObject","inLanguage":"fr-FR","@id":"https:\/\/www.sensorialsunsets.com\/fr\/#\/schema\/logo\/image\/","url":"https:\/\/www.sensorialsunsets.com\/wp-content\/uploads\/2023\/04\/Logo_base_line_fond_clair.svg","contentUrl":"https:\/\/www.sensorialsunsets.com\/wp-content\/uploads\/2023\/04\/Logo_base_line_fond_clair.svg","width":"1024","height":"1024","caption":"SensorialSunsets"},"image":{"@id":"https:\/\/www.sensorialsunsets.com\/fr\/#\/schema\/logo\/image\/"},"sameAs":["https:\/\/www.facebook.com\/Sensorial-Sunsets-109180614715562","https:\/\/www.instagram.com\/sensorialsunsets\/"]},{"@type":"Person","@id":"https:\/\/www.sensorialsunsets.com\/fr\/#\/schema\/person\/77e2fa594135aa94024c47e281d8a94d","name":"Sensorial Sunsets","image":{"@type":"ImageObject","inLanguage":"fr-FR","@id":"https:\/\/secure.gravatar.com\/avatar\/5f2d62681b1dad94c28f1500d4fc75582acdfd32b55fd1acce0a36a3c487eabe?s=96&d=mm&r=g","url":"https:\/\/secure.gravatar.com\/avatar\/5f2d62681b1dad94c28f1500d4fc75582acdfd32b55fd1acce0a36a3c487eabe?s=96&d=mm&r=g","contentUrl":"https:\/\/secure.gravatar.com\/avatar\/5f2d62681b1dad94c28f1500d4fc75582acdfd32b55fd1acce0a36a3c487eabe?s=96&d=mm&r=g","caption":"Sensorial Sunsets"},"url":"https:\/\/www.sensorialsunsets.com\/fr\/author\/asistentes-sensorial-sunsets\/"}]}},"_links":{"self":[{"href":"https:\/\/www.sensorialsunsets.com\/fr\/wp-json\/wp\/v2\/posts\/6238","targetHints":{"allow":["GET"]}}],"collection":[{"href":"https:\/\/www.sensorialsunsets.com\/fr\/wp-json\/wp\/v2\/posts"}],"about":[{"href":"https:\/\/www.sensorialsunsets.com\/fr\/wp-json\/wp\/v2\/types\/post"}],"author":[{"embeddable":true,"href":"https:\/\/www.sensorialsunsets.com\/fr\/wp-json\/wp\/v2\/users\/4"}],"replies":[{"embeddable":true,"href":"https:\/\/www.sensorialsunsets.com\/fr\/wp-json\/wp\/v2\/comments?post=6238"}],"version-history":[{"count":0,"href":"https:\/\/www.sensorialsunsets.com\/fr\/wp-json\/wp\/v2\/posts\/6238\/revisions"}],"wp:featuredmedia":[{"embeddable":true,"href":"https:\/\/www.sensorialsunsets.com\/fr\/wp-json\/wp\/v2\/media\/6212"}],"wp:attachment":[{"href":"https:\/\/www.sensorialsunsets.com\/fr\/wp-json\/wp\/v2\/media?parent=6238"}],"wp:term":[{"taxonomy":"category","embeddable":true,"href":"https:\/\/www.sensorialsunsets.com\/fr\/wp-json\/wp\/v2\/categories?post=6238"},{"taxonomy":"post_tag","embeddable":true,"href":"https:\/\/www.sensorialsunsets.com\/fr\/wp-json\/wp\/v2\/tags?post=6238"}],"curies":[{"name":"wp","href":"https:\/\/api.w.org\/{rel}","templated":true}]}}