{"id":6800,"date":"2023-03-30T11:21:28","date_gmt":"2023-03-30T17:21:28","guid":{"rendered":"https:\/\/www.sensorialsunsets.com\/?p=6800"},"modified":"2023-03-30T13:08:07","modified_gmt":"2023-03-30T19:08:07","slug":"football-national-le-racisme-sur-le-terrain","status":"publish","type":"post","link":"https:\/\/www.sensorialsunsets.com\/fr\/football-national-le-racisme-sur-le-terrain\/","title":{"rendered":"Football national : le racisme sur le terrain ?"},"content":{"rendered":"\n<h2 class=\"wp-block-heading\">Les faits all\u00e9gu\u00e9s <\/h2>\n\n<p>Le conseil d&rsquo;administration de l&rsquo;\u00e9quipe de football costaricienne Saprissa a r\u00e9cemment d\u00e9cid\u00e9 de se passer des services de l&rsquo;entra\u00eeneur Jeaustin Campos, d\u00e9nonc\u00e9 pour avoir pr\u00e9tendument prof\u00e9r\u00e9 des insultes racistes \u00e0 l&rsquo;encontre de l&rsquo;un de ses joueurs, Javon East. <\/p>\n\n<p>La plainte a \u00e9t\u00e9 d\u00e9pos\u00e9e aupr\u00e8s de l&rsquo;Association des joueurs professionnels du Costa Rica (Asojupro) contre l&rsquo;entra\u00eeneur, qui aurait utilis\u00e9 des mots racistes pour attirer l&rsquo;attention du joueur. <\/p>\n\n<p>Il est mentionn\u00e9 que certains mots \u00e9taient des adjectifs s\u00e9gr\u00e9gationnistes tels que \u00ab\u00a0b\u00e2tard noir\u00a0\u00bb et \u00ab\u00a0putain de n\u00e8gre\u00a0\u00bb. <\/p>\n\n<p>Apr\u00e8s avoir signal\u00e9 l&rsquo;incident \u00e0 Asojupro, l&rsquo;association a transmis la plainte au conseil d&rsquo;administration du club de Saprissa, afin que des mesures soient prises. C&rsquo;est \u00e0 ce moment-l\u00e0 que Campos a \u00e9t\u00e9 licenci\u00e9. L&rsquo;action a \u00e9galement \u00e9t\u00e9 soutenue par la Coalition mondiale contre le racisme syst\u00e9mique. <\/p>\n\n<p>Javon Eats se serait \u00e9galement adress\u00e9 au manager du Deportivo Saprissa, Angel Catalina, mais sa r\u00e9ponse n&rsquo;a pas \u00e9t\u00e9 celle attendue par les plaignants, car il a normalis\u00e9 la situation en d\u00e9clarant : \u00ab\u00a0Au Costa Rica, il est tout \u00e0 fait normal que les joueurs noirs soient trait\u00e9s de cette mani\u00e8re\u00a0\u00bb. Asojupro poursuivra son enqu\u00eate interne sur les actions du manager. <\/p>\n\n<h2 class=\"wp-block-heading\">La r\u00e9ponse de Jeaustin Campos et des m\u00e9dias<\/h2>\n\n<figure class=\"wp-block-image size-full\"><img loading=\"lazy\" decoding=\"async\" width=\"899\" height=\"505\" src=\"https:\/\/www.sensorialsunsets.com\/wp-content\/uploads\/2023\/03\/259895939_222358703322955_5665144092121247658_n.jpg\" alt=\"\" class=\"wp-image-6787\" srcset=\"https:\/\/www.sensorialsunsets.com\/wp-content\/uploads\/2023\/03\/259895939_222358703322955_5665144092121247658_n.jpg 899w, https:\/\/www.sensorialsunsets.com\/wp-content\/uploads\/2023\/03\/259895939_222358703322955_5665144092121247658_n-300x169.jpg 300w, https:\/\/www.sensorialsunsets.com\/wp-content\/uploads\/2023\/03\/259895939_222358703322955_5665144092121247658_n-768x431.jpg 768w\" sizes=\"auto, (max-width: 899px) 100vw, 899px\" \/><figcaption class=\"wp-element-caption\">Jeaustin Campos. R\u00e9cup\u00e9r\u00e9 de : Instagram.<\/figcaption><\/figure>\n\n<p>Pour sa part, Jeaustin Campos intentera une action en justice contre le club de Saprissa pour injustice et atteinte \u00e0 son image. Lors de la conf\u00e9rence de presse donn\u00e9e avec ses avocats, il a d\u00e9clar\u00e9 que : <\/p>\n\n<blockquote class=\"wp-block-quote is-layout-flow wp-block-quote-is-layout-flow\">\n<p><em>Ils ne m&rsquo;ont m\u00eame pas donn\u00e9 l&rsquo;occasion d&rsquo;\u00eatre entendu, ni mes t\u00e9moins. Le protocole de Saprissa \u00e9tait de juger, de condamner et de rendre l&rsquo;affaire publique. Ce serviteur est priv\u00e9 du droit de tout \u00eatre humain \u00e0 se d\u00e9fendre. Le lynchage g\u00e9n\u00e9ral, le cannibalisme m\u00e9diatique que nous avons subi \u00bb.<\/em><\/p>\n<\/blockquote>\n\n<p>En outre, ses avocats ont assur\u00e9 que Campos n&rsquo;avait jamais insult\u00e9 le joueur et qu&rsquo;il n&rsquo;est pas raciste. <\/p>\n\n<p>En outre, apr\u00e8s avoir \u00e9t\u00e9 publiquement d\u00e9nonc\u00e9s, des membres de l&rsquo;industrie musicale, des producteurs et des reines de beaut\u00e9 de la communaut\u00e9 afro-descendante du pays ont pris position et comment\u00e9 la situation. Lire les commentaires dans cet <strong><a href=\"https:\/\/www.diarioextra.com\/Noticia\/detalle\/496374\/famosos-afrodescendientes-reaccionan-contra-jeaustin-campos\">article de Diario Extra<\/a>.\u00a0<\/strong><\/p>\n\n<p>Les actes de racisme et de discrimination dans le football national ne sont pas nouveaux. En effet, ils sont profond\u00e9ment int\u00e9rioris\u00e9s et normalis\u00e9s dans la culture sportive costaricienne. Cette situation contraste fortement avec l&rsquo;application par le Costa Rica de la loi contre la violence et le racisme dans les manifestations sportives \u00e0 partir de 2020.  <\/p>\n\n<p>Enfin, parce qu&rsquo;il s&rsquo;agissait d&rsquo;une d\u00e9nonciation sur un sujet aussi sensible (et parce qu&rsquo;elle \u00e9tait tr\u00e8s m\u00e9diatique), l&rsquo;une des parties a acc\u00e9l\u00e9r\u00e9 le processus de prise de d\u00e9cision. De plus, les r\u00e9actions des droits de l&rsquo;homme ont \u00e9t\u00e9 entendues dans les m\u00e9dias. <\/p>\n\n<p>Nous suivrons l&rsquo;affaire de pr\u00e8s. <\/p>\n\n<p><strong>Sensorial Sunsets<\/strong><\/p>\n","protected":false},"excerpt":{"rendered":"<p>Les faits all\u00e9gu\u00e9s Le conseil d&rsquo;administration de l&rsquo;\u00e9quipe de football costaricienne Saprissa a r\u00e9cemment d\u00e9cid\u00e9 de se passer des services de l&rsquo;entra\u00eeneur Jeaustin Campos, d\u00e9nonc\u00e9 pour avoir pr\u00e9tendument prof\u00e9r\u00e9 des insultes racistes \u00e0 l&rsquo;encontre de l&rsquo;un de ses joueurs, Javon East. La plainte a \u00e9t\u00e9 d\u00e9pos\u00e9e aupr\u00e8s de l&rsquo;Association des joueurs professionnels du Costa Rica [&hellip;]<\/p>\n","protected":false},"author":4,"featured_media":6792,"comment_status":"closed","ping_status":"closed","sticky":false,"template":"","format":"standard","meta":{"_acf_changed":false,"inline_featured_image":false,"_monsterinsights_skip_tracking":false,"_monsterinsights_sitenote_active":false,"_monsterinsights_sitenote_note":"","_monsterinsights_sitenote_category":0,"footnotes":""},"categories":[101],"tags":[],"class_list":["post-6800","post","type-post","status-publish","format-standard","has-post-thumbnail","hentry","category-sports-fr"],"acf":[],"yoast_head":"<!-- This site is optimized with the Yoast SEO plugin v27.4 - https:\/\/yoast.com\/product\/yoast-seo-wordpress\/ -->\n<title>Football national : le racisme sur le terrain ? - SensorialSunsets<\/title>\n<meta name=\"description\" content=\"La nouvelle du d\u00e9part de Jeaustin Campos de l&#039;\u00e9quipe de football de Saprissa en raison d&#039;accusations de racisme \u00e0 son encontre a \u00e9t\u00e9 r\u00e9v\u00e9l\u00e9e.\" \/>\n<meta name=\"robots\" content=\"index, follow, max-snippet:-1, max-image-preview:large, max-video-preview:-1\" \/>\n<link rel=\"canonical\" href=\"https:\/\/www.sensorialsunsets.com\/fr\/football-national-le-racisme-sur-le-terrain\/\" \/>\n<meta property=\"og:locale\" content=\"fr_FR\" \/>\n<meta property=\"og:type\" content=\"article\" \/>\n<meta property=\"og:title\" content=\"Football national : le racisme sur le terrain ? - SensorialSunsets\" \/>\n<meta property=\"og:description\" content=\"La nouvelle du d\u00e9part de Jeaustin Campos de l&#039;\u00e9quipe de football de Saprissa en raison d&#039;accusations de racisme \u00e0 son encontre a \u00e9t\u00e9 r\u00e9v\u00e9l\u00e9e.\" \/>\n<meta property=\"og:url\" content=\"https:\/\/www.sensorialsunsets.com\/fr\/football-national-le-racisme-sur-le-terrain\/\" \/>\n<meta property=\"og:site_name\" content=\"SensorialSunsets\" \/>\n<meta property=\"article:publisher\" content=\"https:\/\/www.facebook.com\/Sensorial-Sunsets-109180614715562\" \/>\n<meta property=\"article:published_time\" content=\"2023-03-30T17:21:28+00:00\" \/>\n<meta property=\"article:modified_time\" content=\"2023-03-30T19:08:07+00:00\" \/>\n<meta property=\"og:image\" content=\"https:\/\/www.sensorialsunsets.com\/wp-content\/uploads\/2023\/03\/emilio-garcia-AWdCgDDedH0-unsplash-scaled.jpg\" \/>\n\t<meta property=\"og:image:width\" content=\"2560\" \/>\n\t<meta property=\"og:image:height\" content=\"1496\" \/>\n\t<meta property=\"og:image:type\" content=\"image\/jpeg\" \/>\n<meta name=\"author\" content=\"Sensorial Sunsets\" \/>\n<meta name=\"twitter:card\" content=\"summary_large_image\" \/>\n<meta name=\"twitter:label1\" content=\"\u00c9crit par\" \/>\n\t<meta name=\"twitter:data1\" content=\"Sensorial Sunsets\" \/>\n\t<meta name=\"twitter:label2\" content=\"Dur\u00e9e de lecture estim\u00e9e\" \/>\n\t<meta name=\"twitter:data2\" content=\"3 minutes\" \/>\n<script type=\"application\/ld+json\" class=\"yoast-schema-graph\">{\"@context\":\"https:\\\/\\\/schema.org\",\"@graph\":[{\"@type\":\"Article\",\"@id\":\"https:\\\/\\\/www.sensorialsunsets.com\\\/fr\\\/football-national-le-racisme-sur-le-terrain\\\/#article\",\"isPartOf\":{\"@id\":\"https:\\\/\\\/www.sensorialsunsets.com\\\/fr\\\/football-national-le-racisme-sur-le-terrain\\\/\"},\"author\":{\"name\":\"Sensorial Sunsets\",\"@id\":\"https:\\\/\\\/www.sensorialsunsets.com\\\/fr\\\/#\\\/schema\\\/person\\\/77e2fa594135aa94024c47e281d8a94d\"},\"headline\":\"Football national : le racisme sur le terrain ?\",\"datePublished\":\"2023-03-30T17:21:28+00:00\",\"dateModified\":\"2023-03-30T19:08:07+00:00\",\"mainEntityOfPage\":{\"@id\":\"https:\\\/\\\/www.sensorialsunsets.com\\\/fr\\\/football-national-le-racisme-sur-le-terrain\\\/\"},\"wordCount\":535,\"publisher\":{\"@id\":\"https:\\\/\\\/www.sensorialsunsets.com\\\/fr\\\/#organization\"},\"image\":{\"@id\":\"https:\\\/\\\/www.sensorialsunsets.com\\\/fr\\\/football-national-le-racisme-sur-le-terrain\\\/#primaryimage\"},\"thumbnailUrl\":\"https:\\\/\\\/www.sensorialsunsets.com\\\/wp-content\\\/uploads\\\/2023\\\/03\\\/emilio-garcia-AWdCgDDedH0-unsplash-scaled.jpg\",\"articleSection\":[\"Sports\"],\"inLanguage\":\"fr-FR\"},{\"@type\":\"WebPage\",\"@id\":\"https:\\\/\\\/www.sensorialsunsets.com\\\/fr\\\/football-national-le-racisme-sur-le-terrain\\\/\",\"url\":\"https:\\\/\\\/www.sensorialsunsets.com\\\/fr\\\/football-national-le-racisme-sur-le-terrain\\\/\",\"name\":\"Football national : le racisme sur le terrain ? - SensorialSunsets\",\"isPartOf\":{\"@id\":\"https:\\\/\\\/www.sensorialsunsets.com\\\/fr\\\/#website\"},\"primaryImageOfPage\":{\"@id\":\"https:\\\/\\\/www.sensorialsunsets.com\\\/fr\\\/football-national-le-racisme-sur-le-terrain\\\/#primaryimage\"},\"image\":{\"@id\":\"https:\\\/\\\/www.sensorialsunsets.com\\\/fr\\\/football-national-le-racisme-sur-le-terrain\\\/#primaryimage\"},\"thumbnailUrl\":\"https:\\\/\\\/www.sensorialsunsets.com\\\/wp-content\\\/uploads\\\/2023\\\/03\\\/emilio-garcia-AWdCgDDedH0-unsplash-scaled.jpg\",\"datePublished\":\"2023-03-30T17:21:28+00:00\",\"dateModified\":\"2023-03-30T19:08:07+00:00\",\"description\":\"La nouvelle du d\u00e9part de Jeaustin Campos de l'\u00e9quipe de football de Saprissa en raison d'accusations de racisme \u00e0 son encontre a \u00e9t\u00e9 r\u00e9v\u00e9l\u00e9e.\",\"inLanguage\":\"fr-FR\",\"potentialAction\":[{\"@type\":\"ReadAction\",\"target\":[\"https:\\\/\\\/www.sensorialsunsets.com\\\/fr\\\/football-national-le-racisme-sur-le-terrain\\\/\"]}]},{\"@type\":\"ImageObject\",\"inLanguage\":\"fr-FR\",\"@id\":\"https:\\\/\\\/www.sensorialsunsets.com\\\/fr\\\/football-national-le-racisme-sur-le-terrain\\\/#primaryimage\",\"url\":\"https:\\\/\\\/www.sensorialsunsets.com\\\/wp-content\\\/uploads\\\/2023\\\/03\\\/emilio-garcia-AWdCgDDedH0-unsplash-scaled.jpg\",\"contentUrl\":\"https:\\\/\\\/www.sensorialsunsets.com\\\/wp-content\\\/uploads\\\/2023\\\/03\\\/emilio-garcia-AWdCgDDedH0-unsplash-scaled.jpg\",\"width\":2560,\"height\":1496},{\"@type\":\"WebSite\",\"@id\":\"https:\\\/\\\/www.sensorialsunsets.com\\\/fr\\\/#website\",\"url\":\"https:\\\/\\\/www.sensorialsunsets.com\\\/fr\\\/\",\"name\":\"SensorialSunsets.com\",\"description\":\"D\u00e9couvrez la culture et la soci\u00e9t\u00e9 du Costa Rica sur notre blog. Explorez des articles captivants et partagez le contenu.\",\"publisher\":{\"@id\":\"https:\\\/\\\/www.sensorialsunsets.com\\\/fr\\\/#organization\"},\"alternateName\":\"Costa Rica Live Blog\",\"potentialAction\":[{\"@type\":\"SearchAction\",\"target\":{\"@type\":\"EntryPoint\",\"urlTemplate\":\"https:\\\/\\\/www.sensorialsunsets.com\\\/fr\\\/?s={search_term_string}\"},\"query-input\":{\"@type\":\"PropertyValueSpecification\",\"valueRequired\":true,\"valueName\":\"search_term_string\"}}],\"inLanguage\":\"fr-FR\"},{\"@type\":\"Organization\",\"@id\":\"https:\\\/\\\/www.sensorialsunsets.com\\\/fr\\\/#organization\",\"name\":\"SensorialSunsets\",\"url\":\"https:\\\/\\\/www.sensorialsunsets.com\\\/fr\\\/\",\"logo\":{\"@type\":\"ImageObject\",\"inLanguage\":\"fr-FR\",\"@id\":\"https:\\\/\\\/www.sensorialsunsets.com\\\/fr\\\/#\\\/schema\\\/logo\\\/image\\\/\",\"url\":\"https:\\\/\\\/www.sensorialsunsets.com\\\/wp-content\\\/uploads\\\/2023\\\/04\\\/Logo_base_line_fond_clair.svg\",\"contentUrl\":\"https:\\\/\\\/www.sensorialsunsets.com\\\/wp-content\\\/uploads\\\/2023\\\/04\\\/Logo_base_line_fond_clair.svg\",\"width\":\"1024\",\"height\":\"1024\",\"caption\":\"SensorialSunsets\"},\"image\":{\"@id\":\"https:\\\/\\\/www.sensorialsunsets.com\\\/fr\\\/#\\\/schema\\\/logo\\\/image\\\/\"},\"sameAs\":[\"https:\\\/\\\/www.facebook.com\\\/Sensorial-Sunsets-109180614715562\",\"https:\\\/\\\/www.instagram.com\\\/sensorialsunsets\\\/\"]},{\"@type\":\"Person\",\"@id\":\"https:\\\/\\\/www.sensorialsunsets.com\\\/fr\\\/#\\\/schema\\\/person\\\/77e2fa594135aa94024c47e281d8a94d\",\"name\":\"Sensorial Sunsets\",\"image\":{\"@type\":\"ImageObject\",\"inLanguage\":\"fr-FR\",\"@id\":\"https:\\\/\\\/secure.gravatar.com\\\/avatar\\\/5f2d62681b1dad94c28f1500d4fc75582acdfd32b55fd1acce0a36a3c487eabe?s=96&d=mm&r=g\",\"url\":\"https:\\\/\\\/secure.gravatar.com\\\/avatar\\\/5f2d62681b1dad94c28f1500d4fc75582acdfd32b55fd1acce0a36a3c487eabe?s=96&d=mm&r=g\",\"contentUrl\":\"https:\\\/\\\/secure.gravatar.com\\\/avatar\\\/5f2d62681b1dad94c28f1500d4fc75582acdfd32b55fd1acce0a36a3c487eabe?s=96&d=mm&r=g\",\"caption\":\"Sensorial Sunsets\"},\"url\":\"https:\\\/\\\/www.sensorialsunsets.com\\\/fr\\\/author\\\/asistentes-sensorial-sunsets\\\/\"}]}<\/script>\n<!-- \/ Yoast SEO plugin. -->","yoast_head_json":{"title":"Football national : le racisme sur le terrain ? - SensorialSunsets","description":"La nouvelle du d\u00e9part de Jeaustin Campos de l'\u00e9quipe de football de Saprissa en raison d'accusations de racisme \u00e0 son encontre a \u00e9t\u00e9 r\u00e9v\u00e9l\u00e9e.","robots":{"index":"index","follow":"follow","max-snippet":"max-snippet:-1","max-image-preview":"max-image-preview:large","max-video-preview":"max-video-preview:-1"},"canonical":"https:\/\/www.sensorialsunsets.com\/fr\/football-national-le-racisme-sur-le-terrain\/","og_locale":"fr_FR","og_type":"article","og_title":"Football national : le racisme sur le terrain ? - SensorialSunsets","og_description":"La nouvelle du d\u00e9part de Jeaustin Campos de l'\u00e9quipe de football de Saprissa en raison d'accusations de racisme \u00e0 son encontre a \u00e9t\u00e9 r\u00e9v\u00e9l\u00e9e.","og_url":"https:\/\/www.sensorialsunsets.com\/fr\/football-national-le-racisme-sur-le-terrain\/","og_site_name":"SensorialSunsets","article_publisher":"https:\/\/www.facebook.com\/Sensorial-Sunsets-109180614715562","article_published_time":"2023-03-30T17:21:28+00:00","article_modified_time":"2023-03-30T19:08:07+00:00","og_image":[{"width":2560,"height":1496,"url":"https:\/\/www.sensorialsunsets.com\/wp-content\/uploads\/2023\/03\/emilio-garcia-AWdCgDDedH0-unsplash-scaled.jpg","type":"image\/jpeg"}],"author":"Sensorial Sunsets","twitter_card":"summary_large_image","twitter_misc":{"\u00c9crit par":"Sensorial Sunsets","Dur\u00e9e de lecture estim\u00e9e":"3 minutes"},"schema":{"@context":"https:\/\/schema.org","@graph":[{"@type":"Article","@id":"https:\/\/www.sensorialsunsets.com\/fr\/football-national-le-racisme-sur-le-terrain\/#article","isPartOf":{"@id":"https:\/\/www.sensorialsunsets.com\/fr\/football-national-le-racisme-sur-le-terrain\/"},"author":{"name":"Sensorial Sunsets","@id":"https:\/\/www.sensorialsunsets.com\/fr\/#\/schema\/person\/77e2fa594135aa94024c47e281d8a94d"},"headline":"Football national : le racisme sur le terrain ?","datePublished":"2023-03-30T17:21:28+00:00","dateModified":"2023-03-30T19:08:07+00:00","mainEntityOfPage":{"@id":"https:\/\/www.sensorialsunsets.com\/fr\/football-national-le-racisme-sur-le-terrain\/"},"wordCount":535,"publisher":{"@id":"https:\/\/www.sensorialsunsets.com\/fr\/#organization"},"image":{"@id":"https:\/\/www.sensorialsunsets.com\/fr\/football-national-le-racisme-sur-le-terrain\/#primaryimage"},"thumbnailUrl":"https:\/\/www.sensorialsunsets.com\/wp-content\/uploads\/2023\/03\/emilio-garcia-AWdCgDDedH0-unsplash-scaled.jpg","articleSection":["Sports"],"inLanguage":"fr-FR"},{"@type":"WebPage","@id":"https:\/\/www.sensorialsunsets.com\/fr\/football-national-le-racisme-sur-le-terrain\/","url":"https:\/\/www.sensorialsunsets.com\/fr\/football-national-le-racisme-sur-le-terrain\/","name":"Football national : le racisme sur le terrain ? - SensorialSunsets","isPartOf":{"@id":"https:\/\/www.sensorialsunsets.com\/fr\/#website"},"primaryImageOfPage":{"@id":"https:\/\/www.sensorialsunsets.com\/fr\/football-national-le-racisme-sur-le-terrain\/#primaryimage"},"image":{"@id":"https:\/\/www.sensorialsunsets.com\/fr\/football-national-le-racisme-sur-le-terrain\/#primaryimage"},"thumbnailUrl":"https:\/\/www.sensorialsunsets.com\/wp-content\/uploads\/2023\/03\/emilio-garcia-AWdCgDDedH0-unsplash-scaled.jpg","datePublished":"2023-03-30T17:21:28+00:00","dateModified":"2023-03-30T19:08:07+00:00","description":"La nouvelle du d\u00e9part de Jeaustin Campos de l'\u00e9quipe de football de Saprissa en raison d'accusations de racisme \u00e0 son encontre a \u00e9t\u00e9 r\u00e9v\u00e9l\u00e9e.","inLanguage":"fr-FR","potentialAction":[{"@type":"ReadAction","target":["https:\/\/www.sensorialsunsets.com\/fr\/football-national-le-racisme-sur-le-terrain\/"]}]},{"@type":"ImageObject","inLanguage":"fr-FR","@id":"https:\/\/www.sensorialsunsets.com\/fr\/football-national-le-racisme-sur-le-terrain\/#primaryimage","url":"https:\/\/www.sensorialsunsets.com\/wp-content\/uploads\/2023\/03\/emilio-garcia-AWdCgDDedH0-unsplash-scaled.jpg","contentUrl":"https:\/\/www.sensorialsunsets.com\/wp-content\/uploads\/2023\/03\/emilio-garcia-AWdCgDDedH0-unsplash-scaled.jpg","width":2560,"height":1496},{"@type":"WebSite","@id":"https:\/\/www.sensorialsunsets.com\/fr\/#website","url":"https:\/\/www.sensorialsunsets.com\/fr\/","name":"SensorialSunsets.com","description":"D\u00e9couvrez la culture et la soci\u00e9t\u00e9 du Costa Rica sur notre blog. Explorez des articles captivants et partagez le contenu.","publisher":{"@id":"https:\/\/www.sensorialsunsets.com\/fr\/#organization"},"alternateName":"Costa Rica Live Blog","potentialAction":[{"@type":"SearchAction","target":{"@type":"EntryPoint","urlTemplate":"https:\/\/www.sensorialsunsets.com\/fr\/?s={search_term_string}"},"query-input":{"@type":"PropertyValueSpecification","valueRequired":true,"valueName":"search_term_string"}}],"inLanguage":"fr-FR"},{"@type":"Organization","@id":"https:\/\/www.sensorialsunsets.com\/fr\/#organization","name":"SensorialSunsets","url":"https:\/\/www.sensorialsunsets.com\/fr\/","logo":{"@type":"ImageObject","inLanguage":"fr-FR","@id":"https:\/\/www.sensorialsunsets.com\/fr\/#\/schema\/logo\/image\/","url":"https:\/\/www.sensorialsunsets.com\/wp-content\/uploads\/2023\/04\/Logo_base_line_fond_clair.svg","contentUrl":"https:\/\/www.sensorialsunsets.com\/wp-content\/uploads\/2023\/04\/Logo_base_line_fond_clair.svg","width":"1024","height":"1024","caption":"SensorialSunsets"},"image":{"@id":"https:\/\/www.sensorialsunsets.com\/fr\/#\/schema\/logo\/image\/"},"sameAs":["https:\/\/www.facebook.com\/Sensorial-Sunsets-109180614715562","https:\/\/www.instagram.com\/sensorialsunsets\/"]},{"@type":"Person","@id":"https:\/\/www.sensorialsunsets.com\/fr\/#\/schema\/person\/77e2fa594135aa94024c47e281d8a94d","name":"Sensorial Sunsets","image":{"@type":"ImageObject","inLanguage":"fr-FR","@id":"https:\/\/secure.gravatar.com\/avatar\/5f2d62681b1dad94c28f1500d4fc75582acdfd32b55fd1acce0a36a3c487eabe?s=96&d=mm&r=g","url":"https:\/\/secure.gravatar.com\/avatar\/5f2d62681b1dad94c28f1500d4fc75582acdfd32b55fd1acce0a36a3c487eabe?s=96&d=mm&r=g","contentUrl":"https:\/\/secure.gravatar.com\/avatar\/5f2d62681b1dad94c28f1500d4fc75582acdfd32b55fd1acce0a36a3c487eabe?s=96&d=mm&r=g","caption":"Sensorial Sunsets"},"url":"https:\/\/www.sensorialsunsets.com\/fr\/author\/asistentes-sensorial-sunsets\/"}]}},"_links":{"self":[{"href":"https:\/\/www.sensorialsunsets.com\/fr\/wp-json\/wp\/v2\/posts\/6800","targetHints":{"allow":["GET"]}}],"collection":[{"href":"https:\/\/www.sensorialsunsets.com\/fr\/wp-json\/wp\/v2\/posts"}],"about":[{"href":"https:\/\/www.sensorialsunsets.com\/fr\/wp-json\/wp\/v2\/types\/post"}],"author":[{"embeddable":true,"href":"https:\/\/www.sensorialsunsets.com\/fr\/wp-json\/wp\/v2\/users\/4"}],"replies":[{"embeddable":true,"href":"https:\/\/www.sensorialsunsets.com\/fr\/wp-json\/wp\/v2\/comments?post=6800"}],"version-history":[{"count":0,"href":"https:\/\/www.sensorialsunsets.com\/fr\/wp-json\/wp\/v2\/posts\/6800\/revisions"}],"wp:featuredmedia":[{"embeddable":true,"href":"https:\/\/www.sensorialsunsets.com\/fr\/wp-json\/wp\/v2\/media\/6792"}],"wp:attachment":[{"href":"https:\/\/www.sensorialsunsets.com\/fr\/wp-json\/wp\/v2\/media?parent=6800"}],"wp:term":[{"taxonomy":"category","embeddable":true,"href":"https:\/\/www.sensorialsunsets.com\/fr\/wp-json\/wp\/v2\/categories?post=6800"},{"taxonomy":"post_tag","embeddable":true,"href":"https:\/\/www.sensorialsunsets.com\/fr\/wp-json\/wp\/v2\/tags?post=6800"}],"curies":[{"name":"wp","href":"https:\/\/api.w.org\/{rel}","templated":true}]}}