{"id":6895,"date":"2023-04-03T15:23:08","date_gmt":"2023-04-03T21:23:08","guid":{"rendered":"https:\/\/www.sensorialsunsets.com\/?p=6895"},"modified":"2023-04-03T15:23:24","modified_gmt":"2023-04-03T21:23:24","slug":"les-biscuits-au-fromage","status":"publish","type":"post","link":"https:\/\/www.sensorialsunsets.com\/fr\/les-biscuits-au-fromage\/","title":{"rendered":"Les biscuits au fromage"},"content":{"rendered":"\n<h2 class=\"wp-block-heading\">Une recette pour les f\u00eates de P\u00e2ques&#13;\n<\/h2>\n\n<p>Les biscuits au fromage sont un h\u00e9ritage de la cuisine costaricienne qu&rsquo;il faut absolument go\u00fbter. Ils sont servis au petit-d\u00e9jeuner ou avec le caf\u00e9 dans l&rsquo;apr\u00e8s-midi. Ce sont des p\u00e2tisseries au fromage cuites au four, donc plus saines.&#13;\n<\/p>\n\n<h2 class=\"wp-block-heading\"><strong>Recette de biscuit au fromage<\/strong>.<\/h2>\n\n<ul class=\"wp-block-list\">\n<li>2 kg de p\u00e2te, farine de ma\u00efs ou 4 kg de farine de molino (farine de ma\u00efs molido) <\/li>\n\n\n\n<li>1 litre de lait aigre ou de cr\u00e8me fra\u00eeche<\/li>\n\n\n\n<li>1 1\/2 litre de cr\u00e8me fra\u00eeche non sal\u00e9e<\/li>\n\n\n\n<li>Eau (si le m\u00e9lange est trop sec)<\/li>\n\n\n\n<li>1 plaquette de beurre<\/li>\n\n\n\n<li>1 1\/2 kg de fromage affin\u00e9<\/li>\n<\/ul>\n<div class=\"wp-block-image\">\n<figure class=\"alignright size-full is-resized\"><img loading=\"lazy\" decoding=\"async\" src=\"https:\/\/www.sensorialsunsets.com\/wp-content\/uploads\/2023\/04\/bizcocho-main_vwxuuu-2-edited.jpg\" alt=\"\" class=\"wp-image-6878\" width=\"411\" height=\"230\" srcset=\"https:\/\/www.sensorialsunsets.com\/wp-content\/uploads\/2023\/04\/bizcocho-main_vwxuuu-2-edited.jpg 1000w, https:\/\/www.sensorialsunsets.com\/wp-content\/uploads\/2023\/04\/bizcocho-main_vwxuuu-2-edited-300x169.jpg 300w, https:\/\/www.sensorialsunsets.com\/wp-content\/uploads\/2023\/04\/bizcocho-main_vwxuuu-2-edited-768x432.jpg 768w\" sizes=\"auto, (max-width: 411px) 100vw, 411px\" \/><\/figure>\n<\/div>\n<ol class=\"wp-block-list\">\n<li>M\u00e9langer s\u00e9par\u00e9ment 4 tasses de cr\u00e8me p\u00e2tissi\u00e8re et 2 tasses de fromage r\u00e2p\u00e9. Ce m\u00e9lange servira \u00e0 fourrer les biscuits et \u00e0 les recouvrir pour les faire dorer.&#13;\n<\/li>\n<\/ol>\n\n<ol class=\"wp-block-list\" start=\"2\">\n<li>Sur une surface plane et propre, m\u00e9langer 1 kg de p\u00e2te avec le fromage, la cr\u00e8me fra\u00eeche et m\u00e9langer. &#13;\n<\/li>\n<\/ol>\n\n<ol class=\"wp-block-list\" start=\"3\">\n<li>Ajouter tout le reste de la cr\u00e8me fra\u00eeche, l&rsquo;autre 1 kg de p\u00e2te et la noix de beurre (vous pouvez la faire fondre si elle n&rsquo;est pas tr\u00e8s molle) et p\u00e9trir fermement pendant 15 minutes. Ceci, jusqu&rsquo;\u00e0 ce que vous ayez le point que prend la p\u00e2te pour faire des tortillas, si elle est trop s\u00e8che ajoutez de l&rsquo;eau chaude petit \u00e0 petit.&#13;\n<\/li>\n<\/ol>\n\n<ol class=\"wp-block-list\" start=\"4\">\n<li>Faire de petites boules avec la p\u00e2te.<\/li>\n<\/ol>\n\n<ol class=\"wp-block-list\" start=\"5\">\n<li>Former les tortillas \u00e0 la main et presser les boules pour qu&rsquo;elles soient circulaires et un peu \u00e9paisses, presser et tourner la tortilla d&rsquo;une main et la mouler en forme ronde avec l&rsquo;autre main.&#13;\n<\/li>\n<\/ol>\n\n<ol class=\"wp-block-list\" start=\"6\">\n<li>Remplir la tortilla d&rsquo;une cuill\u00e8re \u00e0 caf\u00e9 du m\u00e9lange de fromage et de cr\u00e8me p\u00e2tissi\u00e8re pr\u00e9par\u00e9 pr\u00e9c\u00e9demment. Plier la tortilla en deux et la placer sur une plaque de cuisson au four.&#13;\n<\/li>\n<\/ol>\n\n<ol class=\"wp-block-list\" start=\"7\">\n<li>Mettez les biscuits au four \u00e0 temp\u00e9rature mod\u00e9r\u00e9e \u00e0 \u00e9lev\u00e9e, en veillant \u00e0 ce qu&rsquo;ils soient chauff\u00e9s par le haut et par le bas. Lorsqu&rsquo;ils sont dor\u00e9s, ils sont pr\u00eats. &#13;\n<\/li>\n\n\n\n<li>La cuisson dure environ 20 minutes.<\/li>\n<\/ol>\n\n<blockquote class=\"wp-block-quote is-layout-flow wp-block-quote-is-layout-flow\">\n<p>Remarque : la plupart des fromages sont tr\u00e8s sal\u00e9s, il n&rsquo;est donc pas n\u00e9cessaire d&rsquo;ajouter du sel \u00e0 la pr\u00e9paration. Go\u00fbtez le fromage, si vous le trouvez trop sal\u00e9, ajoutez-en moins. Apr\u00e8s le p\u00e9trissage, go\u00fbtez le m\u00e9lange afin d&rsquo;ajuster le sel \u00e0 votre go\u00fbt, soit en ajoutant plus de fromage, de sel ou d&rsquo;autres ingr\u00e9dients.&#13;\n<\/p>\n<\/blockquote>\n\n<p><strong>Sensorial Sunsets<\/strong><\/p>\n","protected":false},"excerpt":{"rendered":"<p>Une recette pour les f\u00eates de P\u00e2ques&#13; Les biscuits au fromage sont un h\u00e9ritage de la cuisine costaricienne qu&rsquo;il faut absolument go\u00fbter. Ils sont servis au petit-d\u00e9jeuner ou avec le caf\u00e9 dans l&rsquo;apr\u00e8s-midi. Ce sont des p\u00e2tisseries au fromage cuites au four, donc plus saines.&#13; Recette de biscuit au fromage. Remarque : la plupart des [&hellip;]<\/p>\n","protected":false},"author":4,"featured_media":6862,"comment_status":"closed","ping_status":"closed","sticky":false,"template":"","format":"standard","meta":{"_acf_changed":false,"inline_featured_image":false,"_monsterinsights_skip_tracking":false,"_monsterinsights_sitenote_active":false,"_monsterinsights_sitenote_note":"","_monsterinsights_sitenote_category":0,"footnotes":""},"categories":[100],"tags":[],"class_list":["post-6895","post","type-post","status-publish","format-standard","has-post-thumbnail","hentry","category-costa-rica-fr"],"acf":[],"yoast_head":"<!-- This site is optimized with the Yoast SEO plugin v27.4 - https:\/\/yoast.com\/product\/yoast-seo-wordpress\/ -->\n<title>Les biscuits au fromage - SensorialSunsets<\/title>\n<meta name=\"description\" content=\"Recette de biscuits au fromage pour P\u00e2ques. Les biscuits au fromage sont un h\u00e9ritage de la cuisine costaricienne.\" \/>\n<meta name=\"robots\" content=\"index, follow, max-snippet:-1, max-image-preview:large, max-video-preview:-1\" \/>\n<link rel=\"canonical\" href=\"https:\/\/www.sensorialsunsets.com\/fr\/les-biscuits-au-fromage\/\" \/>\n<meta property=\"og:locale\" content=\"fr_FR\" \/>\n<meta property=\"og:type\" content=\"article\" \/>\n<meta property=\"og:title\" content=\"Les biscuits au fromage - SensorialSunsets\" \/>\n<meta property=\"og:description\" content=\"Recette de biscuits au fromage pour P\u00e2ques. Les biscuits au fromage sont un h\u00e9ritage de la cuisine costaricienne.\" \/>\n<meta property=\"og:url\" content=\"https:\/\/www.sensorialsunsets.com\/fr\/les-biscuits-au-fromage\/\" \/>\n<meta property=\"og:site_name\" content=\"SensorialSunsets\" \/>\n<meta property=\"article:publisher\" content=\"https:\/\/www.facebook.com\/Sensorial-Sunsets-109180614715562\" \/>\n<meta property=\"article:published_time\" content=\"2023-04-03T21:23:08+00:00\" \/>\n<meta property=\"article:modified_time\" content=\"2023-04-03T21:23:24+00:00\" \/>\n<meta property=\"og:image\" content=\"https:\/\/www.sensorialsunsets.com\/wp-content\/uploads\/2023\/04\/Guanacaste-Costa-Rica-bizcocho-recipe.jpg\" \/>\n\t<meta property=\"og:image:width\" content=\"1080\" \/>\n\t<meta property=\"og:image:height\" content=\"1080\" \/>\n\t<meta property=\"og:image:type\" content=\"image\/jpeg\" \/>\n<meta name=\"author\" content=\"Sensorial Sunsets\" \/>\n<meta name=\"twitter:card\" content=\"summary_large_image\" \/>\n<meta name=\"twitter:label1\" content=\"\u00c9crit par\" \/>\n\t<meta name=\"twitter:data1\" content=\"Sensorial Sunsets\" \/>\n\t<meta name=\"twitter:label2\" content=\"Dur\u00e9e de lecture estim\u00e9e\" \/>\n\t<meta name=\"twitter:data2\" content=\"2 minutes\" \/>\n<script type=\"application\/ld+json\" class=\"yoast-schema-graph\">{\"@context\":\"https:\\\/\\\/schema.org\",\"@graph\":[{\"@type\":\"Article\",\"@id\":\"https:\\\/\\\/www.sensorialsunsets.com\\\/fr\\\/les-biscuits-au-fromage\\\/#article\",\"isPartOf\":{\"@id\":\"https:\\\/\\\/www.sensorialsunsets.com\\\/fr\\\/les-biscuits-au-fromage\\\/\"},\"author\":{\"name\":\"Sensorial Sunsets\",\"@id\":\"https:\\\/\\\/www.sensorialsunsets.com\\\/fr\\\/#\\\/schema\\\/person\\\/77e2fa594135aa94024c47e281d8a94d\"},\"headline\":\"Les biscuits au fromage\",\"datePublished\":\"2023-04-03T21:23:08+00:00\",\"dateModified\":\"2023-04-03T21:23:24+00:00\",\"mainEntityOfPage\":{\"@id\":\"https:\\\/\\\/www.sensorialsunsets.com\\\/fr\\\/les-biscuits-au-fromage\\\/\"},\"wordCount\":435,\"publisher\":{\"@id\":\"https:\\\/\\\/www.sensorialsunsets.com\\\/fr\\\/#organization\"},\"image\":{\"@id\":\"https:\\\/\\\/www.sensorialsunsets.com\\\/fr\\\/les-biscuits-au-fromage\\\/#primaryimage\"},\"thumbnailUrl\":\"https:\\\/\\\/www.sensorialsunsets.com\\\/wp-content\\\/uploads\\\/2023\\\/04\\\/Guanacaste-Costa-Rica-bizcocho-recipe.jpg\",\"articleSection\":[\"Costa Rica\"],\"inLanguage\":\"fr-FR\"},{\"@type\":\"WebPage\",\"@id\":\"https:\\\/\\\/www.sensorialsunsets.com\\\/fr\\\/les-biscuits-au-fromage\\\/\",\"url\":\"https:\\\/\\\/www.sensorialsunsets.com\\\/fr\\\/les-biscuits-au-fromage\\\/\",\"name\":\"Les biscuits au fromage - SensorialSunsets\",\"isPartOf\":{\"@id\":\"https:\\\/\\\/www.sensorialsunsets.com\\\/fr\\\/#website\"},\"primaryImageOfPage\":{\"@id\":\"https:\\\/\\\/www.sensorialsunsets.com\\\/fr\\\/les-biscuits-au-fromage\\\/#primaryimage\"},\"image\":{\"@id\":\"https:\\\/\\\/www.sensorialsunsets.com\\\/fr\\\/les-biscuits-au-fromage\\\/#primaryimage\"},\"thumbnailUrl\":\"https:\\\/\\\/www.sensorialsunsets.com\\\/wp-content\\\/uploads\\\/2023\\\/04\\\/Guanacaste-Costa-Rica-bizcocho-recipe.jpg\",\"datePublished\":\"2023-04-03T21:23:08+00:00\",\"dateModified\":\"2023-04-03T21:23:24+00:00\",\"description\":\"Recette de biscuits au fromage pour P\u00e2ques. Les biscuits au fromage sont un h\u00e9ritage de la cuisine costaricienne.\",\"inLanguage\":\"fr-FR\",\"potentialAction\":[{\"@type\":\"ReadAction\",\"target\":[\"https:\\\/\\\/www.sensorialsunsets.com\\\/fr\\\/les-biscuits-au-fromage\\\/\"]}]},{\"@type\":\"ImageObject\",\"inLanguage\":\"fr-FR\",\"@id\":\"https:\\\/\\\/www.sensorialsunsets.com\\\/fr\\\/les-biscuits-au-fromage\\\/#primaryimage\",\"url\":\"https:\\\/\\\/www.sensorialsunsets.com\\\/wp-content\\\/uploads\\\/2023\\\/04\\\/Guanacaste-Costa-Rica-bizcocho-recipe.jpg\",\"contentUrl\":\"https:\\\/\\\/www.sensorialsunsets.com\\\/wp-content\\\/uploads\\\/2023\\\/04\\\/Guanacaste-Costa-Rica-bizcocho-recipe.jpg\",\"width\":1080,\"height\":1080},{\"@type\":\"WebSite\",\"@id\":\"https:\\\/\\\/www.sensorialsunsets.com\\\/fr\\\/#website\",\"url\":\"https:\\\/\\\/www.sensorialsunsets.com\\\/fr\\\/\",\"name\":\"SensorialSunsets.com\",\"description\":\"D\u00e9couvrez la culture et la soci\u00e9t\u00e9 du Costa Rica sur notre blog. Explorez des articles captivants et partagez le contenu.\",\"publisher\":{\"@id\":\"https:\\\/\\\/www.sensorialsunsets.com\\\/fr\\\/#organization\"},\"alternateName\":\"Costa Rica Live Blog\",\"potentialAction\":[{\"@type\":\"SearchAction\",\"target\":{\"@type\":\"EntryPoint\",\"urlTemplate\":\"https:\\\/\\\/www.sensorialsunsets.com\\\/fr\\\/?s={search_term_string}\"},\"query-input\":{\"@type\":\"PropertyValueSpecification\",\"valueRequired\":true,\"valueName\":\"search_term_string\"}}],\"inLanguage\":\"fr-FR\"},{\"@type\":\"Organization\",\"@id\":\"https:\\\/\\\/www.sensorialsunsets.com\\\/fr\\\/#organization\",\"name\":\"SensorialSunsets\",\"url\":\"https:\\\/\\\/www.sensorialsunsets.com\\\/fr\\\/\",\"logo\":{\"@type\":\"ImageObject\",\"inLanguage\":\"fr-FR\",\"@id\":\"https:\\\/\\\/www.sensorialsunsets.com\\\/fr\\\/#\\\/schema\\\/logo\\\/image\\\/\",\"url\":\"https:\\\/\\\/www.sensorialsunsets.com\\\/wp-content\\\/uploads\\\/2023\\\/04\\\/Logo_base_line_fond_clair.svg\",\"contentUrl\":\"https:\\\/\\\/www.sensorialsunsets.com\\\/wp-content\\\/uploads\\\/2023\\\/04\\\/Logo_base_line_fond_clair.svg\",\"width\":\"1024\",\"height\":\"1024\",\"caption\":\"SensorialSunsets\"},\"image\":{\"@id\":\"https:\\\/\\\/www.sensorialsunsets.com\\\/fr\\\/#\\\/schema\\\/logo\\\/image\\\/\"},\"sameAs\":[\"https:\\\/\\\/www.facebook.com\\\/Sensorial-Sunsets-109180614715562\",\"https:\\\/\\\/www.instagram.com\\\/sensorialsunsets\\\/\"]},{\"@type\":\"Person\",\"@id\":\"https:\\\/\\\/www.sensorialsunsets.com\\\/fr\\\/#\\\/schema\\\/person\\\/77e2fa594135aa94024c47e281d8a94d\",\"name\":\"Sensorial Sunsets\",\"image\":{\"@type\":\"ImageObject\",\"inLanguage\":\"fr-FR\",\"@id\":\"https:\\\/\\\/secure.gravatar.com\\\/avatar\\\/5f2d62681b1dad94c28f1500d4fc75582acdfd32b55fd1acce0a36a3c487eabe?s=96&d=mm&r=g\",\"url\":\"https:\\\/\\\/secure.gravatar.com\\\/avatar\\\/5f2d62681b1dad94c28f1500d4fc75582acdfd32b55fd1acce0a36a3c487eabe?s=96&d=mm&r=g\",\"contentUrl\":\"https:\\\/\\\/secure.gravatar.com\\\/avatar\\\/5f2d62681b1dad94c28f1500d4fc75582acdfd32b55fd1acce0a36a3c487eabe?s=96&d=mm&r=g\",\"caption\":\"Sensorial Sunsets\"},\"url\":\"https:\\\/\\\/www.sensorialsunsets.com\\\/fr\\\/author\\\/asistentes-sensorial-sunsets\\\/\"}]}<\/script>\n<!-- \/ Yoast SEO plugin. -->","yoast_head_json":{"title":"Les biscuits au fromage - SensorialSunsets","description":"Recette de biscuits au fromage pour P\u00e2ques. Les biscuits au fromage sont un h\u00e9ritage de la cuisine costaricienne.","robots":{"index":"index","follow":"follow","max-snippet":"max-snippet:-1","max-image-preview":"max-image-preview:large","max-video-preview":"max-video-preview:-1"},"canonical":"https:\/\/www.sensorialsunsets.com\/fr\/les-biscuits-au-fromage\/","og_locale":"fr_FR","og_type":"article","og_title":"Les biscuits au fromage - SensorialSunsets","og_description":"Recette de biscuits au fromage pour P\u00e2ques. Les biscuits au fromage sont un h\u00e9ritage de la cuisine costaricienne.","og_url":"https:\/\/www.sensorialsunsets.com\/fr\/les-biscuits-au-fromage\/","og_site_name":"SensorialSunsets","article_publisher":"https:\/\/www.facebook.com\/Sensorial-Sunsets-109180614715562","article_published_time":"2023-04-03T21:23:08+00:00","article_modified_time":"2023-04-03T21:23:24+00:00","og_image":[{"width":1080,"height":1080,"url":"https:\/\/www.sensorialsunsets.com\/wp-content\/uploads\/2023\/04\/Guanacaste-Costa-Rica-bizcocho-recipe.jpg","type":"image\/jpeg"}],"author":"Sensorial Sunsets","twitter_card":"summary_large_image","twitter_misc":{"\u00c9crit par":"Sensorial Sunsets","Dur\u00e9e de lecture estim\u00e9e":"2 minutes"},"schema":{"@context":"https:\/\/schema.org","@graph":[{"@type":"Article","@id":"https:\/\/www.sensorialsunsets.com\/fr\/les-biscuits-au-fromage\/#article","isPartOf":{"@id":"https:\/\/www.sensorialsunsets.com\/fr\/les-biscuits-au-fromage\/"},"author":{"name":"Sensorial Sunsets","@id":"https:\/\/www.sensorialsunsets.com\/fr\/#\/schema\/person\/77e2fa594135aa94024c47e281d8a94d"},"headline":"Les biscuits au fromage","datePublished":"2023-04-03T21:23:08+00:00","dateModified":"2023-04-03T21:23:24+00:00","mainEntityOfPage":{"@id":"https:\/\/www.sensorialsunsets.com\/fr\/les-biscuits-au-fromage\/"},"wordCount":435,"publisher":{"@id":"https:\/\/www.sensorialsunsets.com\/fr\/#organization"},"image":{"@id":"https:\/\/www.sensorialsunsets.com\/fr\/les-biscuits-au-fromage\/#primaryimage"},"thumbnailUrl":"https:\/\/www.sensorialsunsets.com\/wp-content\/uploads\/2023\/04\/Guanacaste-Costa-Rica-bizcocho-recipe.jpg","articleSection":["Costa Rica"],"inLanguage":"fr-FR"},{"@type":"WebPage","@id":"https:\/\/www.sensorialsunsets.com\/fr\/les-biscuits-au-fromage\/","url":"https:\/\/www.sensorialsunsets.com\/fr\/les-biscuits-au-fromage\/","name":"Les biscuits au fromage - SensorialSunsets","isPartOf":{"@id":"https:\/\/www.sensorialsunsets.com\/fr\/#website"},"primaryImageOfPage":{"@id":"https:\/\/www.sensorialsunsets.com\/fr\/les-biscuits-au-fromage\/#primaryimage"},"image":{"@id":"https:\/\/www.sensorialsunsets.com\/fr\/les-biscuits-au-fromage\/#primaryimage"},"thumbnailUrl":"https:\/\/www.sensorialsunsets.com\/wp-content\/uploads\/2023\/04\/Guanacaste-Costa-Rica-bizcocho-recipe.jpg","datePublished":"2023-04-03T21:23:08+00:00","dateModified":"2023-04-03T21:23:24+00:00","description":"Recette de biscuits au fromage pour P\u00e2ques. Les biscuits au fromage sont un h\u00e9ritage de la cuisine costaricienne.","inLanguage":"fr-FR","potentialAction":[{"@type":"ReadAction","target":["https:\/\/www.sensorialsunsets.com\/fr\/les-biscuits-au-fromage\/"]}]},{"@type":"ImageObject","inLanguage":"fr-FR","@id":"https:\/\/www.sensorialsunsets.com\/fr\/les-biscuits-au-fromage\/#primaryimage","url":"https:\/\/www.sensorialsunsets.com\/wp-content\/uploads\/2023\/04\/Guanacaste-Costa-Rica-bizcocho-recipe.jpg","contentUrl":"https:\/\/www.sensorialsunsets.com\/wp-content\/uploads\/2023\/04\/Guanacaste-Costa-Rica-bizcocho-recipe.jpg","width":1080,"height":1080},{"@type":"WebSite","@id":"https:\/\/www.sensorialsunsets.com\/fr\/#website","url":"https:\/\/www.sensorialsunsets.com\/fr\/","name":"SensorialSunsets.com","description":"D\u00e9couvrez la culture et la soci\u00e9t\u00e9 du Costa Rica sur notre blog. Explorez des articles captivants et partagez le contenu.","publisher":{"@id":"https:\/\/www.sensorialsunsets.com\/fr\/#organization"},"alternateName":"Costa Rica Live Blog","potentialAction":[{"@type":"SearchAction","target":{"@type":"EntryPoint","urlTemplate":"https:\/\/www.sensorialsunsets.com\/fr\/?s={search_term_string}"},"query-input":{"@type":"PropertyValueSpecification","valueRequired":true,"valueName":"search_term_string"}}],"inLanguage":"fr-FR"},{"@type":"Organization","@id":"https:\/\/www.sensorialsunsets.com\/fr\/#organization","name":"SensorialSunsets","url":"https:\/\/www.sensorialsunsets.com\/fr\/","logo":{"@type":"ImageObject","inLanguage":"fr-FR","@id":"https:\/\/www.sensorialsunsets.com\/fr\/#\/schema\/logo\/image\/","url":"https:\/\/www.sensorialsunsets.com\/wp-content\/uploads\/2023\/04\/Logo_base_line_fond_clair.svg","contentUrl":"https:\/\/www.sensorialsunsets.com\/wp-content\/uploads\/2023\/04\/Logo_base_line_fond_clair.svg","width":"1024","height":"1024","caption":"SensorialSunsets"},"image":{"@id":"https:\/\/www.sensorialsunsets.com\/fr\/#\/schema\/logo\/image\/"},"sameAs":["https:\/\/www.facebook.com\/Sensorial-Sunsets-109180614715562","https:\/\/www.instagram.com\/sensorialsunsets\/"]},{"@type":"Person","@id":"https:\/\/www.sensorialsunsets.com\/fr\/#\/schema\/person\/77e2fa594135aa94024c47e281d8a94d","name":"Sensorial Sunsets","image":{"@type":"ImageObject","inLanguage":"fr-FR","@id":"https:\/\/secure.gravatar.com\/avatar\/5f2d62681b1dad94c28f1500d4fc75582acdfd32b55fd1acce0a36a3c487eabe?s=96&d=mm&r=g","url":"https:\/\/secure.gravatar.com\/avatar\/5f2d62681b1dad94c28f1500d4fc75582acdfd32b55fd1acce0a36a3c487eabe?s=96&d=mm&r=g","contentUrl":"https:\/\/secure.gravatar.com\/avatar\/5f2d62681b1dad94c28f1500d4fc75582acdfd32b55fd1acce0a36a3c487eabe?s=96&d=mm&r=g","caption":"Sensorial Sunsets"},"url":"https:\/\/www.sensorialsunsets.com\/fr\/author\/asistentes-sensorial-sunsets\/"}]}},"_links":{"self":[{"href":"https:\/\/www.sensorialsunsets.com\/fr\/wp-json\/wp\/v2\/posts\/6895","targetHints":{"allow":["GET"]}}],"collection":[{"href":"https:\/\/www.sensorialsunsets.com\/fr\/wp-json\/wp\/v2\/posts"}],"about":[{"href":"https:\/\/www.sensorialsunsets.com\/fr\/wp-json\/wp\/v2\/types\/post"}],"author":[{"embeddable":true,"href":"https:\/\/www.sensorialsunsets.com\/fr\/wp-json\/wp\/v2\/users\/4"}],"replies":[{"embeddable":true,"href":"https:\/\/www.sensorialsunsets.com\/fr\/wp-json\/wp\/v2\/comments?post=6895"}],"version-history":[{"count":0,"href":"https:\/\/www.sensorialsunsets.com\/fr\/wp-json\/wp\/v2\/posts\/6895\/revisions"}],"wp:featuredmedia":[{"embeddable":true,"href":"https:\/\/www.sensorialsunsets.com\/fr\/wp-json\/wp\/v2\/media\/6862"}],"wp:attachment":[{"href":"https:\/\/www.sensorialsunsets.com\/fr\/wp-json\/wp\/v2\/media?parent=6895"}],"wp:term":[{"taxonomy":"category","embeddable":true,"href":"https:\/\/www.sensorialsunsets.com\/fr\/wp-json\/wp\/v2\/categories?post=6895"},{"taxonomy":"post_tag","embeddable":true,"href":"https:\/\/www.sensorialsunsets.com\/fr\/wp-json\/wp\/v2\/tags?post=6895"}],"curies":[{"name":"wp","href":"https:\/\/api.w.org\/{rel}","templated":true}]}}