{"id":7104,"date":"2023-04-17T13:18:04","date_gmt":"2023-04-17T19:18:04","guid":{"rendered":"https:\/\/www.sensorialsunsets.com\/?p=7104"},"modified":"2023-04-18T09:59:43","modified_gmt":"2023-04-18T15:59:43","slug":"les-flibustiers-et-leur-sejour-au-costa-rica","status":"publish","type":"post","link":"https:\/\/www.sensorialsunsets.com\/fr\/les-flibustiers-et-leur-sejour-au-costa-rica\/","title":{"rendered":"Les flibustiers et leur s\u00e9jour au Costa Rica"},"content":{"rendered":"\n<p>On parle beaucoup des flibustiers au mois d&rsquo;avril, mais qui \u00e9taient-ils, pourquoi sont-ils venus dans le pays ?<\/p>\n\n<p>Le mot flibustier viendrait du fran\u00e7ais <em>filibustier<\/em> et ferait r\u00e9f\u00e9rence aux pirates du XVIIe si\u00e8cle qui s&rsquo;\u00e9taient install\u00e9s dans la mer des Antilles. <\/p>\n\n<p>Cependant, le terme <strong>flibustier<\/strong> est apparu \u00e0 partir de la seconde moiti\u00e9 du XIXe si\u00e8cle pour d\u00e9signer des hommes qui d\u00e9clenchaient des guerres avec des arm\u00e9es priv\u00e9es sans l&rsquo;autorisation officielle d&rsquo;un gouvernement l\u00e9gitime. Parmi ces hommes figurait William Walker. <\/p>\n\n<h2 class=\"wp-block-heading\">La Destin\u00e9e Manifeste<\/h2>\n<div class=\"wp-block-image\">\n<figure class=\"alignleft size-full is-resized\"><img loading=\"lazy\" decoding=\"async\" src=\"https:\/\/www.sensorialsunsets.com\/wp-content\/uploads\/2023\/04\/WilliamWalker.jpg\" alt=\"\" class=\"wp-image-7090\" width=\"266\" height=\"333\" srcset=\"https:\/\/www.sensorialsunsets.com\/wp-content\/uploads\/2023\/04\/WilliamWalker.jpg 463w, https:\/\/www.sensorialsunsets.com\/wp-content\/uploads\/2023\/04\/WilliamWalker-239x300.jpg 239w\" sizes=\"auto, (max-width: 266px) 100vw, 266px\" \/><figcaption class=\"wp-element-caption\">William Walker<\/figcaption><\/figure>\n<\/div>\n<p>Tout cela remonte \u00e0 la doctrine de la <strong>Destin\u00e9e manifeste<\/strong>. <\/p>\n\n<p>En quoi consiste cette doctrine ? Fondamentalement, on croyait que les \u00c9tats-Unis, apr\u00e8s leur ind\u00e9pendance, avaient pour \u00ab\u00a0mission\u00a0\u00bb divine de r\u00e9pandre les id\u00e9aux de libert\u00e9 et de promouvoir la d\u00e9mocratie dans le reste du monde. <\/p>\n\n<p>En outre, la doctrine se fonde sur l&rsquo;objectif expansionniste des \u00c9tats-Unis par rapport aux territoires de l&rsquo;Atlantique et du Pacifique. En vertu de cette mentalit\u00e9, les \u00c9tats-Unis ont usurp\u00e9 l&rsquo;\u00c9tat du Texas sur le territoire mexicain par le biais du trait\u00e9 de Guadalupe Hidalgo. <\/p>\n\n<p>Plus tard, des personnalit\u00e9s telles que Joseph C. Morehead et le marquis Charles de Pindray ont tent\u00e9 de conqu\u00e9rir et de s&#8217;emparer de certaines parties du Mexique.<\/p>\n\n<p>C&rsquo;est l\u00e0 qu&rsquo;appara\u00eet William Walker (mercenaire \u00e9tats-unien), qui a tent\u00e9 de s&#8217;emparer de Sonora et de la Basse-Californie. Ses intentions n&rsquo;ont pas \u00e9t\u00e9 men\u00e9es \u00e0 bien.  <\/p>\n\n<p>Insatisfait, Walker d\u00e9cide d&rsquo;organiser un nouveau groupe de flibustiers qui arrivent au Nicaragua en 1855. Leurs motivations ? S&#8217;emparer de la nation nicaraguayenne et poursuivre sa conqu\u00eate du Costa Rica. <\/p>\n\n<h2 class=\"wp-block-heading\"><strong>Les flibustiers au Costa Rica<\/strong><\/h2>\n<div class=\"wp-block-image\">\n<figure class=\"alignright size-large is-resized\"><img loading=\"lazy\" decoding=\"async\" src=\"https:\/\/www.sensorialsunsets.com\/wp-content\/uploads\/2023\/04\/Juan_Rafael_Mora_Porras_1859-705x1024.jpg\" alt=\"\" class=\"wp-image-7097\" width=\"264\" height=\"383\" srcset=\"https:\/\/www.sensorialsunsets.com\/wp-content\/uploads\/2023\/04\/Juan_Rafael_Mora_Porras_1859-705x1024.jpg 705w, https:\/\/www.sensorialsunsets.com\/wp-content\/uploads\/2023\/04\/Juan_Rafael_Mora_Porras_1859-207x300.jpg 207w, https:\/\/www.sensorialsunsets.com\/wp-content\/uploads\/2023\/04\/Juan_Rafael_Mora_Porras_1859-768x1115.jpg 768w, https:\/\/www.sensorialsunsets.com\/wp-content\/uploads\/2023\/04\/Juan_Rafael_Mora_Porras_1859.jpg 961w\" sizes=\"auto, (max-width: 264px) 100vw, 264px\" \/><figcaption class=\"wp-element-caption\">Juan Rafael Mora Porras<\/figcaption><\/figure>\n<\/div>\n<p>\u00c0 l&rsquo;\u00e9poque, le gouvernement costaricien \u00e9tait dirig\u00e9 par le pr\u00e9sident Juan Rafael Mora Porras et l&rsquo;arm\u00e9e \u00e9tait command\u00e9e par son fr\u00e8re Jos\u00e9 J. Mora. Face au danger des flibustiers, tous deux se pr\u00e9parent \u00e0 d\u00e9fendre le territoire national. <\/p>\n\n<p>William Walker a tent\u00e9 d&rsquo;envahir le territoire du Costa Rica, mais il a \u00e9t\u00e9 vaincu par les troupes costariciennes lors de deux des plus importantes batailles du pays : la bataille de Santa Rosa (20 mars 1856) et la bataille de Rivas, au Nicaragua (11 avril 1856). <\/p>\n\n<p>Enfin, William Walker a organis\u00e9 des \u00e9lections la m\u00eame ann\u00e9e au Nicaragua. Par le biais de fraudes, il est \u00e9lu pr\u00e9sident en un mois seulement. <\/p>\n\n<h2 class=\"wp-block-heading\"><strong>Conclusion<\/strong><\/h2>\n\n<p>Definitely, the Battle of Rivas and the whole month of April represent very important moments in the history of Costa Rica. Reviewing the background and soaking in the history, not only of the country but of the rest of the world, helps us to clarify doubts about our present. <\/p>\n\n<p>The events that triggered the Battle of Rivas are a sample of how the northern nations have influenced the rest of the American continent and how their relations are to this day. <\/p>\n\n<p><strong>Sensorial Sunsets<\/strong><\/p>\n","protected":false},"excerpt":{"rendered":"<p>On parle beaucoup des flibustiers au mois d&rsquo;avril, mais qui \u00e9taient-ils, pourquoi sont-ils venus dans le pays ? Le mot flibustier viendrait du fran\u00e7ais filibustier et ferait r\u00e9f\u00e9rence aux pirates du XVIIe si\u00e8cle qui s&rsquo;\u00e9taient install\u00e9s dans la mer des Antilles. Cependant, le terme flibustier est apparu \u00e0 partir de la seconde moiti\u00e9 du XIXe [&hellip;]<\/p>\n","protected":false},"author":4,"featured_media":7096,"comment_status":"closed","ping_status":"closed","sticky":false,"template":"","format":"standard","meta":{"_acf_changed":false,"inline_featured_image":false,"_monsterinsights_skip_tracking":false,"_monsterinsights_sitenote_active":false,"_monsterinsights_sitenote_note":"","_monsterinsights_sitenote_category":0,"footnotes":""},"categories":[120],"tags":[],"class_list":["post-7104","post","type-post","status-publish","format-standard","has-post-thumbnail","hentry","category-histoire"],"acf":[],"yoast_head":"<!-- This site is optimized with the Yoast SEO plugin v27.4 - https:\/\/yoast.com\/product\/yoast-seo-wordpress\/ -->\n<title>Les flibustiers et leur s\u00e9jour au Costa Rica - SensorialSunsets<\/title>\n<meta name=\"description\" content=\"On parle beaucoup des flibustiers au mois d&#039;avril, mais qui \u00e9taient-ils, pourquoi sont-ils venus dans le pays ?\" \/>\n<meta name=\"robots\" content=\"index, follow, max-snippet:-1, max-image-preview:large, max-video-preview:-1\" \/>\n<link rel=\"canonical\" href=\"https:\/\/www.sensorialsunsets.com\/fr\/les-flibustiers-et-leur-sejour-au-costa-rica\/\" \/>\n<meta property=\"og:locale\" content=\"fr_FR\" \/>\n<meta property=\"og:type\" content=\"article\" \/>\n<meta property=\"og:title\" content=\"Les flibustiers et leur s\u00e9jour au Costa Rica - SensorialSunsets\" \/>\n<meta property=\"og:description\" content=\"On parle beaucoup des flibustiers au mois d&#039;avril, mais qui \u00e9taient-ils, pourquoi sont-ils venus dans le pays ?\" \/>\n<meta property=\"og:url\" content=\"https:\/\/www.sensorialsunsets.com\/fr\/les-flibustiers-et-leur-sejour-au-costa-rica\/\" \/>\n<meta property=\"og:site_name\" content=\"SensorialSunsets\" \/>\n<meta property=\"article:publisher\" content=\"https:\/\/www.facebook.com\/Sensorial-Sunsets-109180614715562\" \/>\n<meta property=\"article:published_time\" content=\"2023-04-17T19:18:04+00:00\" \/>\n<meta property=\"article:modified_time\" content=\"2023-04-18T15:59:43+00:00\" \/>\n<meta property=\"og:image\" content=\"https:\/\/www.sensorialsunsets.com\/wp-content\/uploads\/2023\/04\/BatallaRivas.png\" \/>\n\t<meta property=\"og:image:width\" content=\"504\" \/>\n\t<meta property=\"og:image:height\" content=\"341\" \/>\n\t<meta property=\"og:image:type\" content=\"image\/png\" \/>\n<meta name=\"author\" content=\"Sensorial Sunsets\" \/>\n<meta name=\"twitter:card\" content=\"summary_large_image\" \/>\n<meta name=\"twitter:label1\" content=\"\u00c9crit par\" \/>\n\t<meta name=\"twitter:data1\" content=\"Sensorial Sunsets\" \/>\n\t<meta name=\"twitter:label2\" content=\"Dur\u00e9e de lecture estim\u00e9e\" \/>\n\t<meta name=\"twitter:data2\" content=\"2 minutes\" \/>\n<script type=\"application\/ld+json\" class=\"yoast-schema-graph\">{\"@context\":\"https:\\\/\\\/schema.org\",\"@graph\":[{\"@type\":\"Article\",\"@id\":\"https:\\\/\\\/www.sensorialsunsets.com\\\/fr\\\/les-flibustiers-et-leur-sejour-au-costa-rica\\\/#article\",\"isPartOf\":{\"@id\":\"https:\\\/\\\/www.sensorialsunsets.com\\\/fr\\\/les-flibustiers-et-leur-sejour-au-costa-rica\\\/\"},\"author\":{\"name\":\"Sensorial Sunsets\",\"@id\":\"https:\\\/\\\/www.sensorialsunsets.com\\\/fr\\\/#\\\/schema\\\/person\\\/77e2fa594135aa94024c47e281d8a94d\"},\"headline\":\"Les flibustiers et leur s\u00e9jour au Costa Rica\",\"datePublished\":\"2023-04-17T19:18:04+00:00\",\"dateModified\":\"2023-04-18T15:59:43+00:00\",\"mainEntityOfPage\":{\"@id\":\"https:\\\/\\\/www.sensorialsunsets.com\\\/fr\\\/les-flibustiers-et-leur-sejour-au-costa-rica\\\/\"},\"wordCount\":505,\"publisher\":{\"@id\":\"https:\\\/\\\/www.sensorialsunsets.com\\\/fr\\\/#organization\"},\"image\":{\"@id\":\"https:\\\/\\\/www.sensorialsunsets.com\\\/fr\\\/les-flibustiers-et-leur-sejour-au-costa-rica\\\/#primaryimage\"},\"thumbnailUrl\":\"https:\\\/\\\/www.sensorialsunsets.com\\\/wp-content\\\/uploads\\\/2023\\\/04\\\/BatallaRivas.png\",\"articleSection\":[\"Histoire\"],\"inLanguage\":\"fr-FR\"},{\"@type\":\"WebPage\",\"@id\":\"https:\\\/\\\/www.sensorialsunsets.com\\\/fr\\\/les-flibustiers-et-leur-sejour-au-costa-rica\\\/\",\"url\":\"https:\\\/\\\/www.sensorialsunsets.com\\\/fr\\\/les-flibustiers-et-leur-sejour-au-costa-rica\\\/\",\"name\":\"Les flibustiers et leur s\u00e9jour au Costa Rica - SensorialSunsets\",\"isPartOf\":{\"@id\":\"https:\\\/\\\/www.sensorialsunsets.com\\\/fr\\\/#website\"},\"primaryImageOfPage\":{\"@id\":\"https:\\\/\\\/www.sensorialsunsets.com\\\/fr\\\/les-flibustiers-et-leur-sejour-au-costa-rica\\\/#primaryimage\"},\"image\":{\"@id\":\"https:\\\/\\\/www.sensorialsunsets.com\\\/fr\\\/les-flibustiers-et-leur-sejour-au-costa-rica\\\/#primaryimage\"},\"thumbnailUrl\":\"https:\\\/\\\/www.sensorialsunsets.com\\\/wp-content\\\/uploads\\\/2023\\\/04\\\/BatallaRivas.png\",\"datePublished\":\"2023-04-17T19:18:04+00:00\",\"dateModified\":\"2023-04-18T15:59:43+00:00\",\"description\":\"On parle beaucoup des flibustiers au mois d'avril, mais qui \u00e9taient-ils, pourquoi sont-ils venus dans le pays ?\",\"inLanguage\":\"fr-FR\",\"potentialAction\":[{\"@type\":\"ReadAction\",\"target\":[\"https:\\\/\\\/www.sensorialsunsets.com\\\/fr\\\/les-flibustiers-et-leur-sejour-au-costa-rica\\\/\"]}]},{\"@type\":\"ImageObject\",\"inLanguage\":\"fr-FR\",\"@id\":\"https:\\\/\\\/www.sensorialsunsets.com\\\/fr\\\/les-flibustiers-et-leur-sejour-au-costa-rica\\\/#primaryimage\",\"url\":\"https:\\\/\\\/www.sensorialsunsets.com\\\/wp-content\\\/uploads\\\/2023\\\/04\\\/BatallaRivas.png\",\"contentUrl\":\"https:\\\/\\\/www.sensorialsunsets.com\\\/wp-content\\\/uploads\\\/2023\\\/04\\\/BatallaRivas.png\",\"width\":504,\"height\":341},{\"@type\":\"WebSite\",\"@id\":\"https:\\\/\\\/www.sensorialsunsets.com\\\/fr\\\/#website\",\"url\":\"https:\\\/\\\/www.sensorialsunsets.com\\\/fr\\\/\",\"name\":\"SensorialSunsets.com\",\"description\":\"D\u00e9couvrez la culture et la soci\u00e9t\u00e9 du Costa Rica sur notre blog. Explorez des articles captivants et partagez le contenu.\",\"publisher\":{\"@id\":\"https:\\\/\\\/www.sensorialsunsets.com\\\/fr\\\/#organization\"},\"alternateName\":\"Costa Rica Live Blog\",\"potentialAction\":[{\"@type\":\"SearchAction\",\"target\":{\"@type\":\"EntryPoint\",\"urlTemplate\":\"https:\\\/\\\/www.sensorialsunsets.com\\\/fr\\\/?s={search_term_string}\"},\"query-input\":{\"@type\":\"PropertyValueSpecification\",\"valueRequired\":true,\"valueName\":\"search_term_string\"}}],\"inLanguage\":\"fr-FR\"},{\"@type\":\"Organization\",\"@id\":\"https:\\\/\\\/www.sensorialsunsets.com\\\/fr\\\/#organization\",\"name\":\"SensorialSunsets\",\"url\":\"https:\\\/\\\/www.sensorialsunsets.com\\\/fr\\\/\",\"logo\":{\"@type\":\"ImageObject\",\"inLanguage\":\"fr-FR\",\"@id\":\"https:\\\/\\\/www.sensorialsunsets.com\\\/fr\\\/#\\\/schema\\\/logo\\\/image\\\/\",\"url\":\"https:\\\/\\\/www.sensorialsunsets.com\\\/wp-content\\\/uploads\\\/2023\\\/04\\\/Logo_base_line_fond_clair.svg\",\"contentUrl\":\"https:\\\/\\\/www.sensorialsunsets.com\\\/wp-content\\\/uploads\\\/2023\\\/04\\\/Logo_base_line_fond_clair.svg\",\"width\":\"1024\",\"height\":\"1024\",\"caption\":\"SensorialSunsets\"},\"image\":{\"@id\":\"https:\\\/\\\/www.sensorialsunsets.com\\\/fr\\\/#\\\/schema\\\/logo\\\/image\\\/\"},\"sameAs\":[\"https:\\\/\\\/www.facebook.com\\\/Sensorial-Sunsets-109180614715562\",\"https:\\\/\\\/www.instagram.com\\\/sensorialsunsets\\\/\"]},{\"@type\":\"Person\",\"@id\":\"https:\\\/\\\/www.sensorialsunsets.com\\\/fr\\\/#\\\/schema\\\/person\\\/77e2fa594135aa94024c47e281d8a94d\",\"name\":\"Sensorial Sunsets\",\"image\":{\"@type\":\"ImageObject\",\"inLanguage\":\"fr-FR\",\"@id\":\"https:\\\/\\\/secure.gravatar.com\\\/avatar\\\/5f2d62681b1dad94c28f1500d4fc75582acdfd32b55fd1acce0a36a3c487eabe?s=96&d=mm&r=g\",\"url\":\"https:\\\/\\\/secure.gravatar.com\\\/avatar\\\/5f2d62681b1dad94c28f1500d4fc75582acdfd32b55fd1acce0a36a3c487eabe?s=96&d=mm&r=g\",\"contentUrl\":\"https:\\\/\\\/secure.gravatar.com\\\/avatar\\\/5f2d62681b1dad94c28f1500d4fc75582acdfd32b55fd1acce0a36a3c487eabe?s=96&d=mm&r=g\",\"caption\":\"Sensorial Sunsets\"},\"url\":\"https:\\\/\\\/www.sensorialsunsets.com\\\/fr\\\/author\\\/asistentes-sensorial-sunsets\\\/\"}]}<\/script>\n<!-- \/ Yoast SEO plugin. -->","yoast_head_json":{"title":"Les flibustiers et leur s\u00e9jour au Costa Rica - SensorialSunsets","description":"On parle beaucoup des flibustiers au mois d'avril, mais qui \u00e9taient-ils, pourquoi sont-ils venus dans le pays ?","robots":{"index":"index","follow":"follow","max-snippet":"max-snippet:-1","max-image-preview":"max-image-preview:large","max-video-preview":"max-video-preview:-1"},"canonical":"https:\/\/www.sensorialsunsets.com\/fr\/les-flibustiers-et-leur-sejour-au-costa-rica\/","og_locale":"fr_FR","og_type":"article","og_title":"Les flibustiers et leur s\u00e9jour au Costa Rica - SensorialSunsets","og_description":"On parle beaucoup des flibustiers au mois d'avril, mais qui \u00e9taient-ils, pourquoi sont-ils venus dans le pays ?","og_url":"https:\/\/www.sensorialsunsets.com\/fr\/les-flibustiers-et-leur-sejour-au-costa-rica\/","og_site_name":"SensorialSunsets","article_publisher":"https:\/\/www.facebook.com\/Sensorial-Sunsets-109180614715562","article_published_time":"2023-04-17T19:18:04+00:00","article_modified_time":"2023-04-18T15:59:43+00:00","og_image":[{"width":504,"height":341,"url":"https:\/\/www.sensorialsunsets.com\/wp-content\/uploads\/2023\/04\/BatallaRivas.png","type":"image\/png"}],"author":"Sensorial Sunsets","twitter_card":"summary_large_image","twitter_misc":{"\u00c9crit par":"Sensorial Sunsets","Dur\u00e9e de lecture estim\u00e9e":"2 minutes"},"schema":{"@context":"https:\/\/schema.org","@graph":[{"@type":"Article","@id":"https:\/\/www.sensorialsunsets.com\/fr\/les-flibustiers-et-leur-sejour-au-costa-rica\/#article","isPartOf":{"@id":"https:\/\/www.sensorialsunsets.com\/fr\/les-flibustiers-et-leur-sejour-au-costa-rica\/"},"author":{"name":"Sensorial Sunsets","@id":"https:\/\/www.sensorialsunsets.com\/fr\/#\/schema\/person\/77e2fa594135aa94024c47e281d8a94d"},"headline":"Les flibustiers et leur s\u00e9jour au Costa Rica","datePublished":"2023-04-17T19:18:04+00:00","dateModified":"2023-04-18T15:59:43+00:00","mainEntityOfPage":{"@id":"https:\/\/www.sensorialsunsets.com\/fr\/les-flibustiers-et-leur-sejour-au-costa-rica\/"},"wordCount":505,"publisher":{"@id":"https:\/\/www.sensorialsunsets.com\/fr\/#organization"},"image":{"@id":"https:\/\/www.sensorialsunsets.com\/fr\/les-flibustiers-et-leur-sejour-au-costa-rica\/#primaryimage"},"thumbnailUrl":"https:\/\/www.sensorialsunsets.com\/wp-content\/uploads\/2023\/04\/BatallaRivas.png","articleSection":["Histoire"],"inLanguage":"fr-FR"},{"@type":"WebPage","@id":"https:\/\/www.sensorialsunsets.com\/fr\/les-flibustiers-et-leur-sejour-au-costa-rica\/","url":"https:\/\/www.sensorialsunsets.com\/fr\/les-flibustiers-et-leur-sejour-au-costa-rica\/","name":"Les flibustiers et leur s\u00e9jour au Costa Rica - SensorialSunsets","isPartOf":{"@id":"https:\/\/www.sensorialsunsets.com\/fr\/#website"},"primaryImageOfPage":{"@id":"https:\/\/www.sensorialsunsets.com\/fr\/les-flibustiers-et-leur-sejour-au-costa-rica\/#primaryimage"},"image":{"@id":"https:\/\/www.sensorialsunsets.com\/fr\/les-flibustiers-et-leur-sejour-au-costa-rica\/#primaryimage"},"thumbnailUrl":"https:\/\/www.sensorialsunsets.com\/wp-content\/uploads\/2023\/04\/BatallaRivas.png","datePublished":"2023-04-17T19:18:04+00:00","dateModified":"2023-04-18T15:59:43+00:00","description":"On parle beaucoup des flibustiers au mois d'avril, mais qui \u00e9taient-ils, pourquoi sont-ils venus dans le pays ?","inLanguage":"fr-FR","potentialAction":[{"@type":"ReadAction","target":["https:\/\/www.sensorialsunsets.com\/fr\/les-flibustiers-et-leur-sejour-au-costa-rica\/"]}]},{"@type":"ImageObject","inLanguage":"fr-FR","@id":"https:\/\/www.sensorialsunsets.com\/fr\/les-flibustiers-et-leur-sejour-au-costa-rica\/#primaryimage","url":"https:\/\/www.sensorialsunsets.com\/wp-content\/uploads\/2023\/04\/BatallaRivas.png","contentUrl":"https:\/\/www.sensorialsunsets.com\/wp-content\/uploads\/2023\/04\/BatallaRivas.png","width":504,"height":341},{"@type":"WebSite","@id":"https:\/\/www.sensorialsunsets.com\/fr\/#website","url":"https:\/\/www.sensorialsunsets.com\/fr\/","name":"SensorialSunsets.com","description":"D\u00e9couvrez la culture et la soci\u00e9t\u00e9 du Costa Rica sur notre blog. Explorez des articles captivants et partagez le contenu.","publisher":{"@id":"https:\/\/www.sensorialsunsets.com\/fr\/#organization"},"alternateName":"Costa Rica Live Blog","potentialAction":[{"@type":"SearchAction","target":{"@type":"EntryPoint","urlTemplate":"https:\/\/www.sensorialsunsets.com\/fr\/?s={search_term_string}"},"query-input":{"@type":"PropertyValueSpecification","valueRequired":true,"valueName":"search_term_string"}}],"inLanguage":"fr-FR"},{"@type":"Organization","@id":"https:\/\/www.sensorialsunsets.com\/fr\/#organization","name":"SensorialSunsets","url":"https:\/\/www.sensorialsunsets.com\/fr\/","logo":{"@type":"ImageObject","inLanguage":"fr-FR","@id":"https:\/\/www.sensorialsunsets.com\/fr\/#\/schema\/logo\/image\/","url":"https:\/\/www.sensorialsunsets.com\/wp-content\/uploads\/2023\/04\/Logo_base_line_fond_clair.svg","contentUrl":"https:\/\/www.sensorialsunsets.com\/wp-content\/uploads\/2023\/04\/Logo_base_line_fond_clair.svg","width":"1024","height":"1024","caption":"SensorialSunsets"},"image":{"@id":"https:\/\/www.sensorialsunsets.com\/fr\/#\/schema\/logo\/image\/"},"sameAs":["https:\/\/www.facebook.com\/Sensorial-Sunsets-109180614715562","https:\/\/www.instagram.com\/sensorialsunsets\/"]},{"@type":"Person","@id":"https:\/\/www.sensorialsunsets.com\/fr\/#\/schema\/person\/77e2fa594135aa94024c47e281d8a94d","name":"Sensorial Sunsets","image":{"@type":"ImageObject","inLanguage":"fr-FR","@id":"https:\/\/secure.gravatar.com\/avatar\/5f2d62681b1dad94c28f1500d4fc75582acdfd32b55fd1acce0a36a3c487eabe?s=96&d=mm&r=g","url":"https:\/\/secure.gravatar.com\/avatar\/5f2d62681b1dad94c28f1500d4fc75582acdfd32b55fd1acce0a36a3c487eabe?s=96&d=mm&r=g","contentUrl":"https:\/\/secure.gravatar.com\/avatar\/5f2d62681b1dad94c28f1500d4fc75582acdfd32b55fd1acce0a36a3c487eabe?s=96&d=mm&r=g","caption":"Sensorial Sunsets"},"url":"https:\/\/www.sensorialsunsets.com\/fr\/author\/asistentes-sensorial-sunsets\/"}]}},"_links":{"self":[{"href":"https:\/\/www.sensorialsunsets.com\/fr\/wp-json\/wp\/v2\/posts\/7104","targetHints":{"allow":["GET"]}}],"collection":[{"href":"https:\/\/www.sensorialsunsets.com\/fr\/wp-json\/wp\/v2\/posts"}],"about":[{"href":"https:\/\/www.sensorialsunsets.com\/fr\/wp-json\/wp\/v2\/types\/post"}],"author":[{"embeddable":true,"href":"https:\/\/www.sensorialsunsets.com\/fr\/wp-json\/wp\/v2\/users\/4"}],"replies":[{"embeddable":true,"href":"https:\/\/www.sensorialsunsets.com\/fr\/wp-json\/wp\/v2\/comments?post=7104"}],"version-history":[{"count":0,"href":"https:\/\/www.sensorialsunsets.com\/fr\/wp-json\/wp\/v2\/posts\/7104\/revisions"}],"wp:featuredmedia":[{"embeddable":true,"href":"https:\/\/www.sensorialsunsets.com\/fr\/wp-json\/wp\/v2\/media\/7096"}],"wp:attachment":[{"href":"https:\/\/www.sensorialsunsets.com\/fr\/wp-json\/wp\/v2\/media?parent=7104"}],"wp:term":[{"taxonomy":"category","embeddable":true,"href":"https:\/\/www.sensorialsunsets.com\/fr\/wp-json\/wp\/v2\/categories?post=7104"},{"taxonomy":"post_tag","embeddable":true,"href":"https:\/\/www.sensorialsunsets.com\/fr\/wp-json\/wp\/v2\/tags?post=7104"}],"curies":[{"name":"wp","href":"https:\/\/api.w.org\/{rel}","templated":true}]}}