{"id":7301,"date":"2023-04-25T13:45:23","date_gmt":"2023-04-25T19:45:23","guid":{"rendered":"https:\/\/www.sensorialsunsets.com\/?p=7301"},"modified":"2023-04-25T13:48:35","modified_gmt":"2023-04-25T19:48:35","slug":"droit-a-la-vie-perspectives-ecofeministes-sur-lart-costaricien","status":"publish","type":"post","link":"https:\/\/www.sensorialsunsets.com\/fr\/droit-a-la-vie-perspectives-ecofeministes-sur-lart-costaricien\/","title":{"rendered":"Droit \u00e0 la vie : perspectives \u00e9cof\u00e9ministes sur l&rsquo;art costaricien"},"content":{"rendered":"\n<p>Le but de cette <a href=\"https:\/\/www.sensorialsunsets.com\/fr\/tatouage-expressions-de-lart-au-costa-rica\/\" target=\"_blank\" rel=\"noreferrer noopener\">exposition d&rsquo;art costaricain<\/a> est d&rsquo;articuler deux axes d&rsquo;action qui, jusqu&rsquo;\u00e0 pr\u00e9sent, ont \u00e9t\u00e9 travaill\u00e9s ind\u00e9pendamment par le CCE : l&rsquo;environnement et le f\u00e9minisme, en prenant comme approche dialogique un courant de pens\u00e9e et une position id\u00e9ologique connus sous le nom d&rsquo;\u00e9cof\u00e9minisme.<\/p>\n\n\n\n<h2 class=\"wp-block-heading\"><strong> Propositions de 17 artistes costariciens<\/strong><\/h2>\n\n\n<div class=\"wp-block-image\">\n<figure class=\"alignleft size-full is-resized\"><img loading=\"lazy\" decoding=\"async\" src=\"https:\/\/www.sensorialsunsets.com\/wp-content\/uploads\/2023\/04\/Cinthya-Soto-Estudio-de-Reves-2002-de-la-serie-Artificio-Natura-2002-videoinstalacion-Foto-2.jpg\" alt=\"\" class=\"wp-image-7288\" width=\"329\" height=\"247\" srcset=\"https:\/\/www.sensorialsunsets.com\/wp-content\/uploads\/2023\/04\/Cinthya-Soto-Estudio-de-Reves-2002-de-la-serie-Artificio-Natura-2002-videoinstalacion-Foto-2.jpg 410w, https:\/\/www.sensorialsunsets.com\/wp-content\/uploads\/2023\/04\/Cinthya-Soto-Estudio-de-Reves-2002-de-la-serie-Artificio-Natura-2002-videoinstalacion-Foto-2-300x225.jpg 300w\" sizes=\"auto, (max-width: 329px) 100vw, 329px\" \/><\/figure>\n<\/div>\n\n\n<p>L&rsquo;exposition vise \u00e0 explorer l&rsquo;intersection entre le f\u00e9minisme et l&rsquo;environnementalisme. En d&rsquo;autres termes, elle cherche \u00e0 r\u00e9fl\u00e9chir \u00e0 la mani\u00e8re dont ces mouvements peuvent collaborer pour promouvoir une soci\u00e9t\u00e9 plus juste et plus durable. <\/p>\n\n\n\n<p>\u00c0 travers diverses manifestations artistiques telles que les arts visuels et du spectacle, la musique, les projets communautaires, l&rsquo;\u00e9coperformance, l&rsquo;agriculture biologique, l&rsquo;innovation en mati\u00e8re de mat\u00e9riaux textiles et le film documentaire. Ainsi, cette exposition cherche \u00e0 pr\u00e9senter une vision plurielle et diversifi\u00e9e de l&rsquo;\u00e9cof\u00e9minisme dans l&rsquo;art costaricien.<\/p>\n\n\n\n<blockquote class=\"wp-block-quote is-layout-flow wp-block-quote-is-layout-flow\">\n<p>Droits de vie rassemble les propositions de 17 artistes costariciennes sous l&rsquo;approche de l&rsquo;\u00e9cof\u00e9minisme. Cette exposition r\u00e9unit des femmes de diff\u00e9rents territoires, g\u00e9n\u00e9rations, po\u00e9tiques, milieux sociaux et liens avec l&rsquo;univers artistique, qui mettent en perspective l&rsquo;unit\u00e9 du divers, nous invitant \u00e0 r\u00e9fl\u00e9chir aux probl\u00e8mes qui affectent leurs environnements et mettent en p\u00e9ril l&rsquo;\u00e9quilibre individuel, local et plan\u00e9taire. Les r\u00e9f\u00e9rences multiples \u00e0 la crise environnementale, sociale et \u00e9conomique et aux innombrables situations de violence qui se manifestent dans tous les domaines et menacent la condition d&rsquo;\u00eatre, d&rsquo;\u00eatre et d&rsquo;\u00eatre.<\/p>\n\n\n<div class=\"wp-block-image\">\n<figure class=\"alignright size-full is-resized\"><img loading=\"lazy\" decoding=\"async\" src=\"https:\/\/www.sensorialsunsets.com\/wp-content\/uploads\/2023\/04\/Elia-Arce-Glass-Ceiling-Techo-de-cristal-2020-y-Jiwasa-2020-videoarte-Foto-cortesia-del-Centro-1.jpg\" alt=\"\" class=\"wp-image-7271\" width=\"370\" height=\"278\" srcset=\"https:\/\/www.sensorialsunsets.com\/wp-content\/uploads\/2023\/04\/Elia-Arce-Glass-Ceiling-Techo-de-cristal-2020-y-Jiwasa-2020-videoarte-Foto-cortesia-del-Centro-1.jpg 410w, https:\/\/www.sensorialsunsets.com\/wp-content\/uploads\/2023\/04\/Elia-Arce-Glass-Ceiling-Techo-de-cristal-2020-y-Jiwasa-2020-videoarte-Foto-cortesia-del-Centro-1-300x225.jpg 300w\" sizes=\"auto, (max-width: 370px) 100vw, 370px\" \/><\/figure>\n<\/div><cite>Marta Rosa Cardoso Ferrer<\/cite><\/blockquote>\n\n\n\n<p>Dans ce contexte, l&rsquo;objectif est de mettre en \u00e9vidence les croisements symboliques et les relations objectives entre femme-corps-nature-territoire, en montrant comment ces \u00e9l\u00e9ments s&rsquo;entrelacent et s&rsquo;influencent mutuellement. \u00c0 partir des discours, des po\u00e9tiques et des voix des artistes et cr\u00e9ateurs participants, la conviction que l&rsquo;interaction, la d\u00e9nonciation, la gu\u00e9rison, la transgression des limites impos\u00e9es et la proposition d&rsquo;actions collectives seront expos\u00e9es. Des perspectives fondamentales pour r\u00e9cup\u00e9rer les droits retir\u00e9s aux femmes et \u00e0 la nature.<\/p>\n\n\n\n<h2 class=\"wp-block-heading\"><strong>Art costaricien&nbsp;: perspective th\u00e9orique<\/strong><\/h2>\n\n\n<div class=\"wp-block-image\">\n<figure class=\"alignleft size-full is-resized\"><img loading=\"lazy\" decoding=\"async\" src=\"https:\/\/www.sensorialsunsets.com\/wp-content\/uploads\/2023\/04\/Mimian-Hsu-Chen-El-elusivo-lugar-a-donde-pertenezco-2023-Foto-cortesia-del-Centro-Cultural-de-1.jpg\" alt=\"\" class=\"wp-image-7285\" width=\"327\" height=\"246\" srcset=\"https:\/\/www.sensorialsunsets.com\/wp-content\/uploads\/2023\/04\/Mimian-Hsu-Chen-El-elusivo-lugar-a-donde-pertenezco-2023-Foto-cortesia-del-Centro-Cultural-de-1.jpg 410w, https:\/\/www.sensorialsunsets.com\/wp-content\/uploads\/2023\/04\/Mimian-Hsu-Chen-El-elusivo-lugar-a-donde-pertenezco-2023-Foto-cortesia-del-Centro-Cultural-de-1-300x225.jpg 300w\" sizes=\"auto, (max-width: 327px) 100vw, 327px\" \/><\/figure>\n<\/div>\n\n\n<p>L&rsquo;exposition s&rsquo;attache \u00e0 d\u00e9montrer qu&rsquo;il n&rsquo;existe pas un seul type d&rsquo;art qui puisse \u00eatre class\u00e9 comme \u00e9cof\u00e9ministe. Mais, plut\u00f4t qu&rsquo;il existe diverses formes de manifestations artistiques qui peuvent avoir une approche \u00e9cof\u00e9ministe. Par cons\u00e9quent, la pr\u00e9sence de cette approche dans l&rsquo;art costaricien n&rsquo;est pas homog\u00e8ne, mais se manifeste de mani\u00e8res diverses et vari\u00e9es.<\/p>\n\n\n\n<p>L&rsquo;exposition montre la diversit\u00e9 et la complexit\u00e9 de l&rsquo;art costaricien en tant qu&rsquo;outil de remise en question et de transformation de l&rsquo;ordre social actuel.<\/p>\n\n\n\n<p>En conclusion, \u00a0\u00bb Droit de vie : perspectives \u00e9cof\u00e9ministes dans l&rsquo;art costaricien \u00a0\u00bb est une exposition qui nous invite \u00e0 r\u00e9fl\u00e9chir \u00e0 la relation entre f\u00e9minisme et environnementalisme. Aussi, sur la mani\u00e8re dont ces mouvements peuvent collaborer \u00e0 la cr\u00e9ation d&rsquo;un monde plus juste et plus durable.<\/p>\n\n\n\n<h2 class=\"wp-block-heading\"><strong>Plus d&rsquo;informations sur cette exposition<\/strong>.<\/h2>\n\n\n\n<p>L&rsquo;exposition est ouverte du vendredi 24 mars au 13 mai 2023.<\/p>\n\n\n\n<p>La conservatrice de cette exposition est Marta Rosa Cardoso, directrice et enseignante \u00e0 l&rsquo;\u00e9cole d&rsquo;art et de communication visuelle de l&rsquo;UNA, titulaire d&rsquo;une ma\u00eetrise en histoire de l&rsquo;art de l&rsquo;universit\u00e9 de La Havane, \u00e0 Cuba, et d&rsquo;une ma\u00eetrise en arts de l&rsquo;universit\u00e9 du Costa Rica.<\/p>\n\n\n\n<figure class=\"wp-block-pullquote\"><blockquote><p><strong>Les artistes participants son&nbsp;: <br><br>Adela Mar\u00edn Villegas et Iracema de Andrade<br>Alexa Barboza Joseph<br>Cinthya Soto<br>Daniela Mart\u00e9n<br>Elia Arce<br>Laura<br>Cruz&gt;Luc\u00eda Melilla Melilla&gt;<br>Maria Maria Maria Maria Maria &gt;<br>Maria Maria Maria Maria Maria&gt;&gt;&gt;<br>&gt;Maria Maria Maria Maria Maria Maria Maria &gt;&gt;<br>&gt;Maria Maria Maria Maria Maria&gt;Maria&gt;Maria&gt;Maria Maria Maria&gt;Maria Maria Maria&gt;Maria&gt;&gt;&gt;&gt;<br lab=\"\">Susana S\u00e1nchez Carballo<br>Veronica Alfaro Rodriguez<br>Veronica Navas<br>Herederas. Dir. Silenny Calder\u00f3n Montero<\/strong><\/p><\/blockquote><\/figure>\n\n\n\n<p>Vous pouvez \u00e9galement consulter sur le site: <a href=\"http:\/\/ccecr.org\/evento\/derecho-de-vida-miradas-ecofeministas-en-el-arte-costarricense-2\/\" target=\"_blank\" rel=\"noreferrer noopener\">http:\/\/ccecr.org\/evento\/derecho-de-vida-miradas-ecofeministas-en-el-arte-costarricense-2\/<\/a><\/p>\n\n\n\n<p><strong>Sensorial Sunsets<\/strong><\/p>\n","protected":false},"excerpt":{"rendered":"<p>Droit \u00e0 la vie : perspectives \u00e9cof\u00e9ministes sur l&rsquo;art costaricien<\/p>\n","protected":false},"author":4,"featured_media":7264,"comment_status":"closed","ping_status":"closed","sticky":false,"template":"","format":"standard","meta":{"_acf_changed":false,"inline_featured_image":false,"_monsterinsights_skip_tracking":false,"_monsterinsights_sitenote_active":false,"_monsterinsights_sitenote_note":"","_monsterinsights_sitenote_category":0,"footnotes":""},"categories":[1],"tags":[],"class_list":["post-7301","post","type-post","status-publish","format-standard","has-post-thumbnail","hentry","category-non-classifiee"],"acf":[],"yoast_head":"<!-- This site is optimized with the Yoast SEO plugin v27.4 - https:\/\/yoast.com\/product\/yoast-seo-wordpress\/ -->\n<title>- SensorialSunsets<\/title>\n<meta name=\"description\" content=\"\u00abDroit de vie : perspectives \u00e9cof\u00e9ministes dans l&#039;art costaricien\u00bb \u00e0 r\u00e9fl\u00e9chir sur la relation entre le f\u00e9minisme et l&#039;environnementalisme\" \/>\n<meta name=\"robots\" content=\"index, follow, max-snippet:-1, max-image-preview:large, max-video-preview:-1\" \/>\n<link rel=\"canonical\" href=\"https:\/\/www.sensorialsunsets.com\/fr\/droit-a-la-vie-perspectives-ecofeministes-sur-lart-costaricien\/\" \/>\n<meta property=\"og:locale\" content=\"fr_FR\" \/>\n<meta property=\"og:type\" content=\"article\" \/>\n<meta property=\"og:title\" content=\"- SensorialSunsets\" \/>\n<meta property=\"og:description\" content=\"\u00abDroit de vie : perspectives \u00e9cof\u00e9ministes dans l&#039;art costaricien\u00bb \u00e0 r\u00e9fl\u00e9chir sur la relation entre le f\u00e9minisme et l&#039;environnementalisme\" \/>\n<meta property=\"og:url\" content=\"https:\/\/www.sensorialsunsets.com\/fr\/droit-a-la-vie-perspectives-ecofeministes-sur-lart-costaricien\/\" \/>\n<meta property=\"og:site_name\" content=\"SensorialSunsets\" \/>\n<meta property=\"article:publisher\" content=\"https:\/\/www.facebook.com\/Sensorial-Sunsets-109180614715562\" \/>\n<meta property=\"article:published_time\" content=\"2023-04-25T19:45:23+00:00\" \/>\n<meta property=\"article:modified_time\" content=\"2023-04-25T19:48:35+00:00\" \/>\n<meta property=\"og:image\" content=\"https:\/\/www.sensorialsunsets.com\/wp-content\/uploads\/2023\/04\/MiradasEcoF-02.jpg\" \/>\n\t<meta property=\"og:image:width\" content=\"1366\" \/>\n\t<meta property=\"og:image:height\" content=\"709\" \/>\n\t<meta property=\"og:image:type\" content=\"image\/jpeg\" \/>\n<meta name=\"author\" content=\"Sensorial Sunsets\" \/>\n<meta name=\"twitter:card\" content=\"summary_large_image\" \/>\n<meta name=\"twitter:label1\" content=\"\u00c9crit par\" \/>\n\t<meta name=\"twitter:data1\" content=\"Sensorial Sunsets\" \/>\n\t<meta name=\"twitter:label2\" content=\"Dur\u00e9e de lecture estim\u00e9e\" \/>\n\t<meta name=\"twitter:data2\" content=\"3 minutes\" \/>\n<script type=\"application\/ld+json\" class=\"yoast-schema-graph\">{\"@context\":\"https:\\\/\\\/schema.org\",\"@graph\":[{\"@type\":\"Article\",\"@id\":\"https:\\\/\\\/www.sensorialsunsets.com\\\/fr\\\/droit-a-la-vie-perspectives-ecofeministes-sur-lart-costaricien\\\/#article\",\"isPartOf\":{\"@id\":\"https:\\\/\\\/www.sensorialsunsets.com\\\/fr\\\/droit-a-la-vie-perspectives-ecofeministes-sur-lart-costaricien\\\/\"},\"author\":{\"name\":\"Sensorial Sunsets\",\"@id\":\"https:\\\/\\\/www.sensorialsunsets.com\\\/fr\\\/#\\\/schema\\\/person\\\/77e2fa594135aa94024c47e281d8a94d\"},\"headline\":\"Droit \u00e0 la vie : perspectives \u00e9cof\u00e9ministes sur l&rsquo;art costaricien\",\"datePublished\":\"2023-04-25T19:45:23+00:00\",\"dateModified\":\"2023-04-25T19:48:35+00:00\",\"mainEntityOfPage\":{\"@id\":\"https:\\\/\\\/www.sensorialsunsets.com\\\/fr\\\/droit-a-la-vie-perspectives-ecofeministes-sur-lart-costaricien\\\/\"},\"wordCount\":682,\"publisher\":{\"@id\":\"https:\\\/\\\/www.sensorialsunsets.com\\\/fr\\\/#organization\"},\"image\":{\"@id\":\"https:\\\/\\\/www.sensorialsunsets.com\\\/fr\\\/droit-a-la-vie-perspectives-ecofeministes-sur-lart-costaricien\\\/#primaryimage\"},\"thumbnailUrl\":\"https:\\\/\\\/www.sensorialsunsets.com\\\/wp-content\\\/uploads\\\/2023\\\/04\\\/MiradasEcoF-02.jpg\",\"articleSection\":[\"Non classifi\u00e9(e)\"],\"inLanguage\":\"fr-FR\"},{\"@type\":\"WebPage\",\"@id\":\"https:\\\/\\\/www.sensorialsunsets.com\\\/fr\\\/droit-a-la-vie-perspectives-ecofeministes-sur-lart-costaricien\\\/\",\"url\":\"https:\\\/\\\/www.sensorialsunsets.com\\\/fr\\\/droit-a-la-vie-perspectives-ecofeministes-sur-lart-costaricien\\\/\",\"name\":\"- SensorialSunsets\",\"isPartOf\":{\"@id\":\"https:\\\/\\\/www.sensorialsunsets.com\\\/fr\\\/#website\"},\"primaryImageOfPage\":{\"@id\":\"https:\\\/\\\/www.sensorialsunsets.com\\\/fr\\\/droit-a-la-vie-perspectives-ecofeministes-sur-lart-costaricien\\\/#primaryimage\"},\"image\":{\"@id\":\"https:\\\/\\\/www.sensorialsunsets.com\\\/fr\\\/droit-a-la-vie-perspectives-ecofeministes-sur-lart-costaricien\\\/#primaryimage\"},\"thumbnailUrl\":\"https:\\\/\\\/www.sensorialsunsets.com\\\/wp-content\\\/uploads\\\/2023\\\/04\\\/MiradasEcoF-02.jpg\",\"datePublished\":\"2023-04-25T19:45:23+00:00\",\"dateModified\":\"2023-04-25T19:48:35+00:00\",\"description\":\"\u00abDroit de vie : perspectives \u00e9cof\u00e9ministes dans l'art costaricien\u00bb \u00e0 r\u00e9fl\u00e9chir sur la relation entre le f\u00e9minisme et l'environnementalisme\",\"inLanguage\":\"fr-FR\",\"potentialAction\":[{\"@type\":\"ReadAction\",\"target\":[\"https:\\\/\\\/www.sensorialsunsets.com\\\/fr\\\/droit-a-la-vie-perspectives-ecofeministes-sur-lart-costaricien\\\/\"]}]},{\"@type\":\"ImageObject\",\"inLanguage\":\"fr-FR\",\"@id\":\"https:\\\/\\\/www.sensorialsunsets.com\\\/fr\\\/droit-a-la-vie-perspectives-ecofeministes-sur-lart-costaricien\\\/#primaryimage\",\"url\":\"https:\\\/\\\/www.sensorialsunsets.com\\\/wp-content\\\/uploads\\\/2023\\\/04\\\/MiradasEcoF-02.jpg\",\"contentUrl\":\"https:\\\/\\\/www.sensorialsunsets.com\\\/wp-content\\\/uploads\\\/2023\\\/04\\\/MiradasEcoF-02.jpg\",\"width\":1366,\"height\":709},{\"@type\":\"WebSite\",\"@id\":\"https:\\\/\\\/www.sensorialsunsets.com\\\/fr\\\/#website\",\"url\":\"https:\\\/\\\/www.sensorialsunsets.com\\\/fr\\\/\",\"name\":\"SensorialSunsets.com\",\"description\":\"D\u00e9couvrez la culture et la soci\u00e9t\u00e9 du Costa Rica sur notre blog. Explorez des articles captivants et partagez le contenu.\",\"publisher\":{\"@id\":\"https:\\\/\\\/www.sensorialsunsets.com\\\/fr\\\/#organization\"},\"alternateName\":\"Costa Rica Live Blog\",\"potentialAction\":[{\"@type\":\"SearchAction\",\"target\":{\"@type\":\"EntryPoint\",\"urlTemplate\":\"https:\\\/\\\/www.sensorialsunsets.com\\\/fr\\\/?s={search_term_string}\"},\"query-input\":{\"@type\":\"PropertyValueSpecification\",\"valueRequired\":true,\"valueName\":\"search_term_string\"}}],\"inLanguage\":\"fr-FR\"},{\"@type\":\"Organization\",\"@id\":\"https:\\\/\\\/www.sensorialsunsets.com\\\/fr\\\/#organization\",\"name\":\"SensorialSunsets\",\"url\":\"https:\\\/\\\/www.sensorialsunsets.com\\\/fr\\\/\",\"logo\":{\"@type\":\"ImageObject\",\"inLanguage\":\"fr-FR\",\"@id\":\"https:\\\/\\\/www.sensorialsunsets.com\\\/fr\\\/#\\\/schema\\\/logo\\\/image\\\/\",\"url\":\"https:\\\/\\\/www.sensorialsunsets.com\\\/wp-content\\\/uploads\\\/2023\\\/04\\\/Logo_base_line_fond_clair.svg\",\"contentUrl\":\"https:\\\/\\\/www.sensorialsunsets.com\\\/wp-content\\\/uploads\\\/2023\\\/04\\\/Logo_base_line_fond_clair.svg\",\"width\":\"1024\",\"height\":\"1024\",\"caption\":\"SensorialSunsets\"},\"image\":{\"@id\":\"https:\\\/\\\/www.sensorialsunsets.com\\\/fr\\\/#\\\/schema\\\/logo\\\/image\\\/\"},\"sameAs\":[\"https:\\\/\\\/www.facebook.com\\\/Sensorial-Sunsets-109180614715562\",\"https:\\\/\\\/www.instagram.com\\\/sensorialsunsets\\\/\"]},{\"@type\":\"Person\",\"@id\":\"https:\\\/\\\/www.sensorialsunsets.com\\\/fr\\\/#\\\/schema\\\/person\\\/77e2fa594135aa94024c47e281d8a94d\",\"name\":\"Sensorial Sunsets\",\"image\":{\"@type\":\"ImageObject\",\"inLanguage\":\"fr-FR\",\"@id\":\"https:\\\/\\\/secure.gravatar.com\\\/avatar\\\/5f2d62681b1dad94c28f1500d4fc75582acdfd32b55fd1acce0a36a3c487eabe?s=96&d=mm&r=g\",\"url\":\"https:\\\/\\\/secure.gravatar.com\\\/avatar\\\/5f2d62681b1dad94c28f1500d4fc75582acdfd32b55fd1acce0a36a3c487eabe?s=96&d=mm&r=g\",\"contentUrl\":\"https:\\\/\\\/secure.gravatar.com\\\/avatar\\\/5f2d62681b1dad94c28f1500d4fc75582acdfd32b55fd1acce0a36a3c487eabe?s=96&d=mm&r=g\",\"caption\":\"Sensorial Sunsets\"},\"url\":\"https:\\\/\\\/www.sensorialsunsets.com\\\/fr\\\/author\\\/asistentes-sensorial-sunsets\\\/\"}]}<\/script>\n<!-- \/ Yoast SEO plugin. -->","yoast_head_json":{"title":"- SensorialSunsets","description":"\u00abDroit de vie : perspectives \u00e9cof\u00e9ministes dans l'art costaricien\u00bb \u00e0 r\u00e9fl\u00e9chir sur la relation entre le f\u00e9minisme et l'environnementalisme","robots":{"index":"index","follow":"follow","max-snippet":"max-snippet:-1","max-image-preview":"max-image-preview:large","max-video-preview":"max-video-preview:-1"},"canonical":"https:\/\/www.sensorialsunsets.com\/fr\/droit-a-la-vie-perspectives-ecofeministes-sur-lart-costaricien\/","og_locale":"fr_FR","og_type":"article","og_title":"- SensorialSunsets","og_description":"\u00abDroit de vie : perspectives \u00e9cof\u00e9ministes dans l'art costaricien\u00bb \u00e0 r\u00e9fl\u00e9chir sur la relation entre le f\u00e9minisme et l'environnementalisme","og_url":"https:\/\/www.sensorialsunsets.com\/fr\/droit-a-la-vie-perspectives-ecofeministes-sur-lart-costaricien\/","og_site_name":"SensorialSunsets","article_publisher":"https:\/\/www.facebook.com\/Sensorial-Sunsets-109180614715562","article_published_time":"2023-04-25T19:45:23+00:00","article_modified_time":"2023-04-25T19:48:35+00:00","og_image":[{"width":1366,"height":709,"url":"https:\/\/www.sensorialsunsets.com\/wp-content\/uploads\/2023\/04\/MiradasEcoF-02.jpg","type":"image\/jpeg"}],"author":"Sensorial Sunsets","twitter_card":"summary_large_image","twitter_misc":{"\u00c9crit par":"Sensorial Sunsets","Dur\u00e9e de lecture estim\u00e9e":"3 minutes"},"schema":{"@context":"https:\/\/schema.org","@graph":[{"@type":"Article","@id":"https:\/\/www.sensorialsunsets.com\/fr\/droit-a-la-vie-perspectives-ecofeministes-sur-lart-costaricien\/#article","isPartOf":{"@id":"https:\/\/www.sensorialsunsets.com\/fr\/droit-a-la-vie-perspectives-ecofeministes-sur-lart-costaricien\/"},"author":{"name":"Sensorial Sunsets","@id":"https:\/\/www.sensorialsunsets.com\/fr\/#\/schema\/person\/77e2fa594135aa94024c47e281d8a94d"},"headline":"Droit \u00e0 la vie : perspectives \u00e9cof\u00e9ministes sur l&rsquo;art costaricien","datePublished":"2023-04-25T19:45:23+00:00","dateModified":"2023-04-25T19:48:35+00:00","mainEntityOfPage":{"@id":"https:\/\/www.sensorialsunsets.com\/fr\/droit-a-la-vie-perspectives-ecofeministes-sur-lart-costaricien\/"},"wordCount":682,"publisher":{"@id":"https:\/\/www.sensorialsunsets.com\/fr\/#organization"},"image":{"@id":"https:\/\/www.sensorialsunsets.com\/fr\/droit-a-la-vie-perspectives-ecofeministes-sur-lart-costaricien\/#primaryimage"},"thumbnailUrl":"https:\/\/www.sensorialsunsets.com\/wp-content\/uploads\/2023\/04\/MiradasEcoF-02.jpg","articleSection":["Non classifi\u00e9(e)"],"inLanguage":"fr-FR"},{"@type":"WebPage","@id":"https:\/\/www.sensorialsunsets.com\/fr\/droit-a-la-vie-perspectives-ecofeministes-sur-lart-costaricien\/","url":"https:\/\/www.sensorialsunsets.com\/fr\/droit-a-la-vie-perspectives-ecofeministes-sur-lart-costaricien\/","name":"- SensorialSunsets","isPartOf":{"@id":"https:\/\/www.sensorialsunsets.com\/fr\/#website"},"primaryImageOfPage":{"@id":"https:\/\/www.sensorialsunsets.com\/fr\/droit-a-la-vie-perspectives-ecofeministes-sur-lart-costaricien\/#primaryimage"},"image":{"@id":"https:\/\/www.sensorialsunsets.com\/fr\/droit-a-la-vie-perspectives-ecofeministes-sur-lart-costaricien\/#primaryimage"},"thumbnailUrl":"https:\/\/www.sensorialsunsets.com\/wp-content\/uploads\/2023\/04\/MiradasEcoF-02.jpg","datePublished":"2023-04-25T19:45:23+00:00","dateModified":"2023-04-25T19:48:35+00:00","description":"\u00abDroit de vie : perspectives \u00e9cof\u00e9ministes dans l'art costaricien\u00bb \u00e0 r\u00e9fl\u00e9chir sur la relation entre le f\u00e9minisme et l'environnementalisme","inLanguage":"fr-FR","potentialAction":[{"@type":"ReadAction","target":["https:\/\/www.sensorialsunsets.com\/fr\/droit-a-la-vie-perspectives-ecofeministes-sur-lart-costaricien\/"]}]},{"@type":"ImageObject","inLanguage":"fr-FR","@id":"https:\/\/www.sensorialsunsets.com\/fr\/droit-a-la-vie-perspectives-ecofeministes-sur-lart-costaricien\/#primaryimage","url":"https:\/\/www.sensorialsunsets.com\/wp-content\/uploads\/2023\/04\/MiradasEcoF-02.jpg","contentUrl":"https:\/\/www.sensorialsunsets.com\/wp-content\/uploads\/2023\/04\/MiradasEcoF-02.jpg","width":1366,"height":709},{"@type":"WebSite","@id":"https:\/\/www.sensorialsunsets.com\/fr\/#website","url":"https:\/\/www.sensorialsunsets.com\/fr\/","name":"SensorialSunsets.com","description":"D\u00e9couvrez la culture et la soci\u00e9t\u00e9 du Costa Rica sur notre blog. Explorez des articles captivants et partagez le contenu.","publisher":{"@id":"https:\/\/www.sensorialsunsets.com\/fr\/#organization"},"alternateName":"Costa Rica Live Blog","potentialAction":[{"@type":"SearchAction","target":{"@type":"EntryPoint","urlTemplate":"https:\/\/www.sensorialsunsets.com\/fr\/?s={search_term_string}"},"query-input":{"@type":"PropertyValueSpecification","valueRequired":true,"valueName":"search_term_string"}}],"inLanguage":"fr-FR"},{"@type":"Organization","@id":"https:\/\/www.sensorialsunsets.com\/fr\/#organization","name":"SensorialSunsets","url":"https:\/\/www.sensorialsunsets.com\/fr\/","logo":{"@type":"ImageObject","inLanguage":"fr-FR","@id":"https:\/\/www.sensorialsunsets.com\/fr\/#\/schema\/logo\/image\/","url":"https:\/\/www.sensorialsunsets.com\/wp-content\/uploads\/2023\/04\/Logo_base_line_fond_clair.svg","contentUrl":"https:\/\/www.sensorialsunsets.com\/wp-content\/uploads\/2023\/04\/Logo_base_line_fond_clair.svg","width":"1024","height":"1024","caption":"SensorialSunsets"},"image":{"@id":"https:\/\/www.sensorialsunsets.com\/fr\/#\/schema\/logo\/image\/"},"sameAs":["https:\/\/www.facebook.com\/Sensorial-Sunsets-109180614715562","https:\/\/www.instagram.com\/sensorialsunsets\/"]},{"@type":"Person","@id":"https:\/\/www.sensorialsunsets.com\/fr\/#\/schema\/person\/77e2fa594135aa94024c47e281d8a94d","name":"Sensorial Sunsets","image":{"@type":"ImageObject","inLanguage":"fr-FR","@id":"https:\/\/secure.gravatar.com\/avatar\/5f2d62681b1dad94c28f1500d4fc75582acdfd32b55fd1acce0a36a3c487eabe?s=96&d=mm&r=g","url":"https:\/\/secure.gravatar.com\/avatar\/5f2d62681b1dad94c28f1500d4fc75582acdfd32b55fd1acce0a36a3c487eabe?s=96&d=mm&r=g","contentUrl":"https:\/\/secure.gravatar.com\/avatar\/5f2d62681b1dad94c28f1500d4fc75582acdfd32b55fd1acce0a36a3c487eabe?s=96&d=mm&r=g","caption":"Sensorial Sunsets"},"url":"https:\/\/www.sensorialsunsets.com\/fr\/author\/asistentes-sensorial-sunsets\/"}]}},"_links":{"self":[{"href":"https:\/\/www.sensorialsunsets.com\/fr\/wp-json\/wp\/v2\/posts\/7301","targetHints":{"allow":["GET"]}}],"collection":[{"href":"https:\/\/www.sensorialsunsets.com\/fr\/wp-json\/wp\/v2\/posts"}],"about":[{"href":"https:\/\/www.sensorialsunsets.com\/fr\/wp-json\/wp\/v2\/types\/post"}],"author":[{"embeddable":true,"href":"https:\/\/www.sensorialsunsets.com\/fr\/wp-json\/wp\/v2\/users\/4"}],"replies":[{"embeddable":true,"href":"https:\/\/www.sensorialsunsets.com\/fr\/wp-json\/wp\/v2\/comments?post=7301"}],"version-history":[{"count":0,"href":"https:\/\/www.sensorialsunsets.com\/fr\/wp-json\/wp\/v2\/posts\/7301\/revisions"}],"wp:featuredmedia":[{"embeddable":true,"href":"https:\/\/www.sensorialsunsets.com\/fr\/wp-json\/wp\/v2\/media\/7264"}],"wp:attachment":[{"href":"https:\/\/www.sensorialsunsets.com\/fr\/wp-json\/wp\/v2\/media?parent=7301"}],"wp:term":[{"taxonomy":"category","embeddable":true,"href":"https:\/\/www.sensorialsunsets.com\/fr\/wp-json\/wp\/v2\/categories?post=7301"},{"taxonomy":"post_tag","embeddable":true,"href":"https:\/\/www.sensorialsunsets.com\/fr\/wp-json\/wp\/v2\/tags?post=7301"}],"curies":[{"name":"wp","href":"https:\/\/api.w.org\/{rel}","templated":true}]}}