{"id":7429,"date":"2023-05-02T16:03:11","date_gmt":"2023-05-02T22:03:11","guid":{"rendered":"https:\/\/www.sensorialsunsets.com\/?p=7429"},"modified":"2023-05-02T16:28:19","modified_gmt":"2023-05-02T22:28:19","slug":"feux-de-foret-au-costa-rica-palo-verde","status":"publish","type":"post","link":"https:\/\/www.sensorialsunsets.com\/fr\/feux-de-foret-au-costa-rica-palo-verde\/","title":{"rendered":"Feux de for\u00eat au Costa Rica : Palo Verde"},"content":{"rendered":"\n<p>Le Costa Rica est un pays qui a connu des feux de for\u00eat dans diff\u00e9rentes r\u00e9gions, en particulier pendant la saison s\u00e8che entre d\u00e9cembre et avril.<\/p>\n\n<p>Les incendies de for\u00eat peuvent \u00eatre provoqu\u00e9s par diverses raisons, telles que le temps sec, la s\u00e9cheresse, l&rsquo;activit\u00e9 humaine et la foudre.<\/p>\n\n<h3 class=\"wp-block-heading\"><strong>Impact significatif sur la biodiversit\u00e9<\/strong><\/h3>\n\n<p>Les feux de for\u00eat peuvent avoir un impact significatif sur la biodiversit\u00e9 et l&rsquo;environnement. Un incendie qui ravage une zone foresti\u00e8re peut d\u00e9truire l&rsquo;habitat naturel d&rsquo;une grande vari\u00e9t\u00e9 d&rsquo;animaux, de plantes et de micro-organismes. Par cons\u00e9quent, il perturbe les processus \u00e9cologiques qui soutiennent la vie dans la r\u00e9gion.<\/p>\n\n<p>De plus, ils peuvent contribuer \u00e0 la disparition d&rsquo;esp\u00e8ces et \u00e0 la perturbation de l&rsquo;\u00e9quilibre \u00e9cologique \u00e0 long terme en acc\u00e9l\u00e9rant l&rsquo;\u00e9rosion des sols. <\/p>\n\n<p>De nombreuses esp\u00e8ces d\u00e9pendent des for\u00eats pour leur survie, et les incendies peuvent d\u00e9truire les habitations des animaux ainsi que leur source de nourriture et d&rsquo;abri. <\/p>\n\n<blockquote class=\"wp-block-quote is-layout-flow wp-block-quote-is-layout-flow\"><div class=\"wp-block-image\">\n<figure class=\"alignleft size-large is-resized\"><img loading=\"lazy\" decoding=\"async\" src=\"https:\/\/www.sensorialsunsets.com\/wp-content\/uploads\/2023\/05\/pexels-laureen-raftopulos-4636324-768x1024.jpg\" alt=\"\" class=\"wp-image-7400\" width=\"302\" height=\"403\" srcset=\"https:\/\/www.sensorialsunsets.com\/wp-content\/uploads\/2023\/05\/pexels-laureen-raftopulos-4636324-768x1024.jpg 768w, https:\/\/www.sensorialsunsets.com\/wp-content\/uploads\/2023\/05\/pexels-laureen-raftopulos-4636324-225x300.jpg 225w, https:\/\/www.sensorialsunsets.com\/wp-content\/uploads\/2023\/05\/pexels-laureen-raftopulos-4636324-1152x1536.jpg 1152w, https:\/\/www.sensorialsunsets.com\/wp-content\/uploads\/2023\/05\/pexels-laureen-raftopulos-4636324-1536x2048.jpg 1536w, https:\/\/www.sensorialsunsets.com\/wp-content\/uploads\/2023\/05\/pexels-laureen-raftopulos-4636324-1320x1760.jpg 1320w, https:\/\/www.sensorialsunsets.com\/wp-content\/uploads\/2023\/05\/pexels-laureen-raftopulos-4636324-scaled.jpg 1920w\" sizes=\"auto, (max-width: 302px) 100vw, 302px\" \/><\/figure>\n<\/div>\n\n\n<p>Depuis le d\u00e9but de la saison des feux de for\u00eat, 45 incendies ont \u00e9t\u00e9 enregistr\u00e9s, dont 26 \u00e0 l&rsquo;int\u00e9rieur de zones prot\u00e9g\u00e9es et 19 \u00e0 l&rsquo;ext\u00e9rieur ou \u00e0 proximit\u00e9 de terres appartenant au patrimoine naturel de l&rsquo;\u00c9tat.<\/p>\n<cite><a href=\"https:\/\/delfino.cr\/2023\/04\/minae-reporta-incendio-forestal-en-parque-nacional-palo-verde-que-afecta-mas-de-mil-hectareas\"><a href=\"https:\/\/delfino.cr\/2023\/04\/minae-reporta-incendio-forestal-en-parque-nacional-palo-verde-que-afecta-mas-de-mil-hectareas\">Delfino<\/a><\/a><\/cite><\/blockquote>\n\n<p>Malheureusement, cela peut \u00e9galement contribuer de mani\u00e8re significative au changement climatique. Les for\u00eats et les zones naturelles prot\u00e9g\u00e9es jouent un r\u00f4le essentiel dans l&rsquo;absorption du dioxyde de carbone, un gaz \u00e0 effet de serre qui contribue au r\u00e9chauffement de la plan\u00e8te. En cas d&rsquo;incendie de for\u00eat, le carbone stock\u00e9 dans les arbres est lib\u00e9r\u00e9 dans l&rsquo;atmosph\u00e8re, ce qui contribue \u00e0 l&rsquo;augmentation de la quantit\u00e9 de dioxyde de carbone dans l&rsquo;atmosph\u00e8re et donc au changement climatique.<\/p>\n\n<h3 class=\"wp-block-heading\"><strong>Parc national de Palo Verde<\/strong><\/h3>\n<div class=\"wp-block-image\">\n<figure class=\"alignright size-full is-resized\"><img decoding=\"async\" src=\"https:\/\/www.sensorialsunsets.com\/wp-content\/uploads\/2023\/05\/Palo-Verde-Photo-01-edited.jpg\" alt=\"\" class=\"wp-image-7418\" width=\"479\" srcset=\"https:\/\/www.sensorialsunsets.com\/wp-content\/uploads\/2023\/05\/Palo-Verde-Photo-01-edited.jpg 901w, https:\/\/www.sensorialsunsets.com\/wp-content\/uploads\/2023\/05\/Palo-Verde-Photo-01-edited-300x187.jpg 300w, https:\/\/www.sensorialsunsets.com\/wp-content\/uploads\/2023\/05\/Palo-Verde-Photo-01-edited-768x480.jpg 768w\" sizes=\"(max-width: 901px) 100vw, 901px\" \/><\/figure>\n<\/div>\n<p>Le minist\u00e8re de l&rsquo;Environnement et de l&rsquo;\u00c9nergie (Minae) a confirm\u00e9 la pr\u00e9sence d&rsquo;un incendie dans le parc national de Palo Verde, dans le secteur de Porozale\u00f1os situ\u00e9 dans l&rsquo;affluent de la rivi\u00e8re Bebedero et du Sitio Azul, une zone humide et un patrimoine naturel de l&rsquo;\u00c9tat du Costa Rica.<\/p>\n\n<p>Le feu a \u00e9t\u00e9 d\u00e9tect\u00e9 par des fonctionnaires de la zone de conservation Arenal Tempisque du Syst\u00e8me national des zones de conservation (Sinac) lors d&rsquo;une patrouille dans le secteur Catalina du parc national. Selon l&rsquo;institution, le feu est toujours actif et ils travaillent \u00e0 son contr\u00f4le.<\/p>\n\n<blockquote class=\"wp-block-quote is-layout-flow wp-block-quote-is-layout-flow\">\n<p>Minae signale un feu de for\u00eat dans le parc national de Palo Verde affectant plus de 1 000 hectares<\/p>\n<\/blockquote>\n\n<p>Le parc national de Palo Verde est une importante zone naturelle prot\u00e9g\u00e9e par l&rsquo;\u00c9tat costaricien et un habitat essentiel pour la faune et la flore. En effet, la zone humide abrite un grand nombre d&rsquo;oiseaux migrateurs et r\u00e9sidents, ainsi que de nombreuses esp\u00e8ces de mammif\u00e8res, de reptiles et d&rsquo;amphibiens.<\/p>\n<div class=\"wp-block-image\">\n<figure class=\"alignleft size-large is-resized\"><img loading=\"lazy\" decoding=\"async\" src=\"https:\/\/www.sensorialsunsets.com\/wp-content\/uploads\/2023\/05\/pexels-rodnae-productions-8551727-683x1024.jpg\" alt=\"\" class=\"wp-image-7403\" width=\"267\" height=\"400\" srcset=\"https:\/\/www.sensorialsunsets.com\/wp-content\/uploads\/2023\/05\/pexels-rodnae-productions-8551727-683x1024.jpg 683w, https:\/\/www.sensorialsunsets.com\/wp-content\/uploads\/2023\/05\/pexels-rodnae-productions-8551727-200x300.jpg 200w, https:\/\/www.sensorialsunsets.com\/wp-content\/uploads\/2023\/05\/pexels-rodnae-productions-8551727-768x1152.jpg 768w, https:\/\/www.sensorialsunsets.com\/wp-content\/uploads\/2023\/05\/pexels-rodnae-productions-8551727-1024x1536.jpg 1024w, https:\/\/www.sensorialsunsets.com\/wp-content\/uploads\/2023\/05\/pexels-rodnae-productions-8551727-1365x2048.jpg 1365w, https:\/\/www.sensorialsunsets.com\/wp-content\/uploads\/2023\/05\/pexels-rodnae-productions-8551727-1320x1980.jpg 1320w, https:\/\/www.sensorialsunsets.com\/wp-content\/uploads\/2023\/05\/pexels-rodnae-productions-8551727-scaled.jpg 1707w\" sizes=\"auto, (max-width: 267px) 100vw, 267px\" \/><\/figure>\n<\/div>\n<p>Les organisations concern\u00e9es et Minae collaborent pour lutter contre l&rsquo;incendie et prot\u00e9ger cette zone naturelle importante. <\/p>\n\n<h3 class=\"wp-block-heading\"><strong>Sinac r\u00e9pond \u00e0 la situation<\/strong>.<\/h3>\n\n<p>Souvent, les incendies de for\u00eat continuent \u00e0 br\u00fbler sous terre. M\u00eame lorsqu&rsquo;ils ont \u00e9t\u00e9 ma\u00eetris\u00e9s en surface, cela cr\u00e9e une situation de vigilance constante et d&rsquo;action rapide pour \u00e9viter la reprise du feu. <\/p>\n\n<p>Il est donc crucial que les autorit\u00e9s locales et<a href=\"https:\/\/www.sensorialsunsets.com\/bomberossensorial-sunsets \/\"> les pompiers <\/a>continuent \u00e0 surveiller la zone et \u00e0 prendre des mesures pr\u00e9ventives pour s\u2019assurer que l\u2019incendie ne recommence pas. En outre, il est important que la population reste vigilante et prenne des pr\u00e9cautions pour \u00e9viter de provoquer des incendies de for\u00eat dans la r\u00e9gion.<\/p>\n\n<p><strong>Sensorial Sunsets<\/strong><\/p>\n","protected":false},"excerpt":{"rendered":"<p>Le Costa Rica est un pays qui a connu des feux de for\u00eat dans diff\u00e9rentes r\u00e9gions, en particulier pendant la saison s\u00e8che entre d\u00e9cembre et avril. Les incendies de for\u00eat peuvent \u00eatre provoqu\u00e9s par diverses raisons, telles que le temps sec, la s\u00e9cheresse, l&rsquo;activit\u00e9 humaine et la foudre. Impact significatif sur la biodiversit\u00e9 Les feux [&hellip;]<\/p>\n","protected":false},"author":4,"featured_media":7399,"comment_status":"closed","ping_status":"closed","sticky":false,"template":"","format":"standard","meta":{"_acf_changed":false,"inline_featured_image":false,"_monsterinsights_skip_tracking":false,"_monsterinsights_sitenote_active":false,"_monsterinsights_sitenote_note":"","_monsterinsights_sitenote_category":0,"footnotes":""},"categories":[100,111],"tags":[],"class_list":["post-7429","post","type-post","status-publish","format-standard","has-post-thumbnail","hentry","category-costa-rica-fr","category-ecologie-fr"],"acf":[],"yoast_head":"<!-- This site is optimized with the Yoast SEO plugin v27.4 - https:\/\/yoast.com\/product\/yoast-seo-wordpress\/ -->\n<title>Feux de for\u00eat au Costa Rica : Palo Verde - SensorialSunsets<\/title>\n<meta name=\"description\" content=\"Le Costa Rica est un pays qui a connu des feux de for\u00eat pendant la saison s\u00e8che, entre d\u00e9cembre et avril.\" \/>\n<meta name=\"robots\" content=\"index, follow, max-snippet:-1, max-image-preview:large, max-video-preview:-1\" \/>\n<link rel=\"canonical\" href=\"https:\/\/www.sensorialsunsets.com\/fr\/feux-de-foret-au-costa-rica-palo-verde\/\" \/>\n<meta property=\"og:locale\" content=\"fr_FR\" \/>\n<meta property=\"og:type\" content=\"article\" \/>\n<meta property=\"og:title\" content=\"Feux de for\u00eat au Costa Rica : Palo Verde - SensorialSunsets\" \/>\n<meta property=\"og:description\" content=\"Le Costa Rica est un pays qui a connu des feux de for\u00eat pendant la saison s\u00e8che, entre d\u00e9cembre et avril.\" \/>\n<meta property=\"og:url\" content=\"https:\/\/www.sensorialsunsets.com\/fr\/feux-de-foret-au-costa-rica-palo-verde\/\" \/>\n<meta property=\"og:site_name\" content=\"SensorialSunsets\" \/>\n<meta property=\"article:publisher\" content=\"https:\/\/www.facebook.com\/Sensorial-Sunsets-109180614715562\" \/>\n<meta property=\"article:published_time\" content=\"2023-05-02T22:03:11+00:00\" \/>\n<meta property=\"article:modified_time\" content=\"2023-05-02T22:28:19+00:00\" \/>\n<meta property=\"og:image\" content=\"https:\/\/www.sensorialsunsets.com\/wp-content\/uploads\/2023\/05\/pexels-vladyslav-dukhin-4070651-scaled.jpg\" \/>\n\t<meta property=\"og:image:width\" content=\"2560\" \/>\n\t<meta property=\"og:image:height\" content=\"1707\" \/>\n\t<meta property=\"og:image:type\" content=\"image\/jpeg\" \/>\n<meta name=\"author\" content=\"Sensorial Sunsets\" \/>\n<meta name=\"twitter:card\" content=\"summary_large_image\" \/>\n<meta name=\"twitter:label1\" content=\"\u00c9crit par\" \/>\n\t<meta name=\"twitter:data1\" content=\"Sensorial Sunsets\" \/>\n\t<meta name=\"twitter:label2\" content=\"Dur\u00e9e de lecture estim\u00e9e\" \/>\n\t<meta name=\"twitter:data2\" content=\"3 minutes\" \/>\n<script type=\"application\/ld+json\" class=\"yoast-schema-graph\">{\"@context\":\"https:\\\/\\\/schema.org\",\"@graph\":[{\"@type\":\"Article\",\"@id\":\"https:\\\/\\\/www.sensorialsunsets.com\\\/fr\\\/feux-de-foret-au-costa-rica-palo-verde\\\/#article\",\"isPartOf\":{\"@id\":\"https:\\\/\\\/www.sensorialsunsets.com\\\/fr\\\/feux-de-foret-au-costa-rica-palo-verde\\\/\"},\"author\":{\"name\":\"Sensorial Sunsets\",\"@id\":\"https:\\\/\\\/www.sensorialsunsets.com\\\/fr\\\/#\\\/schema\\\/person\\\/77e2fa594135aa94024c47e281d8a94d\"},\"headline\":\"Feux de for\u00eat au Costa Rica : Palo Verde\",\"datePublished\":\"2023-05-02T22:03:11+00:00\",\"dateModified\":\"2023-05-02T22:28:19+00:00\",\"mainEntityOfPage\":{\"@id\":\"https:\\\/\\\/www.sensorialsunsets.com\\\/fr\\\/feux-de-foret-au-costa-rica-palo-verde\\\/\"},\"wordCount\":631,\"publisher\":{\"@id\":\"https:\\\/\\\/www.sensorialsunsets.com\\\/fr\\\/#organization\"},\"image\":{\"@id\":\"https:\\\/\\\/www.sensorialsunsets.com\\\/fr\\\/feux-de-foret-au-costa-rica-palo-verde\\\/#primaryimage\"},\"thumbnailUrl\":\"https:\\\/\\\/www.sensorialsunsets.com\\\/wp-content\\\/uploads\\\/2023\\\/05\\\/pexels-vladyslav-dukhin-4070651-scaled.jpg\",\"articleSection\":[\"Costa Rica\",\"Ecologie\"],\"inLanguage\":\"fr-FR\"},{\"@type\":\"WebPage\",\"@id\":\"https:\\\/\\\/www.sensorialsunsets.com\\\/fr\\\/feux-de-foret-au-costa-rica-palo-verde\\\/\",\"url\":\"https:\\\/\\\/www.sensorialsunsets.com\\\/fr\\\/feux-de-foret-au-costa-rica-palo-verde\\\/\",\"name\":\"Feux de for\u00eat au Costa Rica : Palo Verde - SensorialSunsets\",\"isPartOf\":{\"@id\":\"https:\\\/\\\/www.sensorialsunsets.com\\\/fr\\\/#website\"},\"primaryImageOfPage\":{\"@id\":\"https:\\\/\\\/www.sensorialsunsets.com\\\/fr\\\/feux-de-foret-au-costa-rica-palo-verde\\\/#primaryimage\"},\"image\":{\"@id\":\"https:\\\/\\\/www.sensorialsunsets.com\\\/fr\\\/feux-de-foret-au-costa-rica-palo-verde\\\/#primaryimage\"},\"thumbnailUrl\":\"https:\\\/\\\/www.sensorialsunsets.com\\\/wp-content\\\/uploads\\\/2023\\\/05\\\/pexels-vladyslav-dukhin-4070651-scaled.jpg\",\"datePublished\":\"2023-05-02T22:03:11+00:00\",\"dateModified\":\"2023-05-02T22:28:19+00:00\",\"description\":\"Le Costa Rica est un pays qui a connu des feux de for\u00eat pendant la saison s\u00e8che, entre d\u00e9cembre et avril.\",\"inLanguage\":\"fr-FR\",\"potentialAction\":[{\"@type\":\"ReadAction\",\"target\":[\"https:\\\/\\\/www.sensorialsunsets.com\\\/fr\\\/feux-de-foret-au-costa-rica-palo-verde\\\/\"]}]},{\"@type\":\"ImageObject\",\"inLanguage\":\"fr-FR\",\"@id\":\"https:\\\/\\\/www.sensorialsunsets.com\\\/fr\\\/feux-de-foret-au-costa-rica-palo-verde\\\/#primaryimage\",\"url\":\"https:\\\/\\\/www.sensorialsunsets.com\\\/wp-content\\\/uploads\\\/2023\\\/05\\\/pexels-vladyslav-dukhin-4070651-scaled.jpg\",\"contentUrl\":\"https:\\\/\\\/www.sensorialsunsets.com\\\/wp-content\\\/uploads\\\/2023\\\/05\\\/pexels-vladyslav-dukhin-4070651-scaled.jpg\",\"width\":2560,\"height\":1707},{\"@type\":\"WebSite\",\"@id\":\"https:\\\/\\\/www.sensorialsunsets.com\\\/fr\\\/#website\",\"url\":\"https:\\\/\\\/www.sensorialsunsets.com\\\/fr\\\/\",\"name\":\"SensorialSunsets.com\",\"description\":\"D\u00e9couvrez la culture et la soci\u00e9t\u00e9 du Costa Rica sur notre blog. Explorez des articles captivants et partagez le contenu.\",\"publisher\":{\"@id\":\"https:\\\/\\\/www.sensorialsunsets.com\\\/fr\\\/#organization\"},\"alternateName\":\"Costa Rica Live Blog\",\"potentialAction\":[{\"@type\":\"SearchAction\",\"target\":{\"@type\":\"EntryPoint\",\"urlTemplate\":\"https:\\\/\\\/www.sensorialsunsets.com\\\/fr\\\/?s={search_term_string}\"},\"query-input\":{\"@type\":\"PropertyValueSpecification\",\"valueRequired\":true,\"valueName\":\"search_term_string\"}}],\"inLanguage\":\"fr-FR\"},{\"@type\":\"Organization\",\"@id\":\"https:\\\/\\\/www.sensorialsunsets.com\\\/fr\\\/#organization\",\"name\":\"SensorialSunsets\",\"url\":\"https:\\\/\\\/www.sensorialsunsets.com\\\/fr\\\/\",\"logo\":{\"@type\":\"ImageObject\",\"inLanguage\":\"fr-FR\",\"@id\":\"https:\\\/\\\/www.sensorialsunsets.com\\\/fr\\\/#\\\/schema\\\/logo\\\/image\\\/\",\"url\":\"https:\\\/\\\/www.sensorialsunsets.com\\\/wp-content\\\/uploads\\\/2023\\\/04\\\/Logo_base_line_fond_clair.svg\",\"contentUrl\":\"https:\\\/\\\/www.sensorialsunsets.com\\\/wp-content\\\/uploads\\\/2023\\\/04\\\/Logo_base_line_fond_clair.svg\",\"width\":\"1024\",\"height\":\"1024\",\"caption\":\"SensorialSunsets\"},\"image\":{\"@id\":\"https:\\\/\\\/www.sensorialsunsets.com\\\/fr\\\/#\\\/schema\\\/logo\\\/image\\\/\"},\"sameAs\":[\"https:\\\/\\\/www.facebook.com\\\/Sensorial-Sunsets-109180614715562\",\"https:\\\/\\\/www.instagram.com\\\/sensorialsunsets\\\/\"]},{\"@type\":\"Person\",\"@id\":\"https:\\\/\\\/www.sensorialsunsets.com\\\/fr\\\/#\\\/schema\\\/person\\\/77e2fa594135aa94024c47e281d8a94d\",\"name\":\"Sensorial Sunsets\",\"image\":{\"@type\":\"ImageObject\",\"inLanguage\":\"fr-FR\",\"@id\":\"https:\\\/\\\/secure.gravatar.com\\\/avatar\\\/5f2d62681b1dad94c28f1500d4fc75582acdfd32b55fd1acce0a36a3c487eabe?s=96&d=mm&r=g\",\"url\":\"https:\\\/\\\/secure.gravatar.com\\\/avatar\\\/5f2d62681b1dad94c28f1500d4fc75582acdfd32b55fd1acce0a36a3c487eabe?s=96&d=mm&r=g\",\"contentUrl\":\"https:\\\/\\\/secure.gravatar.com\\\/avatar\\\/5f2d62681b1dad94c28f1500d4fc75582acdfd32b55fd1acce0a36a3c487eabe?s=96&d=mm&r=g\",\"caption\":\"Sensorial Sunsets\"},\"url\":\"https:\\\/\\\/www.sensorialsunsets.com\\\/fr\\\/author\\\/asistentes-sensorial-sunsets\\\/\"}]}<\/script>\n<!-- \/ Yoast SEO plugin. -->","yoast_head_json":{"title":"Feux de for\u00eat au Costa Rica : Palo Verde - SensorialSunsets","description":"Le Costa Rica est un pays qui a connu des feux de for\u00eat pendant la saison s\u00e8che, entre d\u00e9cembre et avril.","robots":{"index":"index","follow":"follow","max-snippet":"max-snippet:-1","max-image-preview":"max-image-preview:large","max-video-preview":"max-video-preview:-1"},"canonical":"https:\/\/www.sensorialsunsets.com\/fr\/feux-de-foret-au-costa-rica-palo-verde\/","og_locale":"fr_FR","og_type":"article","og_title":"Feux de for\u00eat au Costa Rica : Palo Verde - SensorialSunsets","og_description":"Le Costa Rica est un pays qui a connu des feux de for\u00eat pendant la saison s\u00e8che, entre d\u00e9cembre et avril.","og_url":"https:\/\/www.sensorialsunsets.com\/fr\/feux-de-foret-au-costa-rica-palo-verde\/","og_site_name":"SensorialSunsets","article_publisher":"https:\/\/www.facebook.com\/Sensorial-Sunsets-109180614715562","article_published_time":"2023-05-02T22:03:11+00:00","article_modified_time":"2023-05-02T22:28:19+00:00","og_image":[{"width":2560,"height":1707,"url":"https:\/\/www.sensorialsunsets.com\/wp-content\/uploads\/2023\/05\/pexels-vladyslav-dukhin-4070651-scaled.jpg","type":"image\/jpeg"}],"author":"Sensorial Sunsets","twitter_card":"summary_large_image","twitter_misc":{"\u00c9crit par":"Sensorial Sunsets","Dur\u00e9e de lecture estim\u00e9e":"3 minutes"},"schema":{"@context":"https:\/\/schema.org","@graph":[{"@type":"Article","@id":"https:\/\/www.sensorialsunsets.com\/fr\/feux-de-foret-au-costa-rica-palo-verde\/#article","isPartOf":{"@id":"https:\/\/www.sensorialsunsets.com\/fr\/feux-de-foret-au-costa-rica-palo-verde\/"},"author":{"name":"Sensorial Sunsets","@id":"https:\/\/www.sensorialsunsets.com\/fr\/#\/schema\/person\/77e2fa594135aa94024c47e281d8a94d"},"headline":"Feux de for\u00eat au Costa Rica : Palo Verde","datePublished":"2023-05-02T22:03:11+00:00","dateModified":"2023-05-02T22:28:19+00:00","mainEntityOfPage":{"@id":"https:\/\/www.sensorialsunsets.com\/fr\/feux-de-foret-au-costa-rica-palo-verde\/"},"wordCount":631,"publisher":{"@id":"https:\/\/www.sensorialsunsets.com\/fr\/#organization"},"image":{"@id":"https:\/\/www.sensorialsunsets.com\/fr\/feux-de-foret-au-costa-rica-palo-verde\/#primaryimage"},"thumbnailUrl":"https:\/\/www.sensorialsunsets.com\/wp-content\/uploads\/2023\/05\/pexels-vladyslav-dukhin-4070651-scaled.jpg","articleSection":["Costa Rica","Ecologie"],"inLanguage":"fr-FR"},{"@type":"WebPage","@id":"https:\/\/www.sensorialsunsets.com\/fr\/feux-de-foret-au-costa-rica-palo-verde\/","url":"https:\/\/www.sensorialsunsets.com\/fr\/feux-de-foret-au-costa-rica-palo-verde\/","name":"Feux de for\u00eat au Costa Rica : Palo Verde - SensorialSunsets","isPartOf":{"@id":"https:\/\/www.sensorialsunsets.com\/fr\/#website"},"primaryImageOfPage":{"@id":"https:\/\/www.sensorialsunsets.com\/fr\/feux-de-foret-au-costa-rica-palo-verde\/#primaryimage"},"image":{"@id":"https:\/\/www.sensorialsunsets.com\/fr\/feux-de-foret-au-costa-rica-palo-verde\/#primaryimage"},"thumbnailUrl":"https:\/\/www.sensorialsunsets.com\/wp-content\/uploads\/2023\/05\/pexels-vladyslav-dukhin-4070651-scaled.jpg","datePublished":"2023-05-02T22:03:11+00:00","dateModified":"2023-05-02T22:28:19+00:00","description":"Le Costa Rica est un pays qui a connu des feux de for\u00eat pendant la saison s\u00e8che, entre d\u00e9cembre et avril.","inLanguage":"fr-FR","potentialAction":[{"@type":"ReadAction","target":["https:\/\/www.sensorialsunsets.com\/fr\/feux-de-foret-au-costa-rica-palo-verde\/"]}]},{"@type":"ImageObject","inLanguage":"fr-FR","@id":"https:\/\/www.sensorialsunsets.com\/fr\/feux-de-foret-au-costa-rica-palo-verde\/#primaryimage","url":"https:\/\/www.sensorialsunsets.com\/wp-content\/uploads\/2023\/05\/pexels-vladyslav-dukhin-4070651-scaled.jpg","contentUrl":"https:\/\/www.sensorialsunsets.com\/wp-content\/uploads\/2023\/05\/pexels-vladyslav-dukhin-4070651-scaled.jpg","width":2560,"height":1707},{"@type":"WebSite","@id":"https:\/\/www.sensorialsunsets.com\/fr\/#website","url":"https:\/\/www.sensorialsunsets.com\/fr\/","name":"SensorialSunsets.com","description":"D\u00e9couvrez la culture et la soci\u00e9t\u00e9 du Costa Rica sur notre blog. Explorez des articles captivants et partagez le contenu.","publisher":{"@id":"https:\/\/www.sensorialsunsets.com\/fr\/#organization"},"alternateName":"Costa Rica Live Blog","potentialAction":[{"@type":"SearchAction","target":{"@type":"EntryPoint","urlTemplate":"https:\/\/www.sensorialsunsets.com\/fr\/?s={search_term_string}"},"query-input":{"@type":"PropertyValueSpecification","valueRequired":true,"valueName":"search_term_string"}}],"inLanguage":"fr-FR"},{"@type":"Organization","@id":"https:\/\/www.sensorialsunsets.com\/fr\/#organization","name":"SensorialSunsets","url":"https:\/\/www.sensorialsunsets.com\/fr\/","logo":{"@type":"ImageObject","inLanguage":"fr-FR","@id":"https:\/\/www.sensorialsunsets.com\/fr\/#\/schema\/logo\/image\/","url":"https:\/\/www.sensorialsunsets.com\/wp-content\/uploads\/2023\/04\/Logo_base_line_fond_clair.svg","contentUrl":"https:\/\/www.sensorialsunsets.com\/wp-content\/uploads\/2023\/04\/Logo_base_line_fond_clair.svg","width":"1024","height":"1024","caption":"SensorialSunsets"},"image":{"@id":"https:\/\/www.sensorialsunsets.com\/fr\/#\/schema\/logo\/image\/"},"sameAs":["https:\/\/www.facebook.com\/Sensorial-Sunsets-109180614715562","https:\/\/www.instagram.com\/sensorialsunsets\/"]},{"@type":"Person","@id":"https:\/\/www.sensorialsunsets.com\/fr\/#\/schema\/person\/77e2fa594135aa94024c47e281d8a94d","name":"Sensorial Sunsets","image":{"@type":"ImageObject","inLanguage":"fr-FR","@id":"https:\/\/secure.gravatar.com\/avatar\/5f2d62681b1dad94c28f1500d4fc75582acdfd32b55fd1acce0a36a3c487eabe?s=96&d=mm&r=g","url":"https:\/\/secure.gravatar.com\/avatar\/5f2d62681b1dad94c28f1500d4fc75582acdfd32b55fd1acce0a36a3c487eabe?s=96&d=mm&r=g","contentUrl":"https:\/\/secure.gravatar.com\/avatar\/5f2d62681b1dad94c28f1500d4fc75582acdfd32b55fd1acce0a36a3c487eabe?s=96&d=mm&r=g","caption":"Sensorial Sunsets"},"url":"https:\/\/www.sensorialsunsets.com\/fr\/author\/asistentes-sensorial-sunsets\/"}]}},"_links":{"self":[{"href":"https:\/\/www.sensorialsunsets.com\/fr\/wp-json\/wp\/v2\/posts\/7429","targetHints":{"allow":["GET"]}}],"collection":[{"href":"https:\/\/www.sensorialsunsets.com\/fr\/wp-json\/wp\/v2\/posts"}],"about":[{"href":"https:\/\/www.sensorialsunsets.com\/fr\/wp-json\/wp\/v2\/types\/post"}],"author":[{"embeddable":true,"href":"https:\/\/www.sensorialsunsets.com\/fr\/wp-json\/wp\/v2\/users\/4"}],"replies":[{"embeddable":true,"href":"https:\/\/www.sensorialsunsets.com\/fr\/wp-json\/wp\/v2\/comments?post=7429"}],"version-history":[{"count":0,"href":"https:\/\/www.sensorialsunsets.com\/fr\/wp-json\/wp\/v2\/posts\/7429\/revisions"}],"wp:featuredmedia":[{"embeddable":true,"href":"https:\/\/www.sensorialsunsets.com\/fr\/wp-json\/wp\/v2\/media\/7399"}],"wp:attachment":[{"href":"https:\/\/www.sensorialsunsets.com\/fr\/wp-json\/wp\/v2\/media?parent=7429"}],"wp:term":[{"taxonomy":"category","embeddable":true,"href":"https:\/\/www.sensorialsunsets.com\/fr\/wp-json\/wp\/v2\/categories?post=7429"},{"taxonomy":"post_tag","embeddable":true,"href":"https:\/\/www.sensorialsunsets.com\/fr\/wp-json\/wp\/v2\/tags?post=7429"}],"curies":[{"name":"wp","href":"https:\/\/api.w.org\/{rel}","templated":true}]}}