{"id":7648,"date":"2023-05-10T14:31:32","date_gmt":"2023-05-10T20:31:32","guid":{"rendered":"https:\/\/www.sensorialsunsets.com\/?p=7648"},"modified":"2023-05-10T14:31:42","modified_gmt":"2023-05-10T20:31:42","slug":"vibrations-culturelles-en-mai-2023-foire-a-la-biere-tropicale","status":"publish","type":"post","link":"https:\/\/www.sensorialsunsets.com\/fr\/vibrations-culturelles-en-mai-2023-foire-a-la-biere-tropicale\/","title":{"rendered":"Vibrations culturelles en mai 2023 : Foire \u00e0 la bi\u00e8re tropicale"},"content":{"rendered":"\n<p><a href=\"https:\/\/starticket.cr\/e\/849\/festival-tropical-cerveza?ref=startickethome\">La foire \u00e0 la bi\u00e8re tropicale du Costa Rica est un \u00e9v\u00e9nement annuel qui combine le meilleur de la culture tropicale du pays avec la bi\u00e8re artisanale.<\/a><\/p>\n\n\n\n<p>Les \u00e9v\u00e9nements culturels du Costa Rica refl\u00e8tent les id\u00e9ologies et les aspirations du pays. Officiellement \u00e9tablies, elles permettent aux costariciens d&rsquo;exprimer leurs d\u00e9sirs, leurs pr\u00e9occupations, leur contenu \u00e9motionnel et intuitif. En d&rsquo;autres termes, ils permettent de c\u00e9l\u00e9brer la diversit\u00e9 artistique et sociale.<\/p>\n\n\n\n<p>En effet, ces activit\u00e9s refl\u00e8tent la diversit\u00e9 culturelle lorsqu&rsquo;elles sont bas\u00e9es sur des \u00e9v\u00e9nements importants pour la communaut\u00e9, tels que ceux propos\u00e9s par les peuples indig\u00e8nes lors de la plantation et de la r\u00e9colte. <\/p>\n\n\n\n<blockquote class=\"wp-block-quote is-layout-flow wp-block-quote-is-layout-flow\">\n<p>Mai 2023 au Costa Rica promet d&rsquo;\u00eatre une saison passionnante, pleine d&rsquo;\u00e9v\u00e9nements culturels qui combinent le social, l&rsquo;artistique et le cr\u00e9atif.<\/p>\n<\/blockquote>\n\n\n\n<h3 class=\"wp-block-heading\"><strong>Foire de la bi\u00e8re<\/strong>.<\/h3>\n\n\n\n<p>Lors de cette foire, des producteurs artisanaux de tout le pays se r\u00e9unissent pour exposer leurs produits et les proposer au public.<\/p>\n\n\n<div class=\"wp-block-image\">\n<figure class=\"alignleft size-large is-resized\"><img loading=\"lazy\" decoding=\"async\" src=\"https:\/\/www.sensorialsunsets.com\/wp-content\/uploads\/2023\/05\/pexels-cottonbro-studio-5530262-683x1024.jpg\" alt=\"\" class=\"wp-image-7635\" width=\"301\" height=\"451\" srcset=\"https:\/\/www.sensorialsunsets.com\/wp-content\/uploads\/2023\/05\/pexels-cottonbro-studio-5530262-683x1024.jpg 683w, https:\/\/www.sensorialsunsets.com\/wp-content\/uploads\/2023\/05\/pexels-cottonbro-studio-5530262-200x300.jpg 200w, https:\/\/www.sensorialsunsets.com\/wp-content\/uploads\/2023\/05\/pexels-cottonbro-studio-5530262-768x1152.jpg 768w, https:\/\/www.sensorialsunsets.com\/wp-content\/uploads\/2023\/05\/pexels-cottonbro-studio-5530262-1024x1536.jpg 1024w, https:\/\/www.sensorialsunsets.com\/wp-content\/uploads\/2023\/05\/pexels-cottonbro-studio-5530262-1365x2048.jpg 1365w, https:\/\/www.sensorialsunsets.com\/wp-content\/uploads\/2023\/05\/pexels-cottonbro-studio-5530262-1320x1980.jpg 1320w, https:\/\/www.sensorialsunsets.com\/wp-content\/uploads\/2023\/05\/pexels-cottonbro-studio-5530262-scaled.jpg 1707w\" sizes=\"auto, (max-width: 301px) 100vw, 301px\" \/><\/figure>\n<\/div>\n\n\n<p>Pour les amateurs de cette boisson, cette activit\u00e9 constitue une exp\u00e9rience unique, au cours de laquelle ils peuvent appr\u00e9cier une vari\u00e9t\u00e9 de styles et de saveurs. De m\u00eame, les participants ont l&rsquo;occasion de go\u00fbter diff\u00e9rentes marques, d&rsquo;apprendre le processus de brassage et de discuter avec les producteurs.<\/p>\n\n\n\n<blockquote class=\"wp-block-quote is-layout-flow wp-block-quote-is-layout-flow\">\n<p>Beaucoup de bi\u00e8re et de bonne musique les 13 et 14 mai \u00e0 Aleste , Curridabat<\/p>\n<\/blockquote>\n\n\n\n<p>En outre, la Feria Tropical-Cerveza Costa Rica proposera une offre gastronomique vari\u00e9e comprenant des plats et des en-cas pour accompagner les d\u00e9gustations de bi\u00e8re. Il y aura \u00e9galement des activit\u00e9s culturelles telles que de la musique en direct, des performances artistiques et des conf\u00e9rences sur la bi\u00e8re et la culture tropicale. <\/p>\n\n\n\n<h3 class=\"wp-block-heading\"><bi artisanale=\"\" ou=\"\" industrielle=\"\"><\/bi><\/h3>\n\n\n\n<p><a href=\"https:\/\/www.sensorialsunsets.com\/fr\/le-marche-costaricien-des-boissons-alcoolisees-ruta-230\/\">La bi\u00e8re artisanale<\/a> est souvent brass\u00e9e avec des ingr\u00e9dients naturels de haute qualit\u00e9 tels que le malt d&rsquo;orge, l&rsquo;eau, la levure et le houblon. Certaines vari\u00e9t\u00e9s peuvent \u00e9galement contenir d&rsquo;autres c\u00e9r\u00e9ales, comme le bl\u00e9 ou le seigle.<\/p>\n\n\n\n<p>En termes de go\u00fbt, les versions traditionnelles ont tendance \u00e0 \u00eatre plus vari\u00e9es et \u00e0 pr\u00e9senter des profils aromatiques et gustatifs plus complexes. Cela est d\u00fb \u00e0 l&rsquo;utilisation d&rsquo;ingr\u00e9dients naturels et de diff\u00e9rentes m\u00e9thodes de brassage qui renforcent les caract\u00e9ristiques uniques de chaque bi\u00e8re.<\/p>\n\n\n<div class=\"wp-block-image\">\n<figure class=\"alignright size-large is-resized\"><img loading=\"lazy\" decoding=\"async\" src=\"https:\/\/www.sensorialsunsets.com\/wp-content\/uploads\/2023\/05\/pexels-pixabay-63633-1024x709.jpg\" alt=\"\" class=\"wp-image-7632\" width=\"396\" height=\"274\" srcset=\"https:\/\/www.sensorialsunsets.com\/wp-content\/uploads\/2023\/05\/pexels-pixabay-63633-1024x709.jpg 1024w, https:\/\/www.sensorialsunsets.com\/wp-content\/uploads\/2023\/05\/pexels-pixabay-63633-300x208.jpg 300w, https:\/\/www.sensorialsunsets.com\/wp-content\/uploads\/2023\/05\/pexels-pixabay-63633-768x532.jpg 768w, https:\/\/www.sensorialsunsets.com\/wp-content\/uploads\/2023\/05\/pexels-pixabay-63633-1536x1064.jpg 1536w, https:\/\/www.sensorialsunsets.com\/wp-content\/uploads\/2023\/05\/pexels-pixabay-63633-2048x1419.jpg 2048w, https:\/\/www.sensorialsunsets.com\/wp-content\/uploads\/2023\/05\/pexels-pixabay-63633-1320x914.jpg 1320w\" sizes=\"auto, (max-width: 396px) 100vw, 396px\" \/><\/figure>\n<\/div>\n\n\n<p>La bi\u00e8re industrielle utilise souvent des ingr\u00e9dients transform\u00e9s moins chers, tels que l&rsquo;extrait de malt, le riz ou le ma\u00efs. Alors, elle peut contenir des additifs et des stabilisants pour augmenter la dur\u00e9e de conservation et r\u00e9duire les co\u00fbts de production. Le brassage commercial, quant \u00e0 lui, s&rsquo;appuie sur des m\u00e9thodes de brassage de masse et automatis\u00e9es.<\/p>\n\n\n\n<p>N\u00e9anmoins, il convient de noter que la bi\u00e8re artisanale et la bi\u00e8re industrielle pr\u00e9sentent des caract\u00e9ristiques et des qualit\u00e9s qui leur sont propres. Alors que l&rsquo;artisanale se distingue par son souci de qualit\u00e9, d&rsquo;innovation et de vari\u00e9t\u00e9, l&rsquo;industrielle est produite \u00e0 grande \u00e9chelle et tend \u00e0 \u00eatre plus largement distribu\u00e9e. <\/p>\n\n\n\n<blockquote class=\"wp-block-quote is-layout-flow wp-block-quote-is-layout-flow\">\n\n<p>Foire du 13 au 14 mai \u00e0 Aleste curridabaten Aleste, Curridabat. <strong>Acc\u00e8s gratuit<\/strong>.<\/p>\n\n<cite><a href=\"https:\/\/www.gamcultural.com\/cr\/events\/1255620\/festival-tropical-cerveza\"><a href=\"https:\/\/www.gamcultural.com\/cr\/events\/1255620\/festival-tropical-cerveza\">GAM Cultural<\/a><\/a><\/cite><\/blockquote>\n\n\n\n<p>Un \u00e9v\u00e9nement qui permet de promouvoir l&rsquo;industrie brassicole artisanale locale et de c\u00e9l\u00e9brer la culture du Costa Rica et sa passion pour la bi\u00e8re.<\/p>\n\n\n\n<p><strong>Sensorial Sunsets<\/strong><\/p>\n","protected":false},"excerpt":{"rendered":"<p>La foire \u00e0 la bi\u00e8re tropicale du Costa Rica est un \u00e9v\u00e9nement annuel qui combine le meilleur de la culture tropicale du pays avec la bi\u00e8re artisanale. Les \u00e9v\u00e9nements culturels du Costa Rica refl\u00e8tent les id\u00e9ologies et les aspirations du pays. Officiellement \u00e9tablies, elles permettent aux costariciens d&rsquo;exprimer leurs d\u00e9sirs, leurs pr\u00e9occupations, leur contenu \u00e9motionnel [&hellip;]<\/p>\n","protected":false},"author":4,"featured_media":7628,"comment_status":"closed","ping_status":"closed","sticky":false,"template":"","format":"standard","meta":{"_acf_changed":false,"inline_featured_image":false,"_monsterinsights_skip_tracking":false,"_monsterinsights_sitenote_active":false,"_monsterinsights_sitenote_note":"","_monsterinsights_sitenote_category":0,"footnotes":""},"categories":[100,102],"tags":[],"class_list":["post-7648","post","type-post","status-publish","format-standard","has-post-thumbnail","hentry","category-costa-rica-fr","category-societe-fr"],"acf":[],"yoast_head":"<!-- This site is optimized with the Yoast SEO plugin v27.4 - https:\/\/yoast.com\/product\/yoast-seo-wordpress\/ -->\n<title>SensorialSunsets<\/title>\n<meta name=\"description\" content=\"La foire \u00e0 la bi\u00e8re tropicale du Costa Rica est un \u00e9v\u00e9nement annuel qui combine le meilleur de la culture tropicale du pays avec la bi\u00e8re artisanale.\" \/>\n<meta name=\"robots\" content=\"index, follow, max-snippet:-1, max-image-preview:large, max-video-preview:-1\" \/>\n<link rel=\"canonical\" href=\"https:\/\/www.sensorialsunsets.com\/fr\/vibrations-culturelles-en-mai-2023-foire-a-la-biere-tropicale\/\" \/>\n<meta property=\"og:locale\" content=\"fr_FR\" \/>\n<meta property=\"og:type\" content=\"article\" \/>\n<meta property=\"og:title\" content=\"SensorialSunsets\" \/>\n<meta property=\"og:description\" content=\"La foire \u00e0 la bi\u00e8re tropicale du Costa Rica est un \u00e9v\u00e9nement annuel qui combine le meilleur de la culture tropicale du pays avec la bi\u00e8re artisanale.\" \/>\n<meta property=\"og:url\" content=\"https:\/\/www.sensorialsunsets.com\/fr\/vibrations-culturelles-en-mai-2023-foire-a-la-biere-tropicale\/\" \/>\n<meta property=\"og:site_name\" content=\"SensorialSunsets\" \/>\n<meta property=\"article:publisher\" content=\"https:\/\/www.facebook.com\/Sensorial-Sunsets-109180614715562\" \/>\n<meta property=\"article:published_time\" content=\"2023-05-10T20:31:32+00:00\" \/>\n<meta property=\"article:modified_time\" content=\"2023-05-10T20:31:42+00:00\" \/>\n<meta property=\"og:image\" content=\"https:\/\/www.sensorialsunsets.com\/wp-content\/uploads\/2023\/05\/pexels-amanda-klamrowski-1400255-scaled.jpg\" \/>\n\t<meta property=\"og:image:width\" content=\"2560\" \/>\n\t<meta property=\"og:image:height\" content=\"1706\" \/>\n\t<meta property=\"og:image:type\" content=\"image\/jpeg\" \/>\n<meta name=\"author\" content=\"Sensorial Sunsets\" \/>\n<meta name=\"twitter:card\" content=\"summary_large_image\" \/>\n<meta name=\"twitter:label1\" content=\"\u00c9crit par\" \/>\n\t<meta name=\"twitter:data1\" content=\"Sensorial Sunsets\" \/>\n\t<meta name=\"twitter:label2\" content=\"Dur\u00e9e de lecture estim\u00e9e\" \/>\n\t<meta name=\"twitter:data2\" content=\"3 minutes\" \/>\n<script type=\"application\/ld+json\" class=\"yoast-schema-graph\">{\"@context\":\"https:\\\/\\\/schema.org\",\"@graph\":[{\"@type\":\"Article\",\"@id\":\"https:\\\/\\\/www.sensorialsunsets.com\\\/fr\\\/vibrations-culturelles-en-mai-2023-foire-a-la-biere-tropicale\\\/#article\",\"isPartOf\":{\"@id\":\"https:\\\/\\\/www.sensorialsunsets.com\\\/fr\\\/vibrations-culturelles-en-mai-2023-foire-a-la-biere-tropicale\\\/\"},\"author\":{\"name\":\"Sensorial Sunsets\",\"@id\":\"https:\\\/\\\/www.sensorialsunsets.com\\\/fr\\\/#\\\/schema\\\/person\\\/77e2fa594135aa94024c47e281d8a94d\"},\"headline\":\"Vibrations culturelles en mai 2023 : Foire \u00e0 la bi\u00e8re tropicale\",\"datePublished\":\"2023-05-10T20:31:32+00:00\",\"dateModified\":\"2023-05-10T20:31:42+00:00\",\"mainEntityOfPage\":{\"@id\":\"https:\\\/\\\/www.sensorialsunsets.com\\\/fr\\\/vibrations-culturelles-en-mai-2023-foire-a-la-biere-tropicale\\\/\"},\"wordCount\":577,\"publisher\":{\"@id\":\"https:\\\/\\\/www.sensorialsunsets.com\\\/fr\\\/#organization\"},\"image\":{\"@id\":\"https:\\\/\\\/www.sensorialsunsets.com\\\/fr\\\/vibrations-culturelles-en-mai-2023-foire-a-la-biere-tropicale\\\/#primaryimage\"},\"thumbnailUrl\":\"https:\\\/\\\/www.sensorialsunsets.com\\\/wp-content\\\/uploads\\\/2023\\\/05\\\/pexels-amanda-klamrowski-1400255-scaled.jpg\",\"articleSection\":[\"Costa Rica\",\"Soci\u00e9t\u00e9\"],\"inLanguage\":\"fr-FR\"},{\"@type\":\"WebPage\",\"@id\":\"https:\\\/\\\/www.sensorialsunsets.com\\\/fr\\\/vibrations-culturelles-en-mai-2023-foire-a-la-biere-tropicale\\\/\",\"url\":\"https:\\\/\\\/www.sensorialsunsets.com\\\/fr\\\/vibrations-culturelles-en-mai-2023-foire-a-la-biere-tropicale\\\/\",\"name\":\"SensorialSunsets\",\"isPartOf\":{\"@id\":\"https:\\\/\\\/www.sensorialsunsets.com\\\/fr\\\/#website\"},\"primaryImageOfPage\":{\"@id\":\"https:\\\/\\\/www.sensorialsunsets.com\\\/fr\\\/vibrations-culturelles-en-mai-2023-foire-a-la-biere-tropicale\\\/#primaryimage\"},\"image\":{\"@id\":\"https:\\\/\\\/www.sensorialsunsets.com\\\/fr\\\/vibrations-culturelles-en-mai-2023-foire-a-la-biere-tropicale\\\/#primaryimage\"},\"thumbnailUrl\":\"https:\\\/\\\/www.sensorialsunsets.com\\\/wp-content\\\/uploads\\\/2023\\\/05\\\/pexels-amanda-klamrowski-1400255-scaled.jpg\",\"datePublished\":\"2023-05-10T20:31:32+00:00\",\"dateModified\":\"2023-05-10T20:31:42+00:00\",\"description\":\"La foire \u00e0 la bi\u00e8re tropicale du Costa Rica est un \u00e9v\u00e9nement annuel qui combine le meilleur de la culture tropicale du pays avec la bi\u00e8re artisanale.\",\"inLanguage\":\"fr-FR\",\"potentialAction\":[{\"@type\":\"ReadAction\",\"target\":[\"https:\\\/\\\/www.sensorialsunsets.com\\\/fr\\\/vibrations-culturelles-en-mai-2023-foire-a-la-biere-tropicale\\\/\"]}]},{\"@type\":\"ImageObject\",\"inLanguage\":\"fr-FR\",\"@id\":\"https:\\\/\\\/www.sensorialsunsets.com\\\/fr\\\/vibrations-culturelles-en-mai-2023-foire-a-la-biere-tropicale\\\/#primaryimage\",\"url\":\"https:\\\/\\\/www.sensorialsunsets.com\\\/wp-content\\\/uploads\\\/2023\\\/05\\\/pexels-amanda-klamrowski-1400255-scaled.jpg\",\"contentUrl\":\"https:\\\/\\\/www.sensorialsunsets.com\\\/wp-content\\\/uploads\\\/2023\\\/05\\\/pexels-amanda-klamrowski-1400255-scaled.jpg\",\"width\":2560,\"height\":1706,\"caption\":\"cerveza-feria-tradicional\"},{\"@type\":\"WebSite\",\"@id\":\"https:\\\/\\\/www.sensorialsunsets.com\\\/fr\\\/#website\",\"url\":\"https:\\\/\\\/www.sensorialsunsets.com\\\/fr\\\/\",\"name\":\"SensorialSunsets.com\",\"description\":\"D\u00e9couvrez la culture et la soci\u00e9t\u00e9 du Costa Rica sur notre blog. Explorez des articles captivants et partagez le contenu.\",\"publisher\":{\"@id\":\"https:\\\/\\\/www.sensorialsunsets.com\\\/fr\\\/#organization\"},\"alternateName\":\"Costa Rica Live Blog\",\"potentialAction\":[{\"@type\":\"SearchAction\",\"target\":{\"@type\":\"EntryPoint\",\"urlTemplate\":\"https:\\\/\\\/www.sensorialsunsets.com\\\/fr\\\/?s={search_term_string}\"},\"query-input\":{\"@type\":\"PropertyValueSpecification\",\"valueRequired\":true,\"valueName\":\"search_term_string\"}}],\"inLanguage\":\"fr-FR\"},{\"@type\":\"Organization\",\"@id\":\"https:\\\/\\\/www.sensorialsunsets.com\\\/fr\\\/#organization\",\"name\":\"SensorialSunsets\",\"url\":\"https:\\\/\\\/www.sensorialsunsets.com\\\/fr\\\/\",\"logo\":{\"@type\":\"ImageObject\",\"inLanguage\":\"fr-FR\",\"@id\":\"https:\\\/\\\/www.sensorialsunsets.com\\\/fr\\\/#\\\/schema\\\/logo\\\/image\\\/\",\"url\":\"https:\\\/\\\/www.sensorialsunsets.com\\\/wp-content\\\/uploads\\\/2023\\\/04\\\/Logo_base_line_fond_clair.svg\",\"contentUrl\":\"https:\\\/\\\/www.sensorialsunsets.com\\\/wp-content\\\/uploads\\\/2023\\\/04\\\/Logo_base_line_fond_clair.svg\",\"width\":\"1024\",\"height\":\"1024\",\"caption\":\"SensorialSunsets\"},\"image\":{\"@id\":\"https:\\\/\\\/www.sensorialsunsets.com\\\/fr\\\/#\\\/schema\\\/logo\\\/image\\\/\"},\"sameAs\":[\"https:\\\/\\\/www.facebook.com\\\/Sensorial-Sunsets-109180614715562\",\"https:\\\/\\\/www.instagram.com\\\/sensorialsunsets\\\/\"]},{\"@type\":\"Person\",\"@id\":\"https:\\\/\\\/www.sensorialsunsets.com\\\/fr\\\/#\\\/schema\\\/person\\\/77e2fa594135aa94024c47e281d8a94d\",\"name\":\"Sensorial Sunsets\",\"image\":{\"@type\":\"ImageObject\",\"inLanguage\":\"fr-FR\",\"@id\":\"https:\\\/\\\/secure.gravatar.com\\\/avatar\\\/5f2d62681b1dad94c28f1500d4fc75582acdfd32b55fd1acce0a36a3c487eabe?s=96&d=mm&r=g\",\"url\":\"https:\\\/\\\/secure.gravatar.com\\\/avatar\\\/5f2d62681b1dad94c28f1500d4fc75582acdfd32b55fd1acce0a36a3c487eabe?s=96&d=mm&r=g\",\"contentUrl\":\"https:\\\/\\\/secure.gravatar.com\\\/avatar\\\/5f2d62681b1dad94c28f1500d4fc75582acdfd32b55fd1acce0a36a3c487eabe?s=96&d=mm&r=g\",\"caption\":\"Sensorial Sunsets\"},\"url\":\"https:\\\/\\\/www.sensorialsunsets.com\\\/fr\\\/author\\\/asistentes-sensorial-sunsets\\\/\"}]}<\/script>\n<!-- \/ Yoast SEO plugin. -->","yoast_head_json":{"title":"SensorialSunsets","description":"La foire \u00e0 la bi\u00e8re tropicale du Costa Rica est un \u00e9v\u00e9nement annuel qui combine le meilleur de la culture tropicale du pays avec la bi\u00e8re artisanale.","robots":{"index":"index","follow":"follow","max-snippet":"max-snippet:-1","max-image-preview":"max-image-preview:large","max-video-preview":"max-video-preview:-1"},"canonical":"https:\/\/www.sensorialsunsets.com\/fr\/vibrations-culturelles-en-mai-2023-foire-a-la-biere-tropicale\/","og_locale":"fr_FR","og_type":"article","og_title":"SensorialSunsets","og_description":"La foire \u00e0 la bi\u00e8re tropicale du Costa Rica est un \u00e9v\u00e9nement annuel qui combine le meilleur de la culture tropicale du pays avec la bi\u00e8re artisanale.","og_url":"https:\/\/www.sensorialsunsets.com\/fr\/vibrations-culturelles-en-mai-2023-foire-a-la-biere-tropicale\/","og_site_name":"SensorialSunsets","article_publisher":"https:\/\/www.facebook.com\/Sensorial-Sunsets-109180614715562","article_published_time":"2023-05-10T20:31:32+00:00","article_modified_time":"2023-05-10T20:31:42+00:00","og_image":[{"width":2560,"height":1706,"url":"https:\/\/www.sensorialsunsets.com\/wp-content\/uploads\/2023\/05\/pexels-amanda-klamrowski-1400255-scaled.jpg","type":"image\/jpeg"}],"author":"Sensorial Sunsets","twitter_card":"summary_large_image","twitter_misc":{"\u00c9crit par":"Sensorial Sunsets","Dur\u00e9e de lecture estim\u00e9e":"3 minutes"},"schema":{"@context":"https:\/\/schema.org","@graph":[{"@type":"Article","@id":"https:\/\/www.sensorialsunsets.com\/fr\/vibrations-culturelles-en-mai-2023-foire-a-la-biere-tropicale\/#article","isPartOf":{"@id":"https:\/\/www.sensorialsunsets.com\/fr\/vibrations-culturelles-en-mai-2023-foire-a-la-biere-tropicale\/"},"author":{"name":"Sensorial Sunsets","@id":"https:\/\/www.sensorialsunsets.com\/fr\/#\/schema\/person\/77e2fa594135aa94024c47e281d8a94d"},"headline":"Vibrations culturelles en mai 2023 : Foire \u00e0 la bi\u00e8re tropicale","datePublished":"2023-05-10T20:31:32+00:00","dateModified":"2023-05-10T20:31:42+00:00","mainEntityOfPage":{"@id":"https:\/\/www.sensorialsunsets.com\/fr\/vibrations-culturelles-en-mai-2023-foire-a-la-biere-tropicale\/"},"wordCount":577,"publisher":{"@id":"https:\/\/www.sensorialsunsets.com\/fr\/#organization"},"image":{"@id":"https:\/\/www.sensorialsunsets.com\/fr\/vibrations-culturelles-en-mai-2023-foire-a-la-biere-tropicale\/#primaryimage"},"thumbnailUrl":"https:\/\/www.sensorialsunsets.com\/wp-content\/uploads\/2023\/05\/pexels-amanda-klamrowski-1400255-scaled.jpg","articleSection":["Costa Rica","Soci\u00e9t\u00e9"],"inLanguage":"fr-FR"},{"@type":"WebPage","@id":"https:\/\/www.sensorialsunsets.com\/fr\/vibrations-culturelles-en-mai-2023-foire-a-la-biere-tropicale\/","url":"https:\/\/www.sensorialsunsets.com\/fr\/vibrations-culturelles-en-mai-2023-foire-a-la-biere-tropicale\/","name":"SensorialSunsets","isPartOf":{"@id":"https:\/\/www.sensorialsunsets.com\/fr\/#website"},"primaryImageOfPage":{"@id":"https:\/\/www.sensorialsunsets.com\/fr\/vibrations-culturelles-en-mai-2023-foire-a-la-biere-tropicale\/#primaryimage"},"image":{"@id":"https:\/\/www.sensorialsunsets.com\/fr\/vibrations-culturelles-en-mai-2023-foire-a-la-biere-tropicale\/#primaryimage"},"thumbnailUrl":"https:\/\/www.sensorialsunsets.com\/wp-content\/uploads\/2023\/05\/pexels-amanda-klamrowski-1400255-scaled.jpg","datePublished":"2023-05-10T20:31:32+00:00","dateModified":"2023-05-10T20:31:42+00:00","description":"La foire \u00e0 la bi\u00e8re tropicale du Costa Rica est un \u00e9v\u00e9nement annuel qui combine le meilleur de la culture tropicale du pays avec la bi\u00e8re artisanale.","inLanguage":"fr-FR","potentialAction":[{"@type":"ReadAction","target":["https:\/\/www.sensorialsunsets.com\/fr\/vibrations-culturelles-en-mai-2023-foire-a-la-biere-tropicale\/"]}]},{"@type":"ImageObject","inLanguage":"fr-FR","@id":"https:\/\/www.sensorialsunsets.com\/fr\/vibrations-culturelles-en-mai-2023-foire-a-la-biere-tropicale\/#primaryimage","url":"https:\/\/www.sensorialsunsets.com\/wp-content\/uploads\/2023\/05\/pexels-amanda-klamrowski-1400255-scaled.jpg","contentUrl":"https:\/\/www.sensorialsunsets.com\/wp-content\/uploads\/2023\/05\/pexels-amanda-klamrowski-1400255-scaled.jpg","width":2560,"height":1706,"caption":"cerveza-feria-tradicional"},{"@type":"WebSite","@id":"https:\/\/www.sensorialsunsets.com\/fr\/#website","url":"https:\/\/www.sensorialsunsets.com\/fr\/","name":"SensorialSunsets.com","description":"D\u00e9couvrez la culture et la soci\u00e9t\u00e9 du Costa Rica sur notre blog. Explorez des articles captivants et partagez le contenu.","publisher":{"@id":"https:\/\/www.sensorialsunsets.com\/fr\/#organization"},"alternateName":"Costa Rica Live Blog","potentialAction":[{"@type":"SearchAction","target":{"@type":"EntryPoint","urlTemplate":"https:\/\/www.sensorialsunsets.com\/fr\/?s={search_term_string}"},"query-input":{"@type":"PropertyValueSpecification","valueRequired":true,"valueName":"search_term_string"}}],"inLanguage":"fr-FR"},{"@type":"Organization","@id":"https:\/\/www.sensorialsunsets.com\/fr\/#organization","name":"SensorialSunsets","url":"https:\/\/www.sensorialsunsets.com\/fr\/","logo":{"@type":"ImageObject","inLanguage":"fr-FR","@id":"https:\/\/www.sensorialsunsets.com\/fr\/#\/schema\/logo\/image\/","url":"https:\/\/www.sensorialsunsets.com\/wp-content\/uploads\/2023\/04\/Logo_base_line_fond_clair.svg","contentUrl":"https:\/\/www.sensorialsunsets.com\/wp-content\/uploads\/2023\/04\/Logo_base_line_fond_clair.svg","width":"1024","height":"1024","caption":"SensorialSunsets"},"image":{"@id":"https:\/\/www.sensorialsunsets.com\/fr\/#\/schema\/logo\/image\/"},"sameAs":["https:\/\/www.facebook.com\/Sensorial-Sunsets-109180614715562","https:\/\/www.instagram.com\/sensorialsunsets\/"]},{"@type":"Person","@id":"https:\/\/www.sensorialsunsets.com\/fr\/#\/schema\/person\/77e2fa594135aa94024c47e281d8a94d","name":"Sensorial Sunsets","image":{"@type":"ImageObject","inLanguage":"fr-FR","@id":"https:\/\/secure.gravatar.com\/avatar\/5f2d62681b1dad94c28f1500d4fc75582acdfd32b55fd1acce0a36a3c487eabe?s=96&d=mm&r=g","url":"https:\/\/secure.gravatar.com\/avatar\/5f2d62681b1dad94c28f1500d4fc75582acdfd32b55fd1acce0a36a3c487eabe?s=96&d=mm&r=g","contentUrl":"https:\/\/secure.gravatar.com\/avatar\/5f2d62681b1dad94c28f1500d4fc75582acdfd32b55fd1acce0a36a3c487eabe?s=96&d=mm&r=g","caption":"Sensorial Sunsets"},"url":"https:\/\/www.sensorialsunsets.com\/fr\/author\/asistentes-sensorial-sunsets\/"}]}},"_links":{"self":[{"href":"https:\/\/www.sensorialsunsets.com\/fr\/wp-json\/wp\/v2\/posts\/7648","targetHints":{"allow":["GET"]}}],"collection":[{"href":"https:\/\/www.sensorialsunsets.com\/fr\/wp-json\/wp\/v2\/posts"}],"about":[{"href":"https:\/\/www.sensorialsunsets.com\/fr\/wp-json\/wp\/v2\/types\/post"}],"author":[{"embeddable":true,"href":"https:\/\/www.sensorialsunsets.com\/fr\/wp-json\/wp\/v2\/users\/4"}],"replies":[{"embeddable":true,"href":"https:\/\/www.sensorialsunsets.com\/fr\/wp-json\/wp\/v2\/comments?post=7648"}],"version-history":[{"count":0,"href":"https:\/\/www.sensorialsunsets.com\/fr\/wp-json\/wp\/v2\/posts\/7648\/revisions"}],"wp:featuredmedia":[{"embeddable":true,"href":"https:\/\/www.sensorialsunsets.com\/fr\/wp-json\/wp\/v2\/media\/7628"}],"wp:attachment":[{"href":"https:\/\/www.sensorialsunsets.com\/fr\/wp-json\/wp\/v2\/media?parent=7648"}],"wp:term":[{"taxonomy":"category","embeddable":true,"href":"https:\/\/www.sensorialsunsets.com\/fr\/wp-json\/wp\/v2\/categories?post=7648"},{"taxonomy":"post_tag","embeddable":true,"href":"https:\/\/www.sensorialsunsets.com\/fr\/wp-json\/wp\/v2\/tags?post=7648"}],"curies":[{"name":"wp","href":"https:\/\/api.w.org\/{rel}","templated":true}]}}