{"id":7757,"date":"2023-05-25T10:24:59","date_gmt":"2023-05-25T16:24:59","guid":{"rendered":"https:\/\/www.sensorialsunsets.com\/?p=7757"},"modified":"2023-05-25T10:25:00","modified_gmt":"2023-05-25T16:25:00","slug":"le-marche-du-chocolat-2023-approche","status":"publish","type":"post","link":"https:\/\/www.sensorialsunsets.com\/fr\/le-marche-du-chocolat-2023-approche\/","title":{"rendered":"Le March\u00e9 du Chocolat 2023 approche"},"content":{"rendered":"\n<p>La septi\u00e8me \u00e9dition du March\u00e9 du Chocolat aura lieu le 30 juin, le 1er et le 2 juillet. Dans cet article, nous vous en disons plus.<\/p>\n\n\n\n<p>Si vous \u00eates un amateur de cacao et de chocolat, vous ne devez pas manquer cette activit\u00e9 qui aura lieu \u00e0 l&rsquo;Antigua Aduana. <\/p>\n\n\n\n<p>Le salon du chocolat vise \u00e0 rassembler les chocolatiers, les producteurs de cacao et les amateurs de cacao lors de ce grand \u00e9v\u00e9nement pour en savoir plus sur ce produit. <\/p>\n\n\n\n<p>Il y aura non seulement des stands d&rsquo;exposition, mais aussi des conf\u00e9rences informatives, des ateliers et des pr\u00e9sentations culturelles. <\/p>\n\n\n\n<p>Le March\u00e9 du Chocolat revient \u00e0 l&rsquo;Antigua Aduana comme un divertissement \u00e9ducatif et un bienfait social. <\/p>\n\n\n\n<p>Si vous souhaitez acheter votre billet, vous pouvez le faire en cliquant sur le lien suivant : <a href=\"https:\/\/starticket.cr\/e\/1059\/feria-de-chocolate\" target=\"_blank\" rel=\"noreferrer noopener\">FERIA DE CHOCOLATE \u2022 30 JUN \u2022 10 AM \u2022 Comprar boletos &#8211; Starticket<\/a><\/p>\n\n\n\n<p>Si vous souhaitez participer en tant que producteur de chocolat, vous pouvez r\u00e9server votre place ici : <a href=\"https:\/\/docs.google.com\/forms\/d\/e\/1FAIpQLSdyqf26PWcbuEKiHKYDVtcBDbzm6TwLD_gmTtOq9LyVnFkWsg\/viewform\" target=\"_blank\" rel=\"noreferrer noopener\">Informaci\u00f3n de inscripci\u00f3n &#8211; PUBLICATCH S.A (google.com)<\/a><\/p>\n\n\n\n<h2 class=\"wp-block-heading\"><strong>Le cacao au Costa Rica<\/strong><\/h2>\n\n\n\n<figure class=\"wp-block-image size-large\"><img loading=\"lazy\" decoding=\"async\" width=\"1024\" height=\"683\" src=\"https:\/\/www.sensorialsunsets.com\/wp-content\/uploads\/2023\/05\/rachael-gorjestani-zKjidZxijiM-unsplash-1024x683.jpg\" alt=\"Le cacao est un produit qui a toujours \u00e9t\u00e9 tr\u00e8s important pour le territoire costaricien. \" class=\"wp-image-7751\" srcset=\"https:\/\/www.sensorialsunsets.com\/wp-content\/uploads\/2023\/05\/rachael-gorjestani-zKjidZxijiM-unsplash-1024x683.jpg 1024w, https:\/\/www.sensorialsunsets.com\/wp-content\/uploads\/2023\/05\/rachael-gorjestani-zKjidZxijiM-unsplash-300x200.jpg 300w, https:\/\/www.sensorialsunsets.com\/wp-content\/uploads\/2023\/05\/rachael-gorjestani-zKjidZxijiM-unsplash-768x512.jpg 768w, https:\/\/www.sensorialsunsets.com\/wp-content\/uploads\/2023\/05\/rachael-gorjestani-zKjidZxijiM-unsplash-1536x1024.jpg 1536w, https:\/\/www.sensorialsunsets.com\/wp-content\/uploads\/2023\/05\/rachael-gorjestani-zKjidZxijiM-unsplash-2048x1365.jpg 2048w, https:\/\/www.sensorialsunsets.com\/wp-content\/uploads\/2023\/05\/rachael-gorjestani-zKjidZxijiM-unsplash-334x222.jpg 334w, https:\/\/www.sensorialsunsets.com\/wp-content\/uploads\/2023\/05\/rachael-gorjestani-zKjidZxijiM-unsplash-1320x880.jpg 1320w\" sizes=\"auto, (max-width: 1024px) 100vw, 1024px\" \/><\/figure>\n\n\n\n<p>Le cacao est un produit qui a toujours \u00e9t\u00e9 tr\u00e8s important pour le territoire du Costa Rica. A l&rsquo;\u00e9poque pr\u00e9colombienne, le chocolat \u00e9tait une boisson sacr\u00e9e et c\u00e9r\u00e9monielle dans toute la M\u00e9soam\u00e9rique (Mexique, Guatemala, Belize, Honduras, El Salvador, Nicaragua et Costa Rica). Pour les premiers colons de l&rsquo;actuel Costa Rica, le cacao \u00e9tait la \u00ab\u00a0nourriture des dieux\u00a0\u00bb.<\/p>\n\n\n\n<p>Actuellement, la plupart des cultures de cacao sont situ\u00e9es dans les r\u00e9gions des Cara\u00efbes, du Nord et de Brunca. C&rsquo;est pourquoi les cantons de Talamanca, Upala et Lim\u00f3n sont les trois premiers producteurs de chocolat du pays. <\/p>\n\n\n\n<p>Gr\u00e2ce \u00e0 sa situation g\u00e9ographique, son climat et son sol appropri\u00e9, le Costa Rica est l&rsquo;un des pays au monde o\u00f9 l&rsquo;on produit un cacao de grande qualit\u00e9.<\/p>\n\n\n\n<hr class=\"wp-block-separator has-alpha-channel-opacity\"\/>\n\n\n\n<p>Giovanni Palavicini nous en dit un peu plus sur les probl\u00e8mes de la production de cacao au Costa Rica dans cet article : <a href=\"https:\/\/www.sensorialsunsets.com\/la-problematica-de-la-produccion-de-cacao-en-costa-rica-parte-1\/\" target=\"_blank\" rel=\"noreferrer noopener\">Les probl\u00e8mes de la production de cacao au Costa Rica &#8211; Partie 1 &#8211; SensorialSunsets<\/a>.<\/p>\n\n\n\n<p><strong>Sensorial Sunsets<\/strong><\/p>\n","protected":false},"excerpt":{"rendered":"<p>La septi\u00e8me \u00e9dition du March\u00e9 du Chocolat aura lieu le 30 juin, le 1er et le 2 juillet. Dans cet article, nous vous en disons plus. Si vous \u00eates un amateur de cacao et de chocolat, vous ne devez pas manquer cette activit\u00e9 qui aura lieu \u00e0 l&rsquo;Antigua Aduana. Le salon du chocolat vise \u00e0 [&hellip;]<\/p>\n","protected":false},"author":4,"featured_media":7748,"comment_status":"closed","ping_status":"closed","sticky":false,"template":"","format":"standard","meta":{"_acf_changed":false,"inline_featured_image":false,"_monsterinsights_skip_tracking":false,"_monsterinsights_sitenote_active":false,"_monsterinsights_sitenote_note":"","_monsterinsights_sitenote_category":0,"footnotes":""},"categories":[104,116,1,102],"tags":[],"class_list":["post-7757","post","type-post","status-publish","format-standard","has-post-thumbnail","hentry","category-culture-fr","category-gastronomie-fr","category-non-classifiee","category-societe-fr"],"acf":[],"yoast_head":"<!-- This site is optimized with the Yoast SEO plugin v27.4 - https:\/\/yoast.com\/product\/yoast-seo-wordpress\/ -->\n<title>Le March\u00e9 du Chocolat 2023 approche - SensorialSunsets<\/title>\n<meta name=\"description\" content=\"La septi\u00e8me \u00e9dition du March\u00e9 du Chocolat aura lieu le 30 juin, le 1er et le 2 juillet. Dans cet article, nous vous en disons plus.\" \/>\n<meta name=\"robots\" content=\"index, follow, max-snippet:-1, max-image-preview:large, max-video-preview:-1\" \/>\n<link rel=\"canonical\" href=\"https:\/\/www.sensorialsunsets.com\/fr\/le-marche-du-chocolat-2023-approche\/\" \/>\n<meta property=\"og:locale\" content=\"fr_FR\" \/>\n<meta property=\"og:type\" content=\"article\" \/>\n<meta property=\"og:title\" content=\"Le March\u00e9 du Chocolat 2023 approche - SensorialSunsets\" \/>\n<meta property=\"og:description\" content=\"La septi\u00e8me \u00e9dition du March\u00e9 du Chocolat aura lieu le 30 juin, le 1er et le 2 juillet. Dans cet article, nous vous en disons plus.\" \/>\n<meta property=\"og:url\" content=\"https:\/\/www.sensorialsunsets.com\/fr\/le-marche-du-chocolat-2023-approche\/\" \/>\n<meta property=\"og:site_name\" content=\"SensorialSunsets\" \/>\n<meta property=\"article:publisher\" content=\"https:\/\/www.facebook.com\/Sensorial-Sunsets-109180614715562\" \/>\n<meta property=\"article:published_time\" content=\"2023-05-25T16:24:59+00:00\" \/>\n<meta property=\"article:modified_time\" content=\"2023-05-25T16:25:00+00:00\" \/>\n<meta property=\"og:image\" content=\"https:\/\/www.sensorialsunsets.com\/wp-content\/uploads\/2023\/05\/salah-ait-mokhtar-Z39XxtBMAoM-unsplash-scaled.jpg\" \/>\n\t<meta property=\"og:image:width\" content=\"2560\" \/>\n\t<meta property=\"og:image:height\" content=\"1707\" \/>\n\t<meta property=\"og:image:type\" content=\"image\/jpeg\" \/>\n<meta name=\"author\" content=\"Sensorial Sunsets\" \/>\n<meta name=\"twitter:card\" content=\"summary_large_image\" \/>\n<meta name=\"twitter:label1\" content=\"\u00c9crit par\" \/>\n\t<meta name=\"twitter:data1\" content=\"Sensorial Sunsets\" \/>\n\t<meta name=\"twitter:label2\" content=\"Dur\u00e9e de lecture estim\u00e9e\" \/>\n\t<meta name=\"twitter:data2\" content=\"2 minutes\" \/>\n<script type=\"application\/ld+json\" class=\"yoast-schema-graph\">{\"@context\":\"https:\\\/\\\/schema.org\",\"@graph\":[{\"@type\":\"Article\",\"@id\":\"https:\\\/\\\/www.sensorialsunsets.com\\\/fr\\\/le-marche-du-chocolat-2023-approche\\\/#article\",\"isPartOf\":{\"@id\":\"https:\\\/\\\/www.sensorialsunsets.com\\\/fr\\\/le-marche-du-chocolat-2023-approche\\\/\"},\"author\":{\"name\":\"Sensorial Sunsets\",\"@id\":\"https:\\\/\\\/www.sensorialsunsets.com\\\/fr\\\/#\\\/schema\\\/person\\\/77e2fa594135aa94024c47e281d8a94d\"},\"headline\":\"Le March\u00e9 du Chocolat 2023 approche\",\"datePublished\":\"2023-05-25T16:24:59+00:00\",\"dateModified\":\"2023-05-25T16:25:00+00:00\",\"mainEntityOfPage\":{\"@id\":\"https:\\\/\\\/www.sensorialsunsets.com\\\/fr\\\/le-marche-du-chocolat-2023-approche\\\/\"},\"wordCount\":358,\"publisher\":{\"@id\":\"https:\\\/\\\/www.sensorialsunsets.com\\\/fr\\\/#organization\"},\"image\":{\"@id\":\"https:\\\/\\\/www.sensorialsunsets.com\\\/fr\\\/le-marche-du-chocolat-2023-approche\\\/#primaryimage\"},\"thumbnailUrl\":\"https:\\\/\\\/www.sensorialsunsets.com\\\/wp-content\\\/uploads\\\/2023\\\/05\\\/salah-ait-mokhtar-Z39XxtBMAoM-unsplash-scaled.jpg\",\"articleSection\":[\"Culture\",\"Gastronomie\",\"Non classifi\u00e9(e)\",\"Soci\u00e9t\u00e9\"],\"inLanguage\":\"fr-FR\"},{\"@type\":\"WebPage\",\"@id\":\"https:\\\/\\\/www.sensorialsunsets.com\\\/fr\\\/le-marche-du-chocolat-2023-approche\\\/\",\"url\":\"https:\\\/\\\/www.sensorialsunsets.com\\\/fr\\\/le-marche-du-chocolat-2023-approche\\\/\",\"name\":\"Le March\u00e9 du Chocolat 2023 approche - SensorialSunsets\",\"isPartOf\":{\"@id\":\"https:\\\/\\\/www.sensorialsunsets.com\\\/fr\\\/#website\"},\"primaryImageOfPage\":{\"@id\":\"https:\\\/\\\/www.sensorialsunsets.com\\\/fr\\\/le-marche-du-chocolat-2023-approche\\\/#primaryimage\"},\"image\":{\"@id\":\"https:\\\/\\\/www.sensorialsunsets.com\\\/fr\\\/le-marche-du-chocolat-2023-approche\\\/#primaryimage\"},\"thumbnailUrl\":\"https:\\\/\\\/www.sensorialsunsets.com\\\/wp-content\\\/uploads\\\/2023\\\/05\\\/salah-ait-mokhtar-Z39XxtBMAoM-unsplash-scaled.jpg\",\"datePublished\":\"2023-05-25T16:24:59+00:00\",\"dateModified\":\"2023-05-25T16:25:00+00:00\",\"description\":\"La septi\u00e8me \u00e9dition du March\u00e9 du Chocolat aura lieu le 30 juin, le 1er et le 2 juillet. Dans cet article, nous vous en disons plus.\",\"inLanguage\":\"fr-FR\",\"potentialAction\":[{\"@type\":\"ReadAction\",\"target\":[\"https:\\\/\\\/www.sensorialsunsets.com\\\/fr\\\/le-marche-du-chocolat-2023-approche\\\/\"]}]},{\"@type\":\"ImageObject\",\"inLanguage\":\"fr-FR\",\"@id\":\"https:\\\/\\\/www.sensorialsunsets.com\\\/fr\\\/le-marche-du-chocolat-2023-approche\\\/#primaryimage\",\"url\":\"https:\\\/\\\/www.sensorialsunsets.com\\\/wp-content\\\/uploads\\\/2023\\\/05\\\/salah-ait-mokhtar-Z39XxtBMAoM-unsplash-scaled.jpg\",\"contentUrl\":\"https:\\\/\\\/www.sensorialsunsets.com\\\/wp-content\\\/uploads\\\/2023\\\/05\\\/salah-ait-mokhtar-Z39XxtBMAoM-unsplash-scaled.jpg\",\"width\":2560,\"height\":1707},{\"@type\":\"WebSite\",\"@id\":\"https:\\\/\\\/www.sensorialsunsets.com\\\/fr\\\/#website\",\"url\":\"https:\\\/\\\/www.sensorialsunsets.com\\\/fr\\\/\",\"name\":\"SensorialSunsets.com\",\"description\":\"D\u00e9couvrez la culture et la soci\u00e9t\u00e9 du Costa Rica sur notre blog. Explorez des articles captivants et partagez le contenu.\",\"publisher\":{\"@id\":\"https:\\\/\\\/www.sensorialsunsets.com\\\/fr\\\/#organization\"},\"alternateName\":\"Costa Rica Live Blog\",\"potentialAction\":[{\"@type\":\"SearchAction\",\"target\":{\"@type\":\"EntryPoint\",\"urlTemplate\":\"https:\\\/\\\/www.sensorialsunsets.com\\\/fr\\\/?s={search_term_string}\"},\"query-input\":{\"@type\":\"PropertyValueSpecification\",\"valueRequired\":true,\"valueName\":\"search_term_string\"}}],\"inLanguage\":\"fr-FR\"},{\"@type\":\"Organization\",\"@id\":\"https:\\\/\\\/www.sensorialsunsets.com\\\/fr\\\/#organization\",\"name\":\"SensorialSunsets\",\"url\":\"https:\\\/\\\/www.sensorialsunsets.com\\\/fr\\\/\",\"logo\":{\"@type\":\"ImageObject\",\"inLanguage\":\"fr-FR\",\"@id\":\"https:\\\/\\\/www.sensorialsunsets.com\\\/fr\\\/#\\\/schema\\\/logo\\\/image\\\/\",\"url\":\"https:\\\/\\\/www.sensorialsunsets.com\\\/wp-content\\\/uploads\\\/2023\\\/04\\\/Logo_base_line_fond_clair.svg\",\"contentUrl\":\"https:\\\/\\\/www.sensorialsunsets.com\\\/wp-content\\\/uploads\\\/2023\\\/04\\\/Logo_base_line_fond_clair.svg\",\"width\":\"1024\",\"height\":\"1024\",\"caption\":\"SensorialSunsets\"},\"image\":{\"@id\":\"https:\\\/\\\/www.sensorialsunsets.com\\\/fr\\\/#\\\/schema\\\/logo\\\/image\\\/\"},\"sameAs\":[\"https:\\\/\\\/www.facebook.com\\\/Sensorial-Sunsets-109180614715562\",\"https:\\\/\\\/www.instagram.com\\\/sensorialsunsets\\\/\"]},{\"@type\":\"Person\",\"@id\":\"https:\\\/\\\/www.sensorialsunsets.com\\\/fr\\\/#\\\/schema\\\/person\\\/77e2fa594135aa94024c47e281d8a94d\",\"name\":\"Sensorial Sunsets\",\"image\":{\"@type\":\"ImageObject\",\"inLanguage\":\"fr-FR\",\"@id\":\"https:\\\/\\\/secure.gravatar.com\\\/avatar\\\/5f2d62681b1dad94c28f1500d4fc75582acdfd32b55fd1acce0a36a3c487eabe?s=96&d=mm&r=g\",\"url\":\"https:\\\/\\\/secure.gravatar.com\\\/avatar\\\/5f2d62681b1dad94c28f1500d4fc75582acdfd32b55fd1acce0a36a3c487eabe?s=96&d=mm&r=g\",\"contentUrl\":\"https:\\\/\\\/secure.gravatar.com\\\/avatar\\\/5f2d62681b1dad94c28f1500d4fc75582acdfd32b55fd1acce0a36a3c487eabe?s=96&d=mm&r=g\",\"caption\":\"Sensorial Sunsets\"},\"url\":\"https:\\\/\\\/www.sensorialsunsets.com\\\/fr\\\/author\\\/asistentes-sensorial-sunsets\\\/\"}]}<\/script>\n<!-- \/ Yoast SEO plugin. -->","yoast_head_json":{"title":"Le March\u00e9 du Chocolat 2023 approche - SensorialSunsets","description":"La septi\u00e8me \u00e9dition du March\u00e9 du Chocolat aura lieu le 30 juin, le 1er et le 2 juillet. Dans cet article, nous vous en disons plus.","robots":{"index":"index","follow":"follow","max-snippet":"max-snippet:-1","max-image-preview":"max-image-preview:large","max-video-preview":"max-video-preview:-1"},"canonical":"https:\/\/www.sensorialsunsets.com\/fr\/le-marche-du-chocolat-2023-approche\/","og_locale":"fr_FR","og_type":"article","og_title":"Le March\u00e9 du Chocolat 2023 approche - SensorialSunsets","og_description":"La septi\u00e8me \u00e9dition du March\u00e9 du Chocolat aura lieu le 30 juin, le 1er et le 2 juillet. Dans cet article, nous vous en disons plus.","og_url":"https:\/\/www.sensorialsunsets.com\/fr\/le-marche-du-chocolat-2023-approche\/","og_site_name":"SensorialSunsets","article_publisher":"https:\/\/www.facebook.com\/Sensorial-Sunsets-109180614715562","article_published_time":"2023-05-25T16:24:59+00:00","article_modified_time":"2023-05-25T16:25:00+00:00","og_image":[{"width":2560,"height":1707,"url":"https:\/\/www.sensorialsunsets.com\/wp-content\/uploads\/2023\/05\/salah-ait-mokhtar-Z39XxtBMAoM-unsplash-scaled.jpg","type":"image\/jpeg"}],"author":"Sensorial Sunsets","twitter_card":"summary_large_image","twitter_misc":{"\u00c9crit par":"Sensorial Sunsets","Dur\u00e9e de lecture estim\u00e9e":"2 minutes"},"schema":{"@context":"https:\/\/schema.org","@graph":[{"@type":"Article","@id":"https:\/\/www.sensorialsunsets.com\/fr\/le-marche-du-chocolat-2023-approche\/#article","isPartOf":{"@id":"https:\/\/www.sensorialsunsets.com\/fr\/le-marche-du-chocolat-2023-approche\/"},"author":{"name":"Sensorial Sunsets","@id":"https:\/\/www.sensorialsunsets.com\/fr\/#\/schema\/person\/77e2fa594135aa94024c47e281d8a94d"},"headline":"Le March\u00e9 du Chocolat 2023 approche","datePublished":"2023-05-25T16:24:59+00:00","dateModified":"2023-05-25T16:25:00+00:00","mainEntityOfPage":{"@id":"https:\/\/www.sensorialsunsets.com\/fr\/le-marche-du-chocolat-2023-approche\/"},"wordCount":358,"publisher":{"@id":"https:\/\/www.sensorialsunsets.com\/fr\/#organization"},"image":{"@id":"https:\/\/www.sensorialsunsets.com\/fr\/le-marche-du-chocolat-2023-approche\/#primaryimage"},"thumbnailUrl":"https:\/\/www.sensorialsunsets.com\/wp-content\/uploads\/2023\/05\/salah-ait-mokhtar-Z39XxtBMAoM-unsplash-scaled.jpg","articleSection":["Culture","Gastronomie","Non classifi\u00e9(e)","Soci\u00e9t\u00e9"],"inLanguage":"fr-FR"},{"@type":"WebPage","@id":"https:\/\/www.sensorialsunsets.com\/fr\/le-marche-du-chocolat-2023-approche\/","url":"https:\/\/www.sensorialsunsets.com\/fr\/le-marche-du-chocolat-2023-approche\/","name":"Le March\u00e9 du Chocolat 2023 approche - SensorialSunsets","isPartOf":{"@id":"https:\/\/www.sensorialsunsets.com\/fr\/#website"},"primaryImageOfPage":{"@id":"https:\/\/www.sensorialsunsets.com\/fr\/le-marche-du-chocolat-2023-approche\/#primaryimage"},"image":{"@id":"https:\/\/www.sensorialsunsets.com\/fr\/le-marche-du-chocolat-2023-approche\/#primaryimage"},"thumbnailUrl":"https:\/\/www.sensorialsunsets.com\/wp-content\/uploads\/2023\/05\/salah-ait-mokhtar-Z39XxtBMAoM-unsplash-scaled.jpg","datePublished":"2023-05-25T16:24:59+00:00","dateModified":"2023-05-25T16:25:00+00:00","description":"La septi\u00e8me \u00e9dition du March\u00e9 du Chocolat aura lieu le 30 juin, le 1er et le 2 juillet. Dans cet article, nous vous en disons plus.","inLanguage":"fr-FR","potentialAction":[{"@type":"ReadAction","target":["https:\/\/www.sensorialsunsets.com\/fr\/le-marche-du-chocolat-2023-approche\/"]}]},{"@type":"ImageObject","inLanguage":"fr-FR","@id":"https:\/\/www.sensorialsunsets.com\/fr\/le-marche-du-chocolat-2023-approche\/#primaryimage","url":"https:\/\/www.sensorialsunsets.com\/wp-content\/uploads\/2023\/05\/salah-ait-mokhtar-Z39XxtBMAoM-unsplash-scaled.jpg","contentUrl":"https:\/\/www.sensorialsunsets.com\/wp-content\/uploads\/2023\/05\/salah-ait-mokhtar-Z39XxtBMAoM-unsplash-scaled.jpg","width":2560,"height":1707},{"@type":"WebSite","@id":"https:\/\/www.sensorialsunsets.com\/fr\/#website","url":"https:\/\/www.sensorialsunsets.com\/fr\/","name":"SensorialSunsets.com","description":"D\u00e9couvrez la culture et la soci\u00e9t\u00e9 du Costa Rica sur notre blog. Explorez des articles captivants et partagez le contenu.","publisher":{"@id":"https:\/\/www.sensorialsunsets.com\/fr\/#organization"},"alternateName":"Costa Rica Live Blog","potentialAction":[{"@type":"SearchAction","target":{"@type":"EntryPoint","urlTemplate":"https:\/\/www.sensorialsunsets.com\/fr\/?s={search_term_string}"},"query-input":{"@type":"PropertyValueSpecification","valueRequired":true,"valueName":"search_term_string"}}],"inLanguage":"fr-FR"},{"@type":"Organization","@id":"https:\/\/www.sensorialsunsets.com\/fr\/#organization","name":"SensorialSunsets","url":"https:\/\/www.sensorialsunsets.com\/fr\/","logo":{"@type":"ImageObject","inLanguage":"fr-FR","@id":"https:\/\/www.sensorialsunsets.com\/fr\/#\/schema\/logo\/image\/","url":"https:\/\/www.sensorialsunsets.com\/wp-content\/uploads\/2023\/04\/Logo_base_line_fond_clair.svg","contentUrl":"https:\/\/www.sensorialsunsets.com\/wp-content\/uploads\/2023\/04\/Logo_base_line_fond_clair.svg","width":"1024","height":"1024","caption":"SensorialSunsets"},"image":{"@id":"https:\/\/www.sensorialsunsets.com\/fr\/#\/schema\/logo\/image\/"},"sameAs":["https:\/\/www.facebook.com\/Sensorial-Sunsets-109180614715562","https:\/\/www.instagram.com\/sensorialsunsets\/"]},{"@type":"Person","@id":"https:\/\/www.sensorialsunsets.com\/fr\/#\/schema\/person\/77e2fa594135aa94024c47e281d8a94d","name":"Sensorial Sunsets","image":{"@type":"ImageObject","inLanguage":"fr-FR","@id":"https:\/\/secure.gravatar.com\/avatar\/5f2d62681b1dad94c28f1500d4fc75582acdfd32b55fd1acce0a36a3c487eabe?s=96&d=mm&r=g","url":"https:\/\/secure.gravatar.com\/avatar\/5f2d62681b1dad94c28f1500d4fc75582acdfd32b55fd1acce0a36a3c487eabe?s=96&d=mm&r=g","contentUrl":"https:\/\/secure.gravatar.com\/avatar\/5f2d62681b1dad94c28f1500d4fc75582acdfd32b55fd1acce0a36a3c487eabe?s=96&d=mm&r=g","caption":"Sensorial Sunsets"},"url":"https:\/\/www.sensorialsunsets.com\/fr\/author\/asistentes-sensorial-sunsets\/"}]}},"_links":{"self":[{"href":"https:\/\/www.sensorialsunsets.com\/fr\/wp-json\/wp\/v2\/posts\/7757","targetHints":{"allow":["GET"]}}],"collection":[{"href":"https:\/\/www.sensorialsunsets.com\/fr\/wp-json\/wp\/v2\/posts"}],"about":[{"href":"https:\/\/www.sensorialsunsets.com\/fr\/wp-json\/wp\/v2\/types\/post"}],"author":[{"embeddable":true,"href":"https:\/\/www.sensorialsunsets.com\/fr\/wp-json\/wp\/v2\/users\/4"}],"replies":[{"embeddable":true,"href":"https:\/\/www.sensorialsunsets.com\/fr\/wp-json\/wp\/v2\/comments?post=7757"}],"version-history":[{"count":0,"href":"https:\/\/www.sensorialsunsets.com\/fr\/wp-json\/wp\/v2\/posts\/7757\/revisions"}],"wp:featuredmedia":[{"embeddable":true,"href":"https:\/\/www.sensorialsunsets.com\/fr\/wp-json\/wp\/v2\/media\/7748"}],"wp:attachment":[{"href":"https:\/\/www.sensorialsunsets.com\/fr\/wp-json\/wp\/v2\/media?parent=7757"}],"wp:term":[{"taxonomy":"category","embeddable":true,"href":"https:\/\/www.sensorialsunsets.com\/fr\/wp-json\/wp\/v2\/categories?post=7757"},{"taxonomy":"post_tag","embeddable":true,"href":"https:\/\/www.sensorialsunsets.com\/fr\/wp-json\/wp\/v2\/tags?post=7757"}],"curies":[{"name":"wp","href":"https:\/\/api.w.org\/{rel}","templated":true}]}}