{"id":7837,"date":"2023-05-30T15:25:00","date_gmt":"2023-05-30T21:25:00","guid":{"rendered":"https:\/\/www.sensorialsunsets.com\/?p=7837"},"modified":"2023-07-03T14:17:57","modified_gmt":"2023-07-03T20:17:57","slug":"le-festival-du-ballet-de-san-jose-un-hommage-a-lexcellence-artistique","status":"publish","type":"post","link":"https:\/\/www.sensorialsunsets.com\/fr\/le-festival-du-ballet-de-san-jose-un-hommage-a-lexcellence-artistique\/","title":{"rendered":"Le festival du ballet de San Jos\u00e9 : un hommage \u00e0 l&rsquo;excellence artistique"},"content":{"rendered":"\n<p>Les amateurs de danse de San Jos\u00e9 et des environs auront l&rsquo;occasion d&rsquo;assister au festival de ballet le dimanche 4 juin 2023 \u00e0 l&rsquo;auditorium Est du Colegio Humboldt, situ\u00e9 \u00e0 Pavas, San Jos\u00e9. <\/p>\n\n<h3 class=\"wp-block-heading\"><strong>Un peu d&rsquo;histoire<\/strong>.<\/h3>\n\n<p>Avant de rentrer dans les d\u00e9tails du<a href=\"https:\/\/www.gamcultural.com\/cr\/events\/1299892\/festival-de-ballet-san-jose\"> San Jos\u00e9 Ballet Festival<\/a>, il est important de se pencher sur la riche histoire de cette danse. <\/p>\n<div class=\"wp-block-image\">\n<figure class=\"alignleft size-large is-resized\"><img loading=\"lazy\" decoding=\"async\" src=\"https:\/\/www.sensorialsunsets.com\/wp-content\/uploads\/2023\/05\/pexels-cottonbro-studio-10628896-683x1024.jpg\" alt=\"\" class=\"wp-image-7816\" width=\"282\" height=\"423\" srcset=\"https:\/\/www.sensorialsunsets.com\/wp-content\/uploads\/2023\/05\/pexels-cottonbro-studio-10628896-683x1024.jpg 683w, https:\/\/www.sensorialsunsets.com\/wp-content\/uploads\/2023\/05\/pexels-cottonbro-studio-10628896-200x300.jpg 200w, https:\/\/www.sensorialsunsets.com\/wp-content\/uploads\/2023\/05\/pexels-cottonbro-studio-10628896-768x1152.jpg 768w, https:\/\/www.sensorialsunsets.com\/wp-content\/uploads\/2023\/05\/pexels-cottonbro-studio-10628896-1024x1536.jpg 1024w, https:\/\/www.sensorialsunsets.com\/wp-content\/uploads\/2023\/05\/pexels-cottonbro-studio-10628896-1365x2048.jpg 1365w, https:\/\/www.sensorialsunsets.com\/wp-content\/uploads\/2023\/05\/pexels-cottonbro-studio-10628896-1320x1980.jpg 1320w, https:\/\/www.sensorialsunsets.com\/wp-content\/uploads\/2023\/05\/pexels-cottonbro-studio-10628896-scaled.jpg 1706w\" sizes=\"auto, (max-width: 282px) 100vw, 282px\" \/><\/figure>\n<\/div>\n<p>L&rsquo;histoire du ballet au Costa Rica remonte au d\u00e9but du XXe si\u00e8cle, lorsque la danse classique a commenc\u00e9 \u00e0 se r\u00e9pandre dans le pays. La danse classique a commenc\u00e9 \u00e0 se r\u00e9pandre dans le pays. Son succ\u00e8s a \u00e9t\u00e9 favoris\u00e9 par l&rsquo;influence de ma\u00eetres et de compagnies internationales, ce qui lui a permis de s&rsquo;\u00e9tablir et de se d\u00e9velopper au Costa Rica.<\/p>\n\n<p>Au cours des ann\u00e9es 1930, des compagnies de danse europ\u00e9ennes et am\u00e9ricaines, telles que les Ballets russes de Diaghilev et le Ballet de Montecarlo, sont arriv\u00e9es au Costa Rica et ont pr\u00e9sent\u00e9 des spectacles acclam\u00e9s qui ont suscit\u00e9 un grand int\u00e9r\u00eat chez les habitants du pays.<\/p>\n\n<p>Toutefois, c&rsquo;est en 1971 qu&rsquo;a \u00e9t\u00e9 fond\u00e9 le Ballet de Costa Rica, dirig\u00e9 par la c\u00e9l\u00e8bre danseuse et chor\u00e9graphe cubaine Dulce Anaya. \u00c0 partir de l\u00e0, cette compagnie est devenue la principale institution du pays et a jou\u00e9 un r\u00f4le fondamental dans le d\u00e9veloppement et la promotion de la danse classique dans le pays.<\/p>\n\n<h3 class=\"wp-block-heading\"><strong>Le festival de ballet et son objectif<\/strong>.<\/h3>\n\n<p>Dans le but de promouvoir l&rsquo;appr\u00e9ciation de la danse et de contribuer \u00e0 l&rsquo;enrichissement culturel de la communaut\u00e9, le festival de ballet de San Jos\u00e9 a pour objectif principal d&rsquo;offrir une sc\u00e8ne \u00e0 des danseurs et chor\u00e9graphes exceptionnels, tant locaux qu&rsquo;internationaux, afin qu&rsquo;ils puissent pr\u00e9senter leur talent et partager leur art avec le public costaricain. L&rsquo;\u00e9v\u00e9nement vise \u00e0 promouvoir l&rsquo;appr\u00e9ciation de la danse et \u00e0 contribuer \u00e0 l&rsquo;enrichissement culturel de la communaut\u00e9. En assistant \u00e0 ce festival, les spectateurs pourront non seulement appr\u00e9cier des spectacles de haut niveau, mais aussi soutenir les artistes et contribuer \u00e0 la croissance continue du ballet au Costa Rica.<\/p>\n<div class=\"wp-block-image\">\n<figure class=\"alignright size-large is-resized\"><img loading=\"lazy\" decoding=\"async\" src=\"https:\/\/www.sensorialsunsets.com\/wp-content\/uploads\/2023\/05\/pexels-javon-swaby-3587316-683x1024.jpg\" alt=\"\" class=\"wp-image-7819\" width=\"286\" height=\"429\" srcset=\"https:\/\/www.sensorialsunsets.com\/wp-content\/uploads\/2023\/05\/pexels-javon-swaby-3587316-683x1024.jpg 683w, https:\/\/www.sensorialsunsets.com\/wp-content\/uploads\/2023\/05\/pexels-javon-swaby-3587316-200x300.jpg 200w, https:\/\/www.sensorialsunsets.com\/wp-content\/uploads\/2023\/05\/pexels-javon-swaby-3587316-768x1152.jpg 768w, https:\/\/www.sensorialsunsets.com\/wp-content\/uploads\/2023\/05\/pexels-javon-swaby-3587316-1024x1536.jpg 1024w, https:\/\/www.sensorialsunsets.com\/wp-content\/uploads\/2023\/05\/pexels-javon-swaby-3587316-1365x2048.jpg 1365w, https:\/\/www.sensorialsunsets.com\/wp-content\/uploads\/2023\/05\/pexels-javon-swaby-3587316-1320x1980.jpg 1320w, https:\/\/www.sensorialsunsets.com\/wp-content\/uploads\/2023\/05\/pexels-javon-swaby-3587316-scaled.jpg 1707w\" sizes=\"auto, (max-width: 286px) 100vw, 286px\" \/><\/figure>\n<\/div>\n<p>Afin d&rsquo;assurer la p\u00e9rennit\u00e9 et le succ\u00e8s du festival, le soutien du public est crucial. Assister aux repr\u00e9sentations et acheter des billets est un moyen tangible de soutenir les danseurs, les chor\u00e9graphes et les autres professionnels impliqu\u00e9s dans la r\u00e9alisation de cet \u00e9v\u00e9nement. En outre, d&rsquo;autres formes de soutien, telles que la diffusion sur les m\u00e9dias sociaux et la promotion de bouche \u00e0 oreille, peuvent \u00eatre explor\u00e9es pour s&rsquo;assurer que l&rsquo;\u00e9v\u00e9nement touche un public plus large et continue \u00e0 prosp\u00e9rer dans les \u00e9ditions futures.<\/p>\n\n<h3 class=\"wp-block-heading\">Informations sur l&rsquo;\u00e9v\u00e9nement<\/h3>\n\n<p>L&rsquo;\u00e9v\u00e9nement, qui promet d&rsquo;\u00eatre une exp\u00e9rience inoubliable, r\u00e9unira des danseurs talentueux et des chor\u00e9graphes de renom pour c\u00e9l\u00e9brer la beaut\u00e9 et l&rsquo;\u00e9l\u00e9gance de cette forme d&rsquo;art. Au prix d&rsquo;entr\u00e9e abordable de 13 000 colones, ce festival est une occasion unique de s&rsquo;immerger dans la magie du ballet et de soutenir les artistes locaux.<\/p>\n\n<figure class=\"wp-block-pullquote\"><blockquote><p>DIMANCHE 04 JUNE 2023. <br\/>Auditorium du Humboldt College<br\/>Pavas, San Jos\u00e9<br\/>AUDITORIUM DU HUMBOLDT COLLEGE<br\/>SAN JOS\u00c9 &#8211; PAVAS<br\/>13000.<\/p><\/blockquote><\/figure>\n\n<p><strong>Sensorial Sunsets<\/strong><\/p>\n","protected":false},"excerpt":{"rendered":"<p>Les amateurs de danse de San Jos\u00e9 et des environs auront l&rsquo;occasion d&rsquo;assister au festival de ballet le dimanche 4 juin 2023 \u00e0 l&rsquo;auditorium Est du Colegio Humboldt, situ\u00e9 \u00e0 Pavas, San Jos\u00e9. Un peu d&rsquo;histoire. Avant de rentrer dans les d\u00e9tails du San Jos\u00e9 Ballet Festival, il est important de se pencher sur la [&hellip;]<\/p>\n","protected":false},"author":4,"featured_media":7815,"comment_status":"closed","ping_status":"closed","sticky":false,"template":"","format":"standard","meta":{"_acf_changed":false,"inline_featured_image":false,"_monsterinsights_skip_tracking":false,"_monsterinsights_sitenote_active":false,"_monsterinsights_sitenote_note":"","_monsterinsights_sitenote_category":0,"footnotes":""},"categories":[104],"tags":[],"class_list":["post-7837","post","type-post","status-publish","format-standard","has-post-thumbnail","hentry","category-culture-fr"],"acf":[],"yoast_head":"<!-- This site is optimized with the Yoast SEO plugin v27.4 - https:\/\/yoast.com\/product\/yoast-seo-wordpress\/ -->\n<title>Le festival du ballet de San Jos\u00e9 : un hommage \u00e0 l&#039;excellence artistique<\/title>\n<meta name=\"description\" content=\"Profitez du festival de ballet de San Jos\u00e9 au Costa Rica : art, \u00e9l\u00e9gance et passion dans un \u00e9v\u00e9nement incontournable, billets disponibles !\" \/>\n<meta name=\"robots\" content=\"index, follow, max-snippet:-1, max-image-preview:large, max-video-preview:-1\" \/>\n<link rel=\"canonical\" href=\"https:\/\/www.sensorialsunsets.com\/fr\/le-festival-du-ballet-de-san-jose-un-hommage-a-lexcellence-artistique\/\" \/>\n<meta property=\"og:locale\" content=\"fr_FR\" \/>\n<meta property=\"og:type\" content=\"article\" \/>\n<meta property=\"og:title\" content=\"Le festival du ballet de San Jos\u00e9 : un hommage \u00e0 l&#039;excellence artistique\" \/>\n<meta property=\"og:description\" content=\"Profitez du festival de ballet de San Jos\u00e9 au Costa Rica : art, \u00e9l\u00e9gance et passion dans un \u00e9v\u00e9nement incontournable, billets disponibles !\" \/>\n<meta property=\"og:url\" content=\"https:\/\/www.sensorialsunsets.com\/fr\/le-festival-du-ballet-de-san-jose-un-hommage-a-lexcellence-artistique\/\" \/>\n<meta property=\"og:site_name\" content=\"SensorialSunsets\" \/>\n<meta property=\"article:publisher\" content=\"https:\/\/www.facebook.com\/Sensorial-Sunsets-109180614715562\" \/>\n<meta property=\"article:published_time\" content=\"2023-05-30T21:25:00+00:00\" \/>\n<meta property=\"article:modified_time\" content=\"2023-07-03T20:17:57+00:00\" \/>\n<meta property=\"og:image\" content=\"https:\/\/www.sensorialsunsets.com\/wp-content\/uploads\/2023\/05\/pexels-anastasia-shuraeva-8934638-scaled.jpg\" \/>\n\t<meta property=\"og:image:width\" content=\"2560\" \/>\n\t<meta property=\"og:image:height\" content=\"1241\" \/>\n\t<meta property=\"og:image:type\" content=\"image\/jpeg\" \/>\n<meta name=\"author\" content=\"Sensorial Sunsets\" \/>\n<meta name=\"twitter:card\" content=\"summary_large_image\" \/>\n<meta name=\"twitter:label1\" content=\"\u00c9crit par\" \/>\n\t<meta name=\"twitter:data1\" content=\"Sensorial Sunsets\" \/>\n\t<meta name=\"twitter:label2\" content=\"Dur\u00e9e de lecture estim\u00e9e\" \/>\n\t<meta name=\"twitter:data2\" content=\"3 minutes\" \/>\n<script type=\"application\/ld+json\" class=\"yoast-schema-graph\">{\"@context\":\"https:\\\/\\\/schema.org\",\"@graph\":[{\"@type\":\"Article\",\"@id\":\"https:\\\/\\\/www.sensorialsunsets.com\\\/fr\\\/le-festival-du-ballet-de-san-jose-un-hommage-a-lexcellence-artistique\\\/#article\",\"isPartOf\":{\"@id\":\"https:\\\/\\\/www.sensorialsunsets.com\\\/fr\\\/le-festival-du-ballet-de-san-jose-un-hommage-a-lexcellence-artistique\\\/\"},\"author\":{\"name\":\"Sensorial Sunsets\",\"@id\":\"https:\\\/\\\/www.sensorialsunsets.com\\\/fr\\\/#\\\/schema\\\/person\\\/77e2fa594135aa94024c47e281d8a94d\"},\"headline\":\"Le festival du ballet de San Jos\u00e9 : un hommage \u00e0 l&rsquo;excellence artistique\",\"datePublished\":\"2023-05-30T21:25:00+00:00\",\"dateModified\":\"2023-07-03T20:17:57+00:00\",\"mainEntityOfPage\":{\"@id\":\"https:\\\/\\\/www.sensorialsunsets.com\\\/fr\\\/le-festival-du-ballet-de-san-jose-un-hommage-a-lexcellence-artistique\\\/\"},\"wordCount\":558,\"publisher\":{\"@id\":\"https:\\\/\\\/www.sensorialsunsets.com\\\/fr\\\/#organization\"},\"image\":{\"@id\":\"https:\\\/\\\/www.sensorialsunsets.com\\\/fr\\\/le-festival-du-ballet-de-san-jose-un-hommage-a-lexcellence-artistique\\\/#primaryimage\"},\"thumbnailUrl\":\"https:\\\/\\\/www.sensorialsunsets.com\\\/wp-content\\\/uploads\\\/2023\\\/05\\\/pexels-anastasia-shuraeva-8934638-scaled.jpg\",\"articleSection\":[\"Culture\"],\"inLanguage\":\"fr-FR\"},{\"@type\":\"WebPage\",\"@id\":\"https:\\\/\\\/www.sensorialsunsets.com\\\/fr\\\/le-festival-du-ballet-de-san-jose-un-hommage-a-lexcellence-artistique\\\/\",\"url\":\"https:\\\/\\\/www.sensorialsunsets.com\\\/fr\\\/le-festival-du-ballet-de-san-jose-un-hommage-a-lexcellence-artistique\\\/\",\"name\":\"Le festival du ballet de San Jos\u00e9 : un hommage \u00e0 l'excellence artistique\",\"isPartOf\":{\"@id\":\"https:\\\/\\\/www.sensorialsunsets.com\\\/fr\\\/#website\"},\"primaryImageOfPage\":{\"@id\":\"https:\\\/\\\/www.sensorialsunsets.com\\\/fr\\\/le-festival-du-ballet-de-san-jose-un-hommage-a-lexcellence-artistique\\\/#primaryimage\"},\"image\":{\"@id\":\"https:\\\/\\\/www.sensorialsunsets.com\\\/fr\\\/le-festival-du-ballet-de-san-jose-un-hommage-a-lexcellence-artistique\\\/#primaryimage\"},\"thumbnailUrl\":\"https:\\\/\\\/www.sensorialsunsets.com\\\/wp-content\\\/uploads\\\/2023\\\/05\\\/pexels-anastasia-shuraeva-8934638-scaled.jpg\",\"datePublished\":\"2023-05-30T21:25:00+00:00\",\"dateModified\":\"2023-07-03T20:17:57+00:00\",\"description\":\"Profitez du festival de ballet de San Jos\u00e9 au Costa Rica : art, \u00e9l\u00e9gance et passion dans un \u00e9v\u00e9nement incontournable, billets disponibles !\",\"inLanguage\":\"fr-FR\",\"potentialAction\":[{\"@type\":\"ReadAction\",\"target\":[\"https:\\\/\\\/www.sensorialsunsets.com\\\/fr\\\/le-festival-du-ballet-de-san-jose-un-hommage-a-lexcellence-artistique\\\/\"]}]},{\"@type\":\"ImageObject\",\"inLanguage\":\"fr-FR\",\"@id\":\"https:\\\/\\\/www.sensorialsunsets.com\\\/fr\\\/le-festival-du-ballet-de-san-jose-un-hommage-a-lexcellence-artistique\\\/#primaryimage\",\"url\":\"https:\\\/\\\/www.sensorialsunsets.com\\\/wp-content\\\/uploads\\\/2023\\\/05\\\/pexels-anastasia-shuraeva-8934638-scaled.jpg\",\"contentUrl\":\"https:\\\/\\\/www.sensorialsunsets.com\\\/wp-content\\\/uploads\\\/2023\\\/05\\\/pexels-anastasia-shuraeva-8934638-scaled.jpg\",\"width\":2560,\"height\":1241},{\"@type\":\"WebSite\",\"@id\":\"https:\\\/\\\/www.sensorialsunsets.com\\\/fr\\\/#website\",\"url\":\"https:\\\/\\\/www.sensorialsunsets.com\\\/fr\\\/\",\"name\":\"SensorialSunsets.com\",\"description\":\"D\u00e9couvrez la culture et la soci\u00e9t\u00e9 du Costa Rica sur notre blog. Explorez des articles captivants et partagez le contenu.\",\"publisher\":{\"@id\":\"https:\\\/\\\/www.sensorialsunsets.com\\\/fr\\\/#organization\"},\"alternateName\":\"Costa Rica Live Blog\",\"potentialAction\":[{\"@type\":\"SearchAction\",\"target\":{\"@type\":\"EntryPoint\",\"urlTemplate\":\"https:\\\/\\\/www.sensorialsunsets.com\\\/fr\\\/?s={search_term_string}\"},\"query-input\":{\"@type\":\"PropertyValueSpecification\",\"valueRequired\":true,\"valueName\":\"search_term_string\"}}],\"inLanguage\":\"fr-FR\"},{\"@type\":\"Organization\",\"@id\":\"https:\\\/\\\/www.sensorialsunsets.com\\\/fr\\\/#organization\",\"name\":\"SensorialSunsets\",\"url\":\"https:\\\/\\\/www.sensorialsunsets.com\\\/fr\\\/\",\"logo\":{\"@type\":\"ImageObject\",\"inLanguage\":\"fr-FR\",\"@id\":\"https:\\\/\\\/www.sensorialsunsets.com\\\/fr\\\/#\\\/schema\\\/logo\\\/image\\\/\",\"url\":\"https:\\\/\\\/www.sensorialsunsets.com\\\/wp-content\\\/uploads\\\/2023\\\/04\\\/Logo_base_line_fond_clair.svg\",\"contentUrl\":\"https:\\\/\\\/www.sensorialsunsets.com\\\/wp-content\\\/uploads\\\/2023\\\/04\\\/Logo_base_line_fond_clair.svg\",\"width\":\"1024\",\"height\":\"1024\",\"caption\":\"SensorialSunsets\"},\"image\":{\"@id\":\"https:\\\/\\\/www.sensorialsunsets.com\\\/fr\\\/#\\\/schema\\\/logo\\\/image\\\/\"},\"sameAs\":[\"https:\\\/\\\/www.facebook.com\\\/Sensorial-Sunsets-109180614715562\",\"https:\\\/\\\/www.instagram.com\\\/sensorialsunsets\\\/\"]},{\"@type\":\"Person\",\"@id\":\"https:\\\/\\\/www.sensorialsunsets.com\\\/fr\\\/#\\\/schema\\\/person\\\/77e2fa594135aa94024c47e281d8a94d\",\"name\":\"Sensorial Sunsets\",\"image\":{\"@type\":\"ImageObject\",\"inLanguage\":\"fr-FR\",\"@id\":\"https:\\\/\\\/secure.gravatar.com\\\/avatar\\\/5f2d62681b1dad94c28f1500d4fc75582acdfd32b55fd1acce0a36a3c487eabe?s=96&d=mm&r=g\",\"url\":\"https:\\\/\\\/secure.gravatar.com\\\/avatar\\\/5f2d62681b1dad94c28f1500d4fc75582acdfd32b55fd1acce0a36a3c487eabe?s=96&d=mm&r=g\",\"contentUrl\":\"https:\\\/\\\/secure.gravatar.com\\\/avatar\\\/5f2d62681b1dad94c28f1500d4fc75582acdfd32b55fd1acce0a36a3c487eabe?s=96&d=mm&r=g\",\"caption\":\"Sensorial Sunsets\"},\"url\":\"https:\\\/\\\/www.sensorialsunsets.com\\\/fr\\\/author\\\/asistentes-sensorial-sunsets\\\/\"}]}<\/script>\n<!-- \/ Yoast SEO plugin. -->","yoast_head_json":{"title":"Le festival du ballet de San Jos\u00e9 : un hommage \u00e0 l'excellence artistique","description":"Profitez du festival de ballet de San Jos\u00e9 au Costa Rica : art, \u00e9l\u00e9gance et passion dans un \u00e9v\u00e9nement incontournable, billets disponibles !","robots":{"index":"index","follow":"follow","max-snippet":"max-snippet:-1","max-image-preview":"max-image-preview:large","max-video-preview":"max-video-preview:-1"},"canonical":"https:\/\/www.sensorialsunsets.com\/fr\/le-festival-du-ballet-de-san-jose-un-hommage-a-lexcellence-artistique\/","og_locale":"fr_FR","og_type":"article","og_title":"Le festival du ballet de San Jos\u00e9 : un hommage \u00e0 l'excellence artistique","og_description":"Profitez du festival de ballet de San Jos\u00e9 au Costa Rica : art, \u00e9l\u00e9gance et passion dans un \u00e9v\u00e9nement incontournable, billets disponibles !","og_url":"https:\/\/www.sensorialsunsets.com\/fr\/le-festival-du-ballet-de-san-jose-un-hommage-a-lexcellence-artistique\/","og_site_name":"SensorialSunsets","article_publisher":"https:\/\/www.facebook.com\/Sensorial-Sunsets-109180614715562","article_published_time":"2023-05-30T21:25:00+00:00","article_modified_time":"2023-07-03T20:17:57+00:00","og_image":[{"width":2560,"height":1241,"url":"https:\/\/www.sensorialsunsets.com\/wp-content\/uploads\/2023\/05\/pexels-anastasia-shuraeva-8934638-scaled.jpg","type":"image\/jpeg"}],"author":"Sensorial Sunsets","twitter_card":"summary_large_image","twitter_misc":{"\u00c9crit par":"Sensorial Sunsets","Dur\u00e9e de lecture estim\u00e9e":"3 minutes"},"schema":{"@context":"https:\/\/schema.org","@graph":[{"@type":"Article","@id":"https:\/\/www.sensorialsunsets.com\/fr\/le-festival-du-ballet-de-san-jose-un-hommage-a-lexcellence-artistique\/#article","isPartOf":{"@id":"https:\/\/www.sensorialsunsets.com\/fr\/le-festival-du-ballet-de-san-jose-un-hommage-a-lexcellence-artistique\/"},"author":{"name":"Sensorial Sunsets","@id":"https:\/\/www.sensorialsunsets.com\/fr\/#\/schema\/person\/77e2fa594135aa94024c47e281d8a94d"},"headline":"Le festival du ballet de San Jos\u00e9 : un hommage \u00e0 l&rsquo;excellence artistique","datePublished":"2023-05-30T21:25:00+00:00","dateModified":"2023-07-03T20:17:57+00:00","mainEntityOfPage":{"@id":"https:\/\/www.sensorialsunsets.com\/fr\/le-festival-du-ballet-de-san-jose-un-hommage-a-lexcellence-artistique\/"},"wordCount":558,"publisher":{"@id":"https:\/\/www.sensorialsunsets.com\/fr\/#organization"},"image":{"@id":"https:\/\/www.sensorialsunsets.com\/fr\/le-festival-du-ballet-de-san-jose-un-hommage-a-lexcellence-artistique\/#primaryimage"},"thumbnailUrl":"https:\/\/www.sensorialsunsets.com\/wp-content\/uploads\/2023\/05\/pexels-anastasia-shuraeva-8934638-scaled.jpg","articleSection":["Culture"],"inLanguage":"fr-FR"},{"@type":"WebPage","@id":"https:\/\/www.sensorialsunsets.com\/fr\/le-festival-du-ballet-de-san-jose-un-hommage-a-lexcellence-artistique\/","url":"https:\/\/www.sensorialsunsets.com\/fr\/le-festival-du-ballet-de-san-jose-un-hommage-a-lexcellence-artistique\/","name":"Le festival du ballet de San Jos\u00e9 : un hommage \u00e0 l'excellence artistique","isPartOf":{"@id":"https:\/\/www.sensorialsunsets.com\/fr\/#website"},"primaryImageOfPage":{"@id":"https:\/\/www.sensorialsunsets.com\/fr\/le-festival-du-ballet-de-san-jose-un-hommage-a-lexcellence-artistique\/#primaryimage"},"image":{"@id":"https:\/\/www.sensorialsunsets.com\/fr\/le-festival-du-ballet-de-san-jose-un-hommage-a-lexcellence-artistique\/#primaryimage"},"thumbnailUrl":"https:\/\/www.sensorialsunsets.com\/wp-content\/uploads\/2023\/05\/pexels-anastasia-shuraeva-8934638-scaled.jpg","datePublished":"2023-05-30T21:25:00+00:00","dateModified":"2023-07-03T20:17:57+00:00","description":"Profitez du festival de ballet de San Jos\u00e9 au Costa Rica : art, \u00e9l\u00e9gance et passion dans un \u00e9v\u00e9nement incontournable, billets disponibles !","inLanguage":"fr-FR","potentialAction":[{"@type":"ReadAction","target":["https:\/\/www.sensorialsunsets.com\/fr\/le-festival-du-ballet-de-san-jose-un-hommage-a-lexcellence-artistique\/"]}]},{"@type":"ImageObject","inLanguage":"fr-FR","@id":"https:\/\/www.sensorialsunsets.com\/fr\/le-festival-du-ballet-de-san-jose-un-hommage-a-lexcellence-artistique\/#primaryimage","url":"https:\/\/www.sensorialsunsets.com\/wp-content\/uploads\/2023\/05\/pexels-anastasia-shuraeva-8934638-scaled.jpg","contentUrl":"https:\/\/www.sensorialsunsets.com\/wp-content\/uploads\/2023\/05\/pexels-anastasia-shuraeva-8934638-scaled.jpg","width":2560,"height":1241},{"@type":"WebSite","@id":"https:\/\/www.sensorialsunsets.com\/fr\/#website","url":"https:\/\/www.sensorialsunsets.com\/fr\/","name":"SensorialSunsets.com","description":"D\u00e9couvrez la culture et la soci\u00e9t\u00e9 du Costa Rica sur notre blog. Explorez des articles captivants et partagez le contenu.","publisher":{"@id":"https:\/\/www.sensorialsunsets.com\/fr\/#organization"},"alternateName":"Costa Rica Live Blog","potentialAction":[{"@type":"SearchAction","target":{"@type":"EntryPoint","urlTemplate":"https:\/\/www.sensorialsunsets.com\/fr\/?s={search_term_string}"},"query-input":{"@type":"PropertyValueSpecification","valueRequired":true,"valueName":"search_term_string"}}],"inLanguage":"fr-FR"},{"@type":"Organization","@id":"https:\/\/www.sensorialsunsets.com\/fr\/#organization","name":"SensorialSunsets","url":"https:\/\/www.sensorialsunsets.com\/fr\/","logo":{"@type":"ImageObject","inLanguage":"fr-FR","@id":"https:\/\/www.sensorialsunsets.com\/fr\/#\/schema\/logo\/image\/","url":"https:\/\/www.sensorialsunsets.com\/wp-content\/uploads\/2023\/04\/Logo_base_line_fond_clair.svg","contentUrl":"https:\/\/www.sensorialsunsets.com\/wp-content\/uploads\/2023\/04\/Logo_base_line_fond_clair.svg","width":"1024","height":"1024","caption":"SensorialSunsets"},"image":{"@id":"https:\/\/www.sensorialsunsets.com\/fr\/#\/schema\/logo\/image\/"},"sameAs":["https:\/\/www.facebook.com\/Sensorial-Sunsets-109180614715562","https:\/\/www.instagram.com\/sensorialsunsets\/"]},{"@type":"Person","@id":"https:\/\/www.sensorialsunsets.com\/fr\/#\/schema\/person\/77e2fa594135aa94024c47e281d8a94d","name":"Sensorial Sunsets","image":{"@type":"ImageObject","inLanguage":"fr-FR","@id":"https:\/\/secure.gravatar.com\/avatar\/5f2d62681b1dad94c28f1500d4fc75582acdfd32b55fd1acce0a36a3c487eabe?s=96&d=mm&r=g","url":"https:\/\/secure.gravatar.com\/avatar\/5f2d62681b1dad94c28f1500d4fc75582acdfd32b55fd1acce0a36a3c487eabe?s=96&d=mm&r=g","contentUrl":"https:\/\/secure.gravatar.com\/avatar\/5f2d62681b1dad94c28f1500d4fc75582acdfd32b55fd1acce0a36a3c487eabe?s=96&d=mm&r=g","caption":"Sensorial Sunsets"},"url":"https:\/\/www.sensorialsunsets.com\/fr\/author\/asistentes-sensorial-sunsets\/"}]}},"_links":{"self":[{"href":"https:\/\/www.sensorialsunsets.com\/fr\/wp-json\/wp\/v2\/posts\/7837","targetHints":{"allow":["GET"]}}],"collection":[{"href":"https:\/\/www.sensorialsunsets.com\/fr\/wp-json\/wp\/v2\/posts"}],"about":[{"href":"https:\/\/www.sensorialsunsets.com\/fr\/wp-json\/wp\/v2\/types\/post"}],"author":[{"embeddable":true,"href":"https:\/\/www.sensorialsunsets.com\/fr\/wp-json\/wp\/v2\/users\/4"}],"replies":[{"embeddable":true,"href":"https:\/\/www.sensorialsunsets.com\/fr\/wp-json\/wp\/v2\/comments?post=7837"}],"version-history":[{"count":0,"href":"https:\/\/www.sensorialsunsets.com\/fr\/wp-json\/wp\/v2\/posts\/7837\/revisions"}],"wp:featuredmedia":[{"embeddable":true,"href":"https:\/\/www.sensorialsunsets.com\/fr\/wp-json\/wp\/v2\/media\/7815"}],"wp:attachment":[{"href":"https:\/\/www.sensorialsunsets.com\/fr\/wp-json\/wp\/v2\/media?parent=7837"}],"wp:term":[{"taxonomy":"category","embeddable":true,"href":"https:\/\/www.sensorialsunsets.com\/fr\/wp-json\/wp\/v2\/categories?post=7837"},{"taxonomy":"post_tag","embeddable":true,"href":"https:\/\/www.sensorialsunsets.com\/fr\/wp-json\/wp\/v2\/tags?post=7837"}],"curies":[{"name":"wp","href":"https:\/\/api.w.org\/{rel}","templated":true}]}}