{"id":8022,"date":"2023-06-13T10:29:46","date_gmt":"2023-06-13T16:29:46","guid":{"rendered":"https:\/\/www.sensorialsunsets.com\/?p=8022"},"modified":"2023-06-13T10:29:53","modified_gmt":"2023-06-13T16:29:53","slug":"le-paradoxe-costaricien-malnutrition-et-obesite-dans-un-contexte-de-prix-eleves-des-denrees-alimentaires","status":"publish","type":"post","link":"https:\/\/www.sensorialsunsets.com\/fr\/le-paradoxe-costaricien-malnutrition-et-obesite-dans-un-contexte-de-prix-eleves-des-denrees-alimentaires\/","title":{"rendered":"Le paradoxe costaricien : malnutrition et ob\u00e9sit\u00e9 dans un contexte de prix \u00e9lev\u00e9s des denr\u00e9es alimentaires"},"content":{"rendered":"\n<p>Au Costa Rica, la situation alimentaire est affect\u00e9e par deux probl\u00e8mes apparemment contradictoires : les prix \u00e9lev\u00e9s des denr\u00e9es alimentaires et les taux \u00e9lev\u00e9s d&rsquo;ob\u00e9sit\u00e9.<\/p>\n\n\n\n<h3 class=\"wp-block-heading\"><strong>L&rsquo;inflation et <\/strong>les prix \u00e9lev\u00e9s des produits alimentaires.<\/h3>\n\n\n\n<p> Bien que l&rsquo;inflation des prix \u00e9lev\u00e9s des denr\u00e9es alimentaires et des boissons non alcoolis\u00e9es atteigne d\u00e9but 2023 l&rsquo;un des taux les plus \u00e9lev\u00e9s des pays de l&rsquo;OCDE, la malnutrition et l&rsquo;ins\u00e9curit\u00e9 alimentaire persistent.<\/p>\n\n\n<div class=\"wp-block-image\">\n<figure class=\"alignleft size-large is-resized\"><img loading=\"lazy\" decoding=\"async\" src=\"https:\/\/www.sensorialsunsets.com\/wp-content\/uploads\/2023\/06\/pexels-eduardo-soares-5498225-819x1024.jpg\" alt=\"\" class=\"wp-image-8003\" width=\"319\" height=\"399\" srcset=\"https:\/\/www.sensorialsunsets.com\/wp-content\/uploads\/2023\/06\/pexels-eduardo-soares-5498225-819x1024.jpg 819w, https:\/\/www.sensorialsunsets.com\/wp-content\/uploads\/2023\/06\/pexels-eduardo-soares-5498225-240x300.jpg 240w, https:\/\/www.sensorialsunsets.com\/wp-content\/uploads\/2023\/06\/pexels-eduardo-soares-5498225-768x960.jpg 768w, https:\/\/www.sensorialsunsets.com\/wp-content\/uploads\/2023\/06\/pexels-eduardo-soares-5498225-1229x1536.jpg 1229w, https:\/\/www.sensorialsunsets.com\/wp-content\/uploads\/2023\/06\/pexels-eduardo-soares-5498225-1638x2048.jpg 1638w, https:\/\/www.sensorialsunsets.com\/wp-content\/uploads\/2023\/06\/pexels-eduardo-soares-5498225-1320x1650.jpg 1320w, https:\/\/www.sensorialsunsets.com\/wp-content\/uploads\/2023\/06\/pexels-eduardo-soares-5498225-scaled.jpg 2048w\" sizes=\"auto, (max-width: 319px) 100vw, 319px\" \/><\/figure>\n<\/div>\n\n\n<blockquote class=\"wp-block-quote is-layout-flow wp-block-quote-is-layout-flow\">\n<p>Le lait liquide, par exemple, a augment\u00e9 de 18,76 % au cours des six mois, le steak de b\u0153uf de 20,48 %, le filet de poisson de 23,13 %, la farine de bl\u00e9 de 38,96 % et les tortillas de 19,69 %, selon les donn\u00e9es sur la variation en glissement annuel de l&rsquo;indice des prix \u00e0 la consommation fournies \u00e0 UNIVERSIT\u00c9 par l&rsquo;Institut national de la statistique et des recensements (INEC). La cat\u00e9gorie g\u00e9n\u00e9rale des aliments et des boissons non alcoolis\u00e9es a augment\u00e9 de 15,95 %.<\/p>\n<cite>Semanario Universidad<\/cite><\/blockquote>\n\n\n\n<p>Le m\u00eame ph\u00e9nom\u00e8ne se produit pour les \u0153ufs et les poulets. La Chambre nationale des aviculteurs (Canavi) a \u00e9galement signal\u00e9 que le secteur est affect\u00e9 par les augmentations des co\u00fbts des mati\u00e8res premi\u00e8res telles que le ma\u00efs et le soja. En effet, l&rsquo;essence et le diesel ne cessent d&rsquo;augmenter, et ces co\u00fbts se r\u00e9percutent d\u00e9j\u00e0 sur l&rsquo;augmentation des prix pour le consommateur final.<\/p>\n\n\n\n<p>A cause de cette hausse des prix, le probl\u00e8me est pr\u00e9occupant. Le pays a connu une inflation de 18,5 %, ce qui affecte directement la capacit\u00e9 de la population \u00e0 se procurer<a href=\"https:\/\/www.sensorialsunsets.com\/fr\/nourriture-cuisine-et-gastronomie-du-costa-rica\/\"> des aliments suffisants et nutritifs.<\/a>.<\/p>\n\n\n\n<p>Le Dr Karol Madriz Morales, membre de la Commission intersectorielle sur les directives di\u00e9t\u00e9tiques du minist\u00e8re de la Sant\u00e9, souligne que :<\/p>\n\n\n\n<blockquote class=\"wp-block-quote is-layout-flow wp-block-quote-is-layout-flow\">\n<p>Si nous disons aux gens d&rsquo;acheter des fruits et des l\u00e9gumes, mais que la structure des prix dans notre pays ne le permet pas parce que nous sommes l&rsquo;un des \u00e9tats o\u00f9 les co\u00fbts alimentaires sont les plus \u00e9lev\u00e9s &#8211; qui sont le pilier du syst\u00e8me alimentaire &#8211; <strong>il est clair que la s\u00e9curit\u00e9 alimentaire nutritionnelle sera affect\u00e9e au niveau national, en particulier pour les populations les plus vuln\u00e9rables<\/strong>.<\/p>\n<\/blockquote>\n\n\n\n<p>De plus, l&rsquo;acc\u00e8s g\u00e9ographique joue \u00e9galement un r\u00f4le important. Les communaut\u00e9s rurales et les communaut\u00e9s \u00e9loign\u00e9es des centres urbains ont souvent plus de difficult\u00e9s \u00e0 acc\u00e9der \u00e0 des aliments frais et nutritifs. Faute d&rsquo;infrastructures de transport et de points de vente limit\u00e9s. Par cons\u00e9quent, une nutrition inad\u00e9quate affecte de nombreux enfants et adolescents, ce qui conduit \u00e0 deux situations extr\u00eames: l&rsquo;ob\u00e9sit\u00e9 et le surpoids ou la malnutrition chez les enfants des communaut\u00e9s autochtones et tr\u00e8s vuln\u00e9rables.<\/p>\n\n\n\n<h5 class=\"wp-block-heading\">Est-il possible qu&rsquo;un pays o\u00f9 les co\u00fbts alimentaires sont \u00e9lev\u00e9s ait \u00e9galement les taux d&rsquo;ob\u00e9sit\u00e9 les plus \u00e9lev\u00e9s ?<\/h5>\n\n\n\n<p>Le paradoxe apparent selon lequel un pays o\u00f9 les co\u00fbts alimentaires sont \u00e9lev\u00e9s pr\u00e9sente des taux d&rsquo;ob\u00e9sit\u00e9 \u00e9lev\u00e9s peut s&rsquo;expliquer par plusieurs facteurs interd\u00e9pendants. <\/p>\n\n\n\n<p>L&rsquo;incidence \u00e9lev\u00e9e de l&rsquo;ob\u00e9sit\u00e9 au Costa Rica est en revanche un ph\u00e9nom\u00e8ne tr\u00e8s complexe. Si les aliments transform\u00e9s et ultra-transform\u00e9s, souvent moins chers, sont largement disponibles, cela ne signifie pas qu&rsquo;ils constituent un choix sain. Le manque d&rsquo;\u00e9ducation nutritionnelle et l&rsquo;influence de la publicit\u00e9 pour les aliments malsains jouent \u00e9galement un r\u00f4le important dans les choix alimentaires et l&rsquo;ob\u00e9sit\u00e9.<\/p>\n\n\n\n<p>Selon le docteur Mar\u00eda Rodr\u00edguez, experte en nutrition, elle mentionne que : <\/p>\n\n\n\n<blockquote class=\"wp-block-quote is-layout-flow wp-block-quote-is-layout-flow\"><div class=\"wp-block-image\">\n<figure class=\"alignleft size-large is-resized\"><img loading=\"lazy\" decoding=\"async\" src=\"https:\/\/www.sensorialsunsets.com\/wp-content\/uploads\/2023\/06\/pexels-kristina-gain-4117143-768x1024.jpg\" alt=\"\" class=\"wp-image-8006\" width=\"332\" height=\"443\" srcset=\"https:\/\/www.sensorialsunsets.com\/wp-content\/uploads\/2023\/06\/pexels-kristina-gain-4117143-768x1024.jpg 768w, https:\/\/www.sensorialsunsets.com\/wp-content\/uploads\/2023\/06\/pexels-kristina-gain-4117143-225x300.jpg 225w, https:\/\/www.sensorialsunsets.com\/wp-content\/uploads\/2023\/06\/pexels-kristina-gain-4117143-1152x1536.jpg 1152w, https:\/\/www.sensorialsunsets.com\/wp-content\/uploads\/2023\/06\/pexels-kristina-gain-4117143-1536x2048.jpg 1536w, https:\/\/www.sensorialsunsets.com\/wp-content\/uploads\/2023\/06\/pexels-kristina-gain-4117143-1320x1760.jpg 1320w, https:\/\/www.sensorialsunsets.com\/wp-content\/uploads\/2023\/06\/pexels-kristina-gain-4117143-scaled.jpg 1920w\" sizes=\"auto, (max-width: 332px) 100vw, 332px\" \/><\/figure>\n<\/div>\n\n\n<p>Les prix \u00e9lev\u00e9s des denr\u00e9es alimentaires limitent l&rsquo;acc\u00e8s des gens \u00e0 des choix nutritifs et \u00e9quilibr\u00e9s. Cela peut conduire \u00e0 la malnutrition, \u00e0 la fois sous forme de carences nutritionnelles et de surconsommation d&rsquo;aliments de mauvaise qualit\u00e9. <\/p>\n<\/blockquote>\n\n\n\n<p>Par ailleurs, le Dr Rodriguez fait remarquer que les aliments les plus abordables sont souvent riches en graisses, en sucres et en sel, ce qui contribue \u00e0 l&rsquo;ob\u00e9sit\u00e9 et \u00e0 d&rsquo;autres maladies associ\u00e9es.<\/p>\n\n\n\n<p>La relation entre les co\u00fbts \u00e9lev\u00e9s des aliments et les taux \u00e9lev\u00e9s d&rsquo;ob\u00e9sit\u00e9 s&rsquo;explique par la disponibilit\u00e9 et l&rsquo;accessibilit\u00e9 des aliments malsains. L&rsquo;influence de la publicit\u00e9 et du marketing, les facteurs socio-\u00e9conomiques et \u00e9ducatifs, les changements dans les habitudes de consommation, ainsi que les facteurs culturels et sociaux. <\/p>\n\n\n\n<p>Aborder ce probl\u00e8me n\u00e9cessite une approche globale qui aborde \u00e0 la fois les aspects \u00e9conomiques et nutritionnels. En plus de promouvoir des politiques qui favorisent une <a href=\"https:\/\/www.sensorialsunsets.com\/fr\/les-emplois-de-livreurs-de-repas-au-costa-rica\/\">alimentation saine et accessible \u00e0 tous<\/a> les costaricains.<\/p>\n\n\n\n<p><strong>Sensorial Sunsets<\/strong><\/p>\n","protected":false},"excerpt":{"rendered":"<p>Au Costa Rica, la situation alimentaire est affect\u00e9e par deux probl\u00e8mes apparemment contradictoires : les prix \u00e9lev\u00e9s des denr\u00e9es alimentaires et les taux \u00e9lev\u00e9s d&rsquo;ob\u00e9sit\u00e9. L&rsquo;inflation et les prix \u00e9lev\u00e9s des produits alimentaires. Bien que l&rsquo;inflation des prix \u00e9lev\u00e9s des denr\u00e9es alimentaires et des boissons non alcoolis\u00e9es atteigne d\u00e9but 2023 l&rsquo;un des taux les plus [&hellip;]<\/p>\n","protected":false},"author":4,"featured_media":8002,"comment_status":"closed","ping_status":"closed","sticky":false,"template":"","format":"standard","meta":{"_acf_changed":false,"inline_featured_image":false,"_monsterinsights_skip_tracking":false,"_monsterinsights_sitenote_active":false,"_monsterinsights_sitenote_note":"","_monsterinsights_sitenote_category":0,"footnotes":""},"categories":[100,109],"tags":[],"class_list":["post-8022","post","type-post","status-publish","format-standard","has-post-thumbnail","hentry","category-costa-rica-fr","category-economie-fr"],"acf":[],"yoast_head":"<!-- This site is optimized with the Yoast SEO plugin v27.4 - https:\/\/yoast.com\/product\/yoast-seo-wordpress\/ -->\n<title>- SensorialSunsets<\/title>\n<meta name=\"description\" content=\"D\u00e9couvre les causes et les cons\u00e9quences de la relation entre la malnutrition et les prix \u00e9lev\u00e9s des denr\u00e9es alimentaires au Costa Rica.\" \/>\n<meta name=\"robots\" content=\"index, follow, max-snippet:-1, max-image-preview:large, max-video-preview:-1\" \/>\n<link rel=\"canonical\" href=\"https:\/\/www.sensorialsunsets.com\/fr\/le-paradoxe-costaricien-malnutrition-et-obesite-dans-un-contexte-de-prix-eleves-des-denrees-alimentaires\/\" \/>\n<meta property=\"og:locale\" content=\"fr_FR\" \/>\n<meta property=\"og:type\" content=\"article\" \/>\n<meta property=\"og:title\" content=\"- SensorialSunsets\" \/>\n<meta property=\"og:description\" content=\"D\u00e9couvre les causes et les cons\u00e9quences de la relation entre la malnutrition et les prix \u00e9lev\u00e9s des denr\u00e9es alimentaires au Costa Rica.\" \/>\n<meta property=\"og:url\" content=\"https:\/\/www.sensorialsunsets.com\/fr\/le-paradoxe-costaricien-malnutrition-et-obesite-dans-un-contexte-de-prix-eleves-des-denrees-alimentaires\/\" \/>\n<meta property=\"og:site_name\" content=\"SensorialSunsets\" \/>\n<meta property=\"article:publisher\" content=\"https:\/\/www.facebook.com\/Sensorial-Sunsets-109180614715562\" \/>\n<meta property=\"article:published_time\" content=\"2023-06-13T16:29:46+00:00\" \/>\n<meta property=\"article:modified_time\" content=\"2023-06-13T16:29:53+00:00\" \/>\n<meta property=\"og:image\" content=\"https:\/\/www.sensorialsunsets.com\/wp-content\/uploads\/2023\/06\/pexels-clem-onojeghuo-375896-scaled.jpg\" \/>\n\t<meta property=\"og:image:width\" content=\"2560\" \/>\n\t<meta property=\"og:image:height\" content=\"1707\" \/>\n\t<meta property=\"og:image:type\" content=\"image\/jpeg\" \/>\n<meta name=\"author\" content=\"Sensorial Sunsets\" \/>\n<meta name=\"twitter:card\" content=\"summary_large_image\" \/>\n<meta name=\"twitter:label1\" content=\"\u00c9crit par\" \/>\n\t<meta name=\"twitter:data1\" content=\"Sensorial Sunsets\" \/>\n\t<meta name=\"twitter:label2\" content=\"Dur\u00e9e de lecture estim\u00e9e\" \/>\n\t<meta name=\"twitter:data2\" content=\"4 minutes\" \/>\n<script type=\"application\/ld+json\" class=\"yoast-schema-graph\">{\"@context\":\"https:\\\/\\\/schema.org\",\"@graph\":[{\"@type\":\"Article\",\"@id\":\"https:\\\/\\\/www.sensorialsunsets.com\\\/fr\\\/le-paradoxe-costaricien-malnutrition-et-obesite-dans-un-contexte-de-prix-eleves-des-denrees-alimentaires\\\/#article\",\"isPartOf\":{\"@id\":\"https:\\\/\\\/www.sensorialsunsets.com\\\/fr\\\/le-paradoxe-costaricien-malnutrition-et-obesite-dans-un-contexte-de-prix-eleves-des-denrees-alimentaires\\\/\"},\"author\":{\"name\":\"Sensorial Sunsets\",\"@id\":\"https:\\\/\\\/www.sensorialsunsets.com\\\/fr\\\/#\\\/schema\\\/person\\\/77e2fa594135aa94024c47e281d8a94d\"},\"headline\":\"Le paradoxe costaricien : malnutrition et ob\u00e9sit\u00e9 dans un contexte de prix \u00e9lev\u00e9s des denr\u00e9es alimentaires\",\"datePublished\":\"2023-06-13T16:29:46+00:00\",\"dateModified\":\"2023-06-13T16:29:53+00:00\",\"mainEntityOfPage\":{\"@id\":\"https:\\\/\\\/www.sensorialsunsets.com\\\/fr\\\/le-paradoxe-costaricien-malnutrition-et-obesite-dans-un-contexte-de-prix-eleves-des-denrees-alimentaires\\\/\"},\"wordCount\":800,\"publisher\":{\"@id\":\"https:\\\/\\\/www.sensorialsunsets.com\\\/fr\\\/#organization\"},\"image\":{\"@id\":\"https:\\\/\\\/www.sensorialsunsets.com\\\/fr\\\/le-paradoxe-costaricien-malnutrition-et-obesite-dans-un-contexte-de-prix-eleves-des-denrees-alimentaires\\\/#primaryimage\"},\"thumbnailUrl\":\"https:\\\/\\\/www.sensorialsunsets.com\\\/wp-content\\\/uploads\\\/2023\\\/06\\\/pexels-clem-onojeghuo-375896-scaled.jpg\",\"articleSection\":[\"Costa Rica\",\"Economie\"],\"inLanguage\":\"fr-FR\"},{\"@type\":\"WebPage\",\"@id\":\"https:\\\/\\\/www.sensorialsunsets.com\\\/fr\\\/le-paradoxe-costaricien-malnutrition-et-obesite-dans-un-contexte-de-prix-eleves-des-denrees-alimentaires\\\/\",\"url\":\"https:\\\/\\\/www.sensorialsunsets.com\\\/fr\\\/le-paradoxe-costaricien-malnutrition-et-obesite-dans-un-contexte-de-prix-eleves-des-denrees-alimentaires\\\/\",\"name\":\"- SensorialSunsets\",\"isPartOf\":{\"@id\":\"https:\\\/\\\/www.sensorialsunsets.com\\\/fr\\\/#website\"},\"primaryImageOfPage\":{\"@id\":\"https:\\\/\\\/www.sensorialsunsets.com\\\/fr\\\/le-paradoxe-costaricien-malnutrition-et-obesite-dans-un-contexte-de-prix-eleves-des-denrees-alimentaires\\\/#primaryimage\"},\"image\":{\"@id\":\"https:\\\/\\\/www.sensorialsunsets.com\\\/fr\\\/le-paradoxe-costaricien-malnutrition-et-obesite-dans-un-contexte-de-prix-eleves-des-denrees-alimentaires\\\/#primaryimage\"},\"thumbnailUrl\":\"https:\\\/\\\/www.sensorialsunsets.com\\\/wp-content\\\/uploads\\\/2023\\\/06\\\/pexels-clem-onojeghuo-375896-scaled.jpg\",\"datePublished\":\"2023-06-13T16:29:46+00:00\",\"dateModified\":\"2023-06-13T16:29:53+00:00\",\"description\":\"D\u00e9couvre les causes et les cons\u00e9quences de la relation entre la malnutrition et les prix \u00e9lev\u00e9s des denr\u00e9es alimentaires au Costa Rica.\",\"inLanguage\":\"fr-FR\",\"potentialAction\":[{\"@type\":\"ReadAction\",\"target\":[\"https:\\\/\\\/www.sensorialsunsets.com\\\/fr\\\/le-paradoxe-costaricien-malnutrition-et-obesite-dans-un-contexte-de-prix-eleves-des-denrees-alimentaires\\\/\"]}]},{\"@type\":\"ImageObject\",\"inLanguage\":\"fr-FR\",\"@id\":\"https:\\\/\\\/www.sensorialsunsets.com\\\/fr\\\/le-paradoxe-costaricien-malnutrition-et-obesite-dans-un-contexte-de-prix-eleves-des-denrees-alimentaires\\\/#primaryimage\",\"url\":\"https:\\\/\\\/www.sensorialsunsets.com\\\/wp-content\\\/uploads\\\/2023\\\/06\\\/pexels-clem-onojeghuo-375896-scaled.jpg\",\"contentUrl\":\"https:\\\/\\\/www.sensorialsunsets.com\\\/wp-content\\\/uploads\\\/2023\\\/06\\\/pexels-clem-onojeghuo-375896-scaled.jpg\",\"width\":2560,\"height\":1707},{\"@type\":\"WebSite\",\"@id\":\"https:\\\/\\\/www.sensorialsunsets.com\\\/fr\\\/#website\",\"url\":\"https:\\\/\\\/www.sensorialsunsets.com\\\/fr\\\/\",\"name\":\"SensorialSunsets.com\",\"description\":\"D\u00e9couvrez la culture et la soci\u00e9t\u00e9 du Costa Rica sur notre blog. Explorez des articles captivants et partagez le contenu.\",\"publisher\":{\"@id\":\"https:\\\/\\\/www.sensorialsunsets.com\\\/fr\\\/#organization\"},\"alternateName\":\"Costa Rica Live Blog\",\"potentialAction\":[{\"@type\":\"SearchAction\",\"target\":{\"@type\":\"EntryPoint\",\"urlTemplate\":\"https:\\\/\\\/www.sensorialsunsets.com\\\/fr\\\/?s={search_term_string}\"},\"query-input\":{\"@type\":\"PropertyValueSpecification\",\"valueRequired\":true,\"valueName\":\"search_term_string\"}}],\"inLanguage\":\"fr-FR\"},{\"@type\":\"Organization\",\"@id\":\"https:\\\/\\\/www.sensorialsunsets.com\\\/fr\\\/#organization\",\"name\":\"SensorialSunsets\",\"url\":\"https:\\\/\\\/www.sensorialsunsets.com\\\/fr\\\/\",\"logo\":{\"@type\":\"ImageObject\",\"inLanguage\":\"fr-FR\",\"@id\":\"https:\\\/\\\/www.sensorialsunsets.com\\\/fr\\\/#\\\/schema\\\/logo\\\/image\\\/\",\"url\":\"https:\\\/\\\/www.sensorialsunsets.com\\\/wp-content\\\/uploads\\\/2023\\\/04\\\/Logo_base_line_fond_clair.svg\",\"contentUrl\":\"https:\\\/\\\/www.sensorialsunsets.com\\\/wp-content\\\/uploads\\\/2023\\\/04\\\/Logo_base_line_fond_clair.svg\",\"width\":\"1024\",\"height\":\"1024\",\"caption\":\"SensorialSunsets\"},\"image\":{\"@id\":\"https:\\\/\\\/www.sensorialsunsets.com\\\/fr\\\/#\\\/schema\\\/logo\\\/image\\\/\"},\"sameAs\":[\"https:\\\/\\\/www.facebook.com\\\/Sensorial-Sunsets-109180614715562\",\"https:\\\/\\\/www.instagram.com\\\/sensorialsunsets\\\/\"]},{\"@type\":\"Person\",\"@id\":\"https:\\\/\\\/www.sensorialsunsets.com\\\/fr\\\/#\\\/schema\\\/person\\\/77e2fa594135aa94024c47e281d8a94d\",\"name\":\"Sensorial Sunsets\",\"image\":{\"@type\":\"ImageObject\",\"inLanguage\":\"fr-FR\",\"@id\":\"https:\\\/\\\/secure.gravatar.com\\\/avatar\\\/5f2d62681b1dad94c28f1500d4fc75582acdfd32b55fd1acce0a36a3c487eabe?s=96&d=mm&r=g\",\"url\":\"https:\\\/\\\/secure.gravatar.com\\\/avatar\\\/5f2d62681b1dad94c28f1500d4fc75582acdfd32b55fd1acce0a36a3c487eabe?s=96&d=mm&r=g\",\"contentUrl\":\"https:\\\/\\\/secure.gravatar.com\\\/avatar\\\/5f2d62681b1dad94c28f1500d4fc75582acdfd32b55fd1acce0a36a3c487eabe?s=96&d=mm&r=g\",\"caption\":\"Sensorial Sunsets\"},\"url\":\"https:\\\/\\\/www.sensorialsunsets.com\\\/fr\\\/author\\\/asistentes-sensorial-sunsets\\\/\"}]}<\/script>\n<!-- \/ Yoast SEO plugin. -->","yoast_head_json":{"title":"- SensorialSunsets","description":"D\u00e9couvre les causes et les cons\u00e9quences de la relation entre la malnutrition et les prix \u00e9lev\u00e9s des denr\u00e9es alimentaires au Costa Rica.","robots":{"index":"index","follow":"follow","max-snippet":"max-snippet:-1","max-image-preview":"max-image-preview:large","max-video-preview":"max-video-preview:-1"},"canonical":"https:\/\/www.sensorialsunsets.com\/fr\/le-paradoxe-costaricien-malnutrition-et-obesite-dans-un-contexte-de-prix-eleves-des-denrees-alimentaires\/","og_locale":"fr_FR","og_type":"article","og_title":"- SensorialSunsets","og_description":"D\u00e9couvre les causes et les cons\u00e9quences de la relation entre la malnutrition et les prix \u00e9lev\u00e9s des denr\u00e9es alimentaires au Costa Rica.","og_url":"https:\/\/www.sensorialsunsets.com\/fr\/le-paradoxe-costaricien-malnutrition-et-obesite-dans-un-contexte-de-prix-eleves-des-denrees-alimentaires\/","og_site_name":"SensorialSunsets","article_publisher":"https:\/\/www.facebook.com\/Sensorial-Sunsets-109180614715562","article_published_time":"2023-06-13T16:29:46+00:00","article_modified_time":"2023-06-13T16:29:53+00:00","og_image":[{"width":2560,"height":1707,"url":"https:\/\/www.sensorialsunsets.com\/wp-content\/uploads\/2023\/06\/pexels-clem-onojeghuo-375896-scaled.jpg","type":"image\/jpeg"}],"author":"Sensorial Sunsets","twitter_card":"summary_large_image","twitter_misc":{"\u00c9crit par":"Sensorial Sunsets","Dur\u00e9e de lecture estim\u00e9e":"4 minutes"},"schema":{"@context":"https:\/\/schema.org","@graph":[{"@type":"Article","@id":"https:\/\/www.sensorialsunsets.com\/fr\/le-paradoxe-costaricien-malnutrition-et-obesite-dans-un-contexte-de-prix-eleves-des-denrees-alimentaires\/#article","isPartOf":{"@id":"https:\/\/www.sensorialsunsets.com\/fr\/le-paradoxe-costaricien-malnutrition-et-obesite-dans-un-contexte-de-prix-eleves-des-denrees-alimentaires\/"},"author":{"name":"Sensorial Sunsets","@id":"https:\/\/www.sensorialsunsets.com\/fr\/#\/schema\/person\/77e2fa594135aa94024c47e281d8a94d"},"headline":"Le paradoxe costaricien : malnutrition et ob\u00e9sit\u00e9 dans un contexte de prix \u00e9lev\u00e9s des denr\u00e9es alimentaires","datePublished":"2023-06-13T16:29:46+00:00","dateModified":"2023-06-13T16:29:53+00:00","mainEntityOfPage":{"@id":"https:\/\/www.sensorialsunsets.com\/fr\/le-paradoxe-costaricien-malnutrition-et-obesite-dans-un-contexte-de-prix-eleves-des-denrees-alimentaires\/"},"wordCount":800,"publisher":{"@id":"https:\/\/www.sensorialsunsets.com\/fr\/#organization"},"image":{"@id":"https:\/\/www.sensorialsunsets.com\/fr\/le-paradoxe-costaricien-malnutrition-et-obesite-dans-un-contexte-de-prix-eleves-des-denrees-alimentaires\/#primaryimage"},"thumbnailUrl":"https:\/\/www.sensorialsunsets.com\/wp-content\/uploads\/2023\/06\/pexels-clem-onojeghuo-375896-scaled.jpg","articleSection":["Costa Rica","Economie"],"inLanguage":"fr-FR"},{"@type":"WebPage","@id":"https:\/\/www.sensorialsunsets.com\/fr\/le-paradoxe-costaricien-malnutrition-et-obesite-dans-un-contexte-de-prix-eleves-des-denrees-alimentaires\/","url":"https:\/\/www.sensorialsunsets.com\/fr\/le-paradoxe-costaricien-malnutrition-et-obesite-dans-un-contexte-de-prix-eleves-des-denrees-alimentaires\/","name":"- SensorialSunsets","isPartOf":{"@id":"https:\/\/www.sensorialsunsets.com\/fr\/#website"},"primaryImageOfPage":{"@id":"https:\/\/www.sensorialsunsets.com\/fr\/le-paradoxe-costaricien-malnutrition-et-obesite-dans-un-contexte-de-prix-eleves-des-denrees-alimentaires\/#primaryimage"},"image":{"@id":"https:\/\/www.sensorialsunsets.com\/fr\/le-paradoxe-costaricien-malnutrition-et-obesite-dans-un-contexte-de-prix-eleves-des-denrees-alimentaires\/#primaryimage"},"thumbnailUrl":"https:\/\/www.sensorialsunsets.com\/wp-content\/uploads\/2023\/06\/pexels-clem-onojeghuo-375896-scaled.jpg","datePublished":"2023-06-13T16:29:46+00:00","dateModified":"2023-06-13T16:29:53+00:00","description":"D\u00e9couvre les causes et les cons\u00e9quences de la relation entre la malnutrition et les prix \u00e9lev\u00e9s des denr\u00e9es alimentaires au Costa Rica.","inLanguage":"fr-FR","potentialAction":[{"@type":"ReadAction","target":["https:\/\/www.sensorialsunsets.com\/fr\/le-paradoxe-costaricien-malnutrition-et-obesite-dans-un-contexte-de-prix-eleves-des-denrees-alimentaires\/"]}]},{"@type":"ImageObject","inLanguage":"fr-FR","@id":"https:\/\/www.sensorialsunsets.com\/fr\/le-paradoxe-costaricien-malnutrition-et-obesite-dans-un-contexte-de-prix-eleves-des-denrees-alimentaires\/#primaryimage","url":"https:\/\/www.sensorialsunsets.com\/wp-content\/uploads\/2023\/06\/pexels-clem-onojeghuo-375896-scaled.jpg","contentUrl":"https:\/\/www.sensorialsunsets.com\/wp-content\/uploads\/2023\/06\/pexels-clem-onojeghuo-375896-scaled.jpg","width":2560,"height":1707},{"@type":"WebSite","@id":"https:\/\/www.sensorialsunsets.com\/fr\/#website","url":"https:\/\/www.sensorialsunsets.com\/fr\/","name":"SensorialSunsets.com","description":"D\u00e9couvrez la culture et la soci\u00e9t\u00e9 du Costa Rica sur notre blog. Explorez des articles captivants et partagez le contenu.","publisher":{"@id":"https:\/\/www.sensorialsunsets.com\/fr\/#organization"},"alternateName":"Costa Rica Live Blog","potentialAction":[{"@type":"SearchAction","target":{"@type":"EntryPoint","urlTemplate":"https:\/\/www.sensorialsunsets.com\/fr\/?s={search_term_string}"},"query-input":{"@type":"PropertyValueSpecification","valueRequired":true,"valueName":"search_term_string"}}],"inLanguage":"fr-FR"},{"@type":"Organization","@id":"https:\/\/www.sensorialsunsets.com\/fr\/#organization","name":"SensorialSunsets","url":"https:\/\/www.sensorialsunsets.com\/fr\/","logo":{"@type":"ImageObject","inLanguage":"fr-FR","@id":"https:\/\/www.sensorialsunsets.com\/fr\/#\/schema\/logo\/image\/","url":"https:\/\/www.sensorialsunsets.com\/wp-content\/uploads\/2023\/04\/Logo_base_line_fond_clair.svg","contentUrl":"https:\/\/www.sensorialsunsets.com\/wp-content\/uploads\/2023\/04\/Logo_base_line_fond_clair.svg","width":"1024","height":"1024","caption":"SensorialSunsets"},"image":{"@id":"https:\/\/www.sensorialsunsets.com\/fr\/#\/schema\/logo\/image\/"},"sameAs":["https:\/\/www.facebook.com\/Sensorial-Sunsets-109180614715562","https:\/\/www.instagram.com\/sensorialsunsets\/"]},{"@type":"Person","@id":"https:\/\/www.sensorialsunsets.com\/fr\/#\/schema\/person\/77e2fa594135aa94024c47e281d8a94d","name":"Sensorial Sunsets","image":{"@type":"ImageObject","inLanguage":"fr-FR","@id":"https:\/\/secure.gravatar.com\/avatar\/5f2d62681b1dad94c28f1500d4fc75582acdfd32b55fd1acce0a36a3c487eabe?s=96&d=mm&r=g","url":"https:\/\/secure.gravatar.com\/avatar\/5f2d62681b1dad94c28f1500d4fc75582acdfd32b55fd1acce0a36a3c487eabe?s=96&d=mm&r=g","contentUrl":"https:\/\/secure.gravatar.com\/avatar\/5f2d62681b1dad94c28f1500d4fc75582acdfd32b55fd1acce0a36a3c487eabe?s=96&d=mm&r=g","caption":"Sensorial Sunsets"},"url":"https:\/\/www.sensorialsunsets.com\/fr\/author\/asistentes-sensorial-sunsets\/"}]}},"_links":{"self":[{"href":"https:\/\/www.sensorialsunsets.com\/fr\/wp-json\/wp\/v2\/posts\/8022","targetHints":{"allow":["GET"]}}],"collection":[{"href":"https:\/\/www.sensorialsunsets.com\/fr\/wp-json\/wp\/v2\/posts"}],"about":[{"href":"https:\/\/www.sensorialsunsets.com\/fr\/wp-json\/wp\/v2\/types\/post"}],"author":[{"embeddable":true,"href":"https:\/\/www.sensorialsunsets.com\/fr\/wp-json\/wp\/v2\/users\/4"}],"replies":[{"embeddable":true,"href":"https:\/\/www.sensorialsunsets.com\/fr\/wp-json\/wp\/v2\/comments?post=8022"}],"version-history":[{"count":0,"href":"https:\/\/www.sensorialsunsets.com\/fr\/wp-json\/wp\/v2\/posts\/8022\/revisions"}],"wp:featuredmedia":[{"embeddable":true,"href":"https:\/\/www.sensorialsunsets.com\/fr\/wp-json\/wp\/v2\/media\/8002"}],"wp:attachment":[{"href":"https:\/\/www.sensorialsunsets.com\/fr\/wp-json\/wp\/v2\/media?parent=8022"}],"wp:term":[{"taxonomy":"category","embeddable":true,"href":"https:\/\/www.sensorialsunsets.com\/fr\/wp-json\/wp\/v2\/categories?post=8022"},{"taxonomy":"post_tag","embeddable":true,"href":"https:\/\/www.sensorialsunsets.com\/fr\/wp-json\/wp\/v2\/tags?post=8022"}],"curies":[{"name":"wp","href":"https:\/\/api.w.org\/{rel}","templated":true}]}}