{"id":8068,"date":"2023-06-15T09:18:03","date_gmt":"2023-06-15T15:18:03","guid":{"rendered":"https:\/\/www.sensorialsunsets.com\/?p=8068"},"modified":"2023-06-15T09:18:23","modified_gmt":"2023-06-15T15:18:23","slug":"la-problematique-des-produits-agrochimiques-au-costa-rica","status":"publish","type":"post","link":"https:\/\/www.sensorialsunsets.com\/fr\/la-problematique-des-produits-agrochimiques-au-costa-rica\/","title":{"rendered":"La probl\u00e9matique des produits agrochimiques au Costa Rica"},"content":{"rendered":"\n<p><em>Quelle est la situation des produits agrochimiques au Costa Rica et quelle est la raison de leur utilisation ? D\u00e9couvrez-le dans cet article.<\/em><\/p>\n\n\n\n<hr class=\"wp-block-separator has-alpha-channel-opacity\"\/>\n\n\n\n<p><\/p>\n\n\n\n<p>En mars dernier, une nouvelle source d&rsquo;eau contamin\u00e9e par des produits agrochimiques a \u00e9t\u00e9 d\u00e9couverte. <\/p>\n\n\n\n<p>Cette analyse a \u00e9t\u00e9 r\u00e9alis\u00e9e par le Institut r\u00e9gional d&rsquo;\u00e9tudes sur les substances toxiques de l&rsquo;Universit\u00e9 nationale, qui a d\u00e9tect\u00e9 le chlorothalonil dans la source d&rsquo;eau Carlos Mart\u00ednez \u00e0 Oreamuno (Cartago). <\/p>\n\n\n\n<p>En outre, le m\u00eame produit chimique est apparu en f\u00e9vrier dans les sources pr\u00e8s de Cipreses de Cartago. <\/p>\n\n\n\n<h3 class=\"wp-block-heading\"><strong>Qu&rsquo;est-ce que le chlorothalonil ?<\/strong><\/h3>\n\n\n<div class=\"wp-block-image\">\n<figure class=\"alignleft size-full is-resized\"><img loading=\"lazy\" decoding=\"async\" src=\"https:\/\/www.sensorialsunsets.com\/wp-content\/uploads\/2023\/06\/Clorotalonil-1686840258198.jpg\" alt=\"\" class=\"wp-image-8058\" width=\"310\" height=\"155\" srcset=\"https:\/\/www.sensorialsunsets.com\/wp-content\/uploads\/2023\/06\/Clorotalonil-1686840258198.jpg 640w, https:\/\/www.sensorialsunsets.com\/wp-content\/uploads\/2023\/06\/Clorotalonil-1686840258198-300x150.jpg 300w\" sizes=\"auto, (max-width: 310px) 100vw, 310px\" \/><figcaption class=\"wp-element-caption\">Composition du chlorothalonil. Source : Fitogest<\/figcaption><\/figure>\n<\/div>\n\n\n<p>Selon l&rsquo;\u00e9tude du Programme des Nations unies pour le d\u00e9veloppement (PNUD) intitul\u00e9e \u00ab Apparent Use of Pesticides in Costa Rica \u00bb, le chlorothalonil est le quatri\u00e8me fongicide le plus utilis\u00e9 dans le pays. Il repr\u00e9sente une moyenne de 861 000 kilogrammes par an, 983 enregistrements dans le pays et 586 enregistrements commerciaux pour son utilisation sur les l\u00e9gumes. <\/p>\n\n\n\n<p>Le chlorothalonil est un fongicide, c&rsquo;est-\u00e0-dire un produit capable de tuer les champignons qui attaquent les plantes. Il est \u00e9galement tr\u00e8s persistant dans l&rsquo;environnement, ce qui a un impact n\u00e9gatif sur le milieu naturel. <\/p>\n\n\n\n<p>Certaines de ses caract\u00e9ristiques sont : stable \u00e0 toutes les temp\u00e9ratures, peu soluble, tr\u00e8s persistant dans l&rsquo;eau, immobile et non volatile).<\/p>\n\n\n\n<h3 class=\"wp-block-heading\"><strong>Quels en sont les effets n\u00e9gatifs ?<\/strong><\/h3>\n\n\n\n<p>Comme mentionn\u00e9 ci-dessus, ce fongicide a \u00e9t\u00e9 retrouv\u00e9 dans des sources d&rsquo;eau potable destin\u00e9es \u00e0 la consommation humaine. En effet, le chlorothalonil pr\u00e9sente des caract\u00e9ristiques de toxicit\u00e9 pour les organismes aquatiques, les oiseaux, les abeilles et les vers de terre. La possibilit\u00e9 de bioaccumulation chez les mammif\u00e8res (c&rsquo;est-\u00e0-dire que les mol\u00e9cules du fongicide s&rsquo;accumulent dans le corps des animaux au point de leur nuire) est \u00e9galement pr\u00e9occupante. En outre, ce fongicide est reconnu comme hautement toxique et agressif pour les poissons et les amphibiens. <\/p>\n\n\n\n<p>Qu&rsquo;en est-il de la sant\u00e9 humaine ? Le chlorothalonil a \u00e9galement des effets sur l&rsquo;homme. En effet, il est probablement canc\u00e9rig\u00e8ne pour l&rsquo;homme, peut \u00eatre un perturbateur endocrinien et provoquer des anomalies de d\u00e9veloppement chez les embryons. <\/p>\n\n\n\n<p>En fait, l&rsquo;Agricultural &amp; Environmental Research Unit a r\u00e9alis\u00e9 une compilation sp\u00e9cifique des pr\u00e9occupations et des probl\u00e8mes de sant\u00e9 caus\u00e9s par le chlorothalonil, qui peut \u00eatre simplifi\u00e9e comme suit : <\/p>\n\n\n\n<p>Le chlorothalonil est une source d&rsquo;inqui\u00e9tude pour<\/p>\n\n\n\n<ul class=\"wp-block-list\">\n<li>la possibilit\u00e9 d&rsquo;\u00eatre canc\u00e9rig\u00e8ne<\/li>\n\n\n\n<li>la possibilit\u00e9 d&rsquo;\u00eatre un perturbateur endocrinien<\/li>\n\n\n\n<li>avoir des effets sur la reproduction et le d\u00e9veloppement<\/li>\n\n\n\n<li>irriter les voies respiratoires<\/li>\n\n\n\n<li>\u00eatre un irritant pour les yeux <\/li>\n\n\n\n<li>\u00eatre un irritant pour la peau<\/li>\n\n\n\n<li>\u00eatre un sensibilisateur cutan\u00e9 <\/li>\n<\/ul>\n\n\n\n<h3 class=\"wp-block-heading\"><strong>Le chlorothalonil dans l&rsquo;Union europ\u00e9enne et en Suisse<\/strong><\/h3>\n\n\n\n<p>Ce fongicide a \u00e9t\u00e9 r\u00e9cemment interdit dans l&rsquo;Union europ\u00e9enne, pr\u00e9cis\u00e9ment en raison de sa toxicit\u00e9, de son potentiel canc\u00e9rig\u00e8ne et de sa capacit\u00e9 \u00e0 contaminer les sources d&rsquo;eau souterraine. En outre, la Suisse a class\u00e9 le chlorothalonil comme canc\u00e9rog\u00e8ne de type 1B (c&rsquo;est-\u00e0-dire qu&rsquo;il est susceptible d&rsquo;\u00eatre canc\u00e9rog\u00e8ne pour les humains). <\/p>\n\n\n\n<p>M\u00eame avec ces mesures, on s&rsquo;attend \u00e0 ce que les petites particules de chlorothalonil continuent \u00e0 repr\u00e9senter un danger pour l&rsquo;eau potable en Europe en raison de leur persistance dans l&rsquo;environnement. De m\u00eame, en Suisse, des tentatives ont \u00e9t\u00e9 faites pour assainir l&rsquo;eau contamin\u00e9e par le fongicide et ses particules, mais elles n&rsquo;ont pas \u00e9t\u00e9 correctement \u00e9valu\u00e9es. <\/p>\n\n\n\n<h3 class=\"wp-block-heading\"><strong>Pourquoi le chlorothalonil est-il utilis\u00e9 au Costa Rica ?<\/strong><\/h3>\n\n\n\n<p>Si le chlorothalonil est si toxique pour les esp\u00e8ces et s&rsquo;il a \u00e9t\u00e9 interdit dans l&rsquo;UE, pourquoi est-il encore utilis\u00e9 au Costa Rica ?<\/p>\n\n\n\n<p>L&rsquo;utilisation de produits agrochimiques dans le pays est l&rsquo;un des probl\u00e8mes nationaux les plus importants, d&rsquo;autant plus que le Costa Rica se peint en vert. <\/p>\n\n\n\n<p>En r\u00e9alit\u00e9, selon les donn\u00e9es de l&rsquo;Institut des ressources mondiales, le Costa Rica est le plus grand consommateur de produits agrochimiques au monde. En outre, selon l&rsquo;Organisation de coop\u00e9ration et de d\u00e9veloppement \u00e9conomiques (OCDE), le pays utilise une vingtaine de pesticides parmi les plus dangereux au monde. <\/p>\n\n\n\n<h3 class=\"wp-block-heading\"><strong>L&rsquo;agriculture : un r\u00f4le important<\/strong><\/h3>\n\n\n<div class=\"wp-block-image\">\n<figure class=\"alignright size-large is-resized\"><img loading=\"lazy\" decoding=\"async\" src=\"https:\/\/www.sensorialsunsets.com\/wp-content\/uploads\/2023\/06\/chad-stembridge-V2bG_Z_IpN0-unsplash-681x1024.jpg\" alt=\"\" class=\"wp-image-8042\" width=\"376\" height=\"565\" srcset=\"https:\/\/www.sensorialsunsets.com\/wp-content\/uploads\/2023\/06\/chad-stembridge-V2bG_Z_IpN0-unsplash-681x1024.jpg 681w, https:\/\/www.sensorialsunsets.com\/wp-content\/uploads\/2023\/06\/chad-stembridge-V2bG_Z_IpN0-unsplash-199x300.jpg 199w, https:\/\/www.sensorialsunsets.com\/wp-content\/uploads\/2023\/06\/chad-stembridge-V2bG_Z_IpN0-unsplash-768x1155.jpg 768w, https:\/\/www.sensorialsunsets.com\/wp-content\/uploads\/2023\/06\/chad-stembridge-V2bG_Z_IpN0-unsplash-1021x1536.jpg 1021w, https:\/\/www.sensorialsunsets.com\/wp-content\/uploads\/2023\/06\/chad-stembridge-V2bG_Z_IpN0-unsplash-1362x2048.jpg 1362w, https:\/\/www.sensorialsunsets.com\/wp-content\/uploads\/2023\/06\/chad-stembridge-V2bG_Z_IpN0-unsplash-1320x1985.jpg 1320w, https:\/\/www.sensorialsunsets.com\/wp-content\/uploads\/2023\/06\/chad-stembridge-V2bG_Z_IpN0-unsplash-scaled.jpg 1702w\" sizes=\"auto, (max-width: 376px) 100vw, 376px\" \/><\/figure>\n<\/div>\n\n\n<p>Pourquoi ? Tout d&rsquo;abord, il convient de rappeler que l&rsquo;agriculture est l&rsquo;un des secteurs les plus importants pour le Costa Rica depuis l&rsquo;\u00e9poque coloniale. La culture du caf\u00e9, des bananes, des ananas et de la canne \u00e0 sucre rev\u00eat une grande importance pour le pays, car ils sont consid\u00e9r\u00e9s comme faisant partie du panier alimentaire de base et sont \u00e9galement export\u00e9s vers d&rsquo;autres pays (en particulier les ananas et les bananes). En fait, la World Integrated Trade Solution a class\u00e9 les ananas et les bananes parmi les cinq principaux produits d&rsquo;exportation du Costa Rica en 2020. <\/p>\n\n\n\n<p>Ainsi, l&rsquo;agriculture \u00e9tant tr\u00e8s importante dans le pays, ces cultures doivent \u00eatre prot\u00e9g\u00e9es contre les nuisibles (insectes, plantes et champignons) et c&rsquo;est l\u00e0 que les produits agrochimiques entrent en jeu. On peut d\u00e9duire de l&rsquo;attitude de ces entreprises de production que la vente vaut plus que l&rsquo;environnement dans lequel vivent les hommes et les esp\u00e8ces animales. <\/p>\n\n\n\n<p>En effet, l&rsquo;une des derni\u00e8res controverses concernait des melons contamin\u00e9s par le chlorothalonil dans des proportions d\u00e9passant 7 fois la limite fix\u00e9e par l&rsquo;Union europ\u00e9enne. Ces melons ont \u00e9t\u00e9 export\u00e9s vers l&rsquo;Europe et ont alert\u00e9 le gouvernement allemand, qui a mis en garde ses habitants contre les risques de cancer li\u00e9s \u00e0 la consommation de ces fruits. <\/p>\n\n\n\n<h3 class=\"wp-block-heading\"><strong>Existe-t-il des politiques environnementales en la mati\u00e8re ?<\/strong><\/h3>\n\n\n\n<p>\u00c0 la suite de ces situations, le minist\u00e8re de l&rsquo;environnement et de l&rsquo;\u00e9nergie (MINAE), le minist\u00e8re de la sant\u00e9 et le minist\u00e8re des aqueducs et des \u00e9gouts (AyA) ont recommand\u00e9, par le biais d&rsquo;un <a href=\"https:\/\/anep.cr\/wp-content\/uploads\/2023\/05\/Informe-conjunto-CLOROTALONIL-2023.pdf\" target=\"_blank\" rel=\"noreferrer noopener\">rapport technique<\/a>, d&rsquo;interdire l&rsquo;utilisation du chlorothalonil au Costa Rica. <\/p>\n\n\n\n<p>Ce rapport demande davantage de mesures de s\u00e9curit\u00e9 dans le secteur agricole : moins d&rsquo;exposition des travailleurs \u00e0 des produits nocifs pour la sant\u00e9 et plus de protection de l&rsquo;environnement et de la sant\u00e9 de la population. <\/p>\n\n\n\n<p>Depuis 2017, il est question d&rsquo;un nouveau syst\u00e8me gouvernemental qui faciliterait l&rsquo;enregistrement des produits agrochimiques arrivant ou utilis\u00e9s dans le pays. <\/p>\n\n\n\n<p>Pourtant, nous sommes en 2023 et ce genre de choses se produit encore. L&rsquo;\u00c9tat est-il donc r\u00e9ellement dispos\u00e9 \u00e0 prendre des mesures pour prot\u00e9ger l&rsquo;environnement, l&rsquo;eau et ses habitants ?<\/p>\n\n\n\n<p><strong>Sensorial Sunsets<\/strong><\/p>\n","protected":false},"excerpt":{"rendered":"<p>Quelle est la situation des produits agrochimiques au Costa Rica et quelle est la raison de leur utilisation ? D\u00e9couvrez-le dans cet article. En mars dernier, une nouvelle source d&rsquo;eau contamin\u00e9e par des produits agrochimiques a \u00e9t\u00e9 d\u00e9couverte. Cette analyse a \u00e9t\u00e9 r\u00e9alis\u00e9e par le Institut r\u00e9gional d&rsquo;\u00e9tudes sur les substances toxiques de l&rsquo;Universit\u00e9 nationale, [&hellip;]<\/p>\n","protected":false},"author":4,"featured_media":8035,"comment_status":"closed","ping_status":"closed","sticky":false,"template":"","format":"standard","meta":{"_acf_changed":false,"inline_featured_image":false,"_monsterinsights_skip_tracking":false,"_monsterinsights_sitenote_active":false,"_monsterinsights_sitenote_note":"","_monsterinsights_sitenote_category":0,"footnotes":""},"categories":[1],"tags":[],"class_list":["post-8068","post","type-post","status-publish","format-standard","has-post-thumbnail","hentry","category-non-classifiee"],"acf":[],"yoast_head":"<!-- This site is optimized with the Yoast SEO plugin v27.4 - https:\/\/yoast.com\/product\/yoast-seo-wordpress\/ -->\n<title>La probl\u00e9matique des produits agrochimiques au Costa Rica<\/title>\n<meta name=\"description\" content=\"Quelle est la situation des produits agrochimiques au Costa Rica et quelle est la raison de leur utilisation ? D\u00e9couvrez-le dans cet article.\" \/>\n<meta name=\"robots\" content=\"index, follow, max-snippet:-1, max-image-preview:large, max-video-preview:-1\" \/>\n<link rel=\"canonical\" href=\"https:\/\/www.sensorialsunsets.com\/fr\/la-problematique-des-produits-agrochimiques-au-costa-rica\/\" \/>\n<meta property=\"og:locale\" content=\"fr_FR\" \/>\n<meta property=\"og:type\" content=\"article\" \/>\n<meta property=\"og:title\" content=\"La probl\u00e9matique des produits agrochimiques au Costa Rica\" \/>\n<meta property=\"og:description\" content=\"Quelle est la situation des produits agrochimiques au Costa Rica et quelle est la raison de leur utilisation ? D\u00e9couvrez-le dans cet article.\" \/>\n<meta property=\"og:url\" content=\"https:\/\/www.sensorialsunsets.com\/fr\/la-problematique-des-produits-agrochimiques-au-costa-rica\/\" \/>\n<meta property=\"og:site_name\" content=\"SensorialSunsets\" \/>\n<meta property=\"article:publisher\" content=\"https:\/\/www.facebook.com\/Sensorial-Sunsets-109180614715562\" \/>\n<meta property=\"article:published_time\" content=\"2023-06-15T15:18:03+00:00\" \/>\n<meta property=\"article:modified_time\" content=\"2023-06-15T15:18:23+00:00\" \/>\n<meta property=\"og:image\" content=\"https:\/\/www.sensorialsunsets.com\/wp-content\/uploads\/2023\/06\/agroquimicos.jpg\" \/>\n\t<meta property=\"og:image:width\" content=\"612\" \/>\n\t<meta property=\"og:image:height\" content=\"408\" \/>\n\t<meta property=\"og:image:type\" content=\"image\/jpeg\" \/>\n<meta name=\"author\" content=\"Sensorial Sunsets\" \/>\n<meta name=\"twitter:card\" content=\"summary_large_image\" \/>\n<meta name=\"twitter:label1\" content=\"\u00c9crit par\" \/>\n\t<meta name=\"twitter:data1\" content=\"Sensorial Sunsets\" \/>\n\t<meta name=\"twitter:label2\" content=\"Dur\u00e9e de lecture estim\u00e9e\" \/>\n\t<meta name=\"twitter:data2\" content=\"5 minutes\" \/>\n<script type=\"application\/ld+json\" class=\"yoast-schema-graph\">{\"@context\":\"https:\\\/\\\/schema.org\",\"@graph\":[{\"@type\":\"Article\",\"@id\":\"https:\\\/\\\/www.sensorialsunsets.com\\\/fr\\\/la-problematique-des-produits-agrochimiques-au-costa-rica\\\/#article\",\"isPartOf\":{\"@id\":\"https:\\\/\\\/www.sensorialsunsets.com\\\/fr\\\/la-problematique-des-produits-agrochimiques-au-costa-rica\\\/\"},\"author\":{\"name\":\"Sensorial Sunsets\",\"@id\":\"https:\\\/\\\/www.sensorialsunsets.com\\\/fr\\\/#\\\/schema\\\/person\\\/77e2fa594135aa94024c47e281d8a94d\"},\"headline\":\"La probl\u00e9matique des produits agrochimiques au Costa Rica\",\"datePublished\":\"2023-06-15T15:18:03+00:00\",\"dateModified\":\"2023-06-15T15:18:23+00:00\",\"mainEntityOfPage\":{\"@id\":\"https:\\\/\\\/www.sensorialsunsets.com\\\/fr\\\/la-problematique-des-produits-agrochimiques-au-costa-rica\\\/\"},\"wordCount\":1120,\"publisher\":{\"@id\":\"https:\\\/\\\/www.sensorialsunsets.com\\\/fr\\\/#organization\"},\"image\":{\"@id\":\"https:\\\/\\\/www.sensorialsunsets.com\\\/fr\\\/la-problematique-des-produits-agrochimiques-au-costa-rica\\\/#primaryimage\"},\"thumbnailUrl\":\"https:\\\/\\\/www.sensorialsunsets.com\\\/wp-content\\\/uploads\\\/2023\\\/06\\\/agroquimicos.jpg\",\"articleSection\":[\"Non classifi\u00e9(e)\"],\"inLanguage\":\"fr-FR\"},{\"@type\":\"WebPage\",\"@id\":\"https:\\\/\\\/www.sensorialsunsets.com\\\/fr\\\/la-problematique-des-produits-agrochimiques-au-costa-rica\\\/\",\"url\":\"https:\\\/\\\/www.sensorialsunsets.com\\\/fr\\\/la-problematique-des-produits-agrochimiques-au-costa-rica\\\/\",\"name\":\"La probl\u00e9matique des produits agrochimiques au Costa Rica\",\"isPartOf\":{\"@id\":\"https:\\\/\\\/www.sensorialsunsets.com\\\/fr\\\/#website\"},\"primaryImageOfPage\":{\"@id\":\"https:\\\/\\\/www.sensorialsunsets.com\\\/fr\\\/la-problematique-des-produits-agrochimiques-au-costa-rica\\\/#primaryimage\"},\"image\":{\"@id\":\"https:\\\/\\\/www.sensorialsunsets.com\\\/fr\\\/la-problematique-des-produits-agrochimiques-au-costa-rica\\\/#primaryimage\"},\"thumbnailUrl\":\"https:\\\/\\\/www.sensorialsunsets.com\\\/wp-content\\\/uploads\\\/2023\\\/06\\\/agroquimicos.jpg\",\"datePublished\":\"2023-06-15T15:18:03+00:00\",\"dateModified\":\"2023-06-15T15:18:23+00:00\",\"description\":\"Quelle est la situation des produits agrochimiques au Costa Rica et quelle est la raison de leur utilisation ? D\u00e9couvrez-le dans cet article.\",\"inLanguage\":\"fr-FR\",\"potentialAction\":[{\"@type\":\"ReadAction\",\"target\":[\"https:\\\/\\\/www.sensorialsunsets.com\\\/fr\\\/la-problematique-des-produits-agrochimiques-au-costa-rica\\\/\"]}]},{\"@type\":\"ImageObject\",\"inLanguage\":\"fr-FR\",\"@id\":\"https:\\\/\\\/www.sensorialsunsets.com\\\/fr\\\/la-problematique-des-produits-agrochimiques-au-costa-rica\\\/#primaryimage\",\"url\":\"https:\\\/\\\/www.sensorialsunsets.com\\\/wp-content\\\/uploads\\\/2023\\\/06\\\/agroquimicos.jpg\",\"contentUrl\":\"https:\\\/\\\/www.sensorialsunsets.com\\\/wp-content\\\/uploads\\\/2023\\\/06\\\/agroquimicos.jpg\",\"width\":612,\"height\":408,\"caption\":\"Agricultural worker takes care of his estate\"},{\"@type\":\"WebSite\",\"@id\":\"https:\\\/\\\/www.sensorialsunsets.com\\\/fr\\\/#website\",\"url\":\"https:\\\/\\\/www.sensorialsunsets.com\\\/fr\\\/\",\"name\":\"SensorialSunsets.com\",\"description\":\"D\u00e9couvrez la culture et la soci\u00e9t\u00e9 du Costa Rica sur notre blog. Explorez des articles captivants et partagez le contenu.\",\"publisher\":{\"@id\":\"https:\\\/\\\/www.sensorialsunsets.com\\\/fr\\\/#organization\"},\"alternateName\":\"Costa Rica Live Blog\",\"potentialAction\":[{\"@type\":\"SearchAction\",\"target\":{\"@type\":\"EntryPoint\",\"urlTemplate\":\"https:\\\/\\\/www.sensorialsunsets.com\\\/fr\\\/?s={search_term_string}\"},\"query-input\":{\"@type\":\"PropertyValueSpecification\",\"valueRequired\":true,\"valueName\":\"search_term_string\"}}],\"inLanguage\":\"fr-FR\"},{\"@type\":\"Organization\",\"@id\":\"https:\\\/\\\/www.sensorialsunsets.com\\\/fr\\\/#organization\",\"name\":\"SensorialSunsets\",\"url\":\"https:\\\/\\\/www.sensorialsunsets.com\\\/fr\\\/\",\"logo\":{\"@type\":\"ImageObject\",\"inLanguage\":\"fr-FR\",\"@id\":\"https:\\\/\\\/www.sensorialsunsets.com\\\/fr\\\/#\\\/schema\\\/logo\\\/image\\\/\",\"url\":\"https:\\\/\\\/www.sensorialsunsets.com\\\/wp-content\\\/uploads\\\/2023\\\/04\\\/Logo_base_line_fond_clair.svg\",\"contentUrl\":\"https:\\\/\\\/www.sensorialsunsets.com\\\/wp-content\\\/uploads\\\/2023\\\/04\\\/Logo_base_line_fond_clair.svg\",\"width\":\"1024\",\"height\":\"1024\",\"caption\":\"SensorialSunsets\"},\"image\":{\"@id\":\"https:\\\/\\\/www.sensorialsunsets.com\\\/fr\\\/#\\\/schema\\\/logo\\\/image\\\/\"},\"sameAs\":[\"https:\\\/\\\/www.facebook.com\\\/Sensorial-Sunsets-109180614715562\",\"https:\\\/\\\/www.instagram.com\\\/sensorialsunsets\\\/\"]},{\"@type\":\"Person\",\"@id\":\"https:\\\/\\\/www.sensorialsunsets.com\\\/fr\\\/#\\\/schema\\\/person\\\/77e2fa594135aa94024c47e281d8a94d\",\"name\":\"Sensorial Sunsets\",\"image\":{\"@type\":\"ImageObject\",\"inLanguage\":\"fr-FR\",\"@id\":\"https:\\\/\\\/secure.gravatar.com\\\/avatar\\\/5f2d62681b1dad94c28f1500d4fc75582acdfd32b55fd1acce0a36a3c487eabe?s=96&d=mm&r=g\",\"url\":\"https:\\\/\\\/secure.gravatar.com\\\/avatar\\\/5f2d62681b1dad94c28f1500d4fc75582acdfd32b55fd1acce0a36a3c487eabe?s=96&d=mm&r=g\",\"contentUrl\":\"https:\\\/\\\/secure.gravatar.com\\\/avatar\\\/5f2d62681b1dad94c28f1500d4fc75582acdfd32b55fd1acce0a36a3c487eabe?s=96&d=mm&r=g\",\"caption\":\"Sensorial Sunsets\"},\"url\":\"https:\\\/\\\/www.sensorialsunsets.com\\\/fr\\\/author\\\/asistentes-sensorial-sunsets\\\/\"}]}<\/script>\n<!-- \/ Yoast SEO plugin. -->","yoast_head_json":{"title":"La probl\u00e9matique des produits agrochimiques au Costa Rica","description":"Quelle est la situation des produits agrochimiques au Costa Rica et quelle est la raison de leur utilisation ? D\u00e9couvrez-le dans cet article.","robots":{"index":"index","follow":"follow","max-snippet":"max-snippet:-1","max-image-preview":"max-image-preview:large","max-video-preview":"max-video-preview:-1"},"canonical":"https:\/\/www.sensorialsunsets.com\/fr\/la-problematique-des-produits-agrochimiques-au-costa-rica\/","og_locale":"fr_FR","og_type":"article","og_title":"La probl\u00e9matique des produits agrochimiques au Costa Rica","og_description":"Quelle est la situation des produits agrochimiques au Costa Rica et quelle est la raison de leur utilisation ? D\u00e9couvrez-le dans cet article.","og_url":"https:\/\/www.sensorialsunsets.com\/fr\/la-problematique-des-produits-agrochimiques-au-costa-rica\/","og_site_name":"SensorialSunsets","article_publisher":"https:\/\/www.facebook.com\/Sensorial-Sunsets-109180614715562","article_published_time":"2023-06-15T15:18:03+00:00","article_modified_time":"2023-06-15T15:18:23+00:00","og_image":[{"width":612,"height":408,"url":"https:\/\/www.sensorialsunsets.com\/wp-content\/uploads\/2023\/06\/agroquimicos.jpg","type":"image\/jpeg"}],"author":"Sensorial Sunsets","twitter_card":"summary_large_image","twitter_misc":{"\u00c9crit par":"Sensorial Sunsets","Dur\u00e9e de lecture estim\u00e9e":"5 minutes"},"schema":{"@context":"https:\/\/schema.org","@graph":[{"@type":"Article","@id":"https:\/\/www.sensorialsunsets.com\/fr\/la-problematique-des-produits-agrochimiques-au-costa-rica\/#article","isPartOf":{"@id":"https:\/\/www.sensorialsunsets.com\/fr\/la-problematique-des-produits-agrochimiques-au-costa-rica\/"},"author":{"name":"Sensorial Sunsets","@id":"https:\/\/www.sensorialsunsets.com\/fr\/#\/schema\/person\/77e2fa594135aa94024c47e281d8a94d"},"headline":"La probl\u00e9matique des produits agrochimiques au Costa Rica","datePublished":"2023-06-15T15:18:03+00:00","dateModified":"2023-06-15T15:18:23+00:00","mainEntityOfPage":{"@id":"https:\/\/www.sensorialsunsets.com\/fr\/la-problematique-des-produits-agrochimiques-au-costa-rica\/"},"wordCount":1120,"publisher":{"@id":"https:\/\/www.sensorialsunsets.com\/fr\/#organization"},"image":{"@id":"https:\/\/www.sensorialsunsets.com\/fr\/la-problematique-des-produits-agrochimiques-au-costa-rica\/#primaryimage"},"thumbnailUrl":"https:\/\/www.sensorialsunsets.com\/wp-content\/uploads\/2023\/06\/agroquimicos.jpg","articleSection":["Non classifi\u00e9(e)"],"inLanguage":"fr-FR"},{"@type":"WebPage","@id":"https:\/\/www.sensorialsunsets.com\/fr\/la-problematique-des-produits-agrochimiques-au-costa-rica\/","url":"https:\/\/www.sensorialsunsets.com\/fr\/la-problematique-des-produits-agrochimiques-au-costa-rica\/","name":"La probl\u00e9matique des produits agrochimiques au Costa Rica","isPartOf":{"@id":"https:\/\/www.sensorialsunsets.com\/fr\/#website"},"primaryImageOfPage":{"@id":"https:\/\/www.sensorialsunsets.com\/fr\/la-problematique-des-produits-agrochimiques-au-costa-rica\/#primaryimage"},"image":{"@id":"https:\/\/www.sensorialsunsets.com\/fr\/la-problematique-des-produits-agrochimiques-au-costa-rica\/#primaryimage"},"thumbnailUrl":"https:\/\/www.sensorialsunsets.com\/wp-content\/uploads\/2023\/06\/agroquimicos.jpg","datePublished":"2023-06-15T15:18:03+00:00","dateModified":"2023-06-15T15:18:23+00:00","description":"Quelle est la situation des produits agrochimiques au Costa Rica et quelle est la raison de leur utilisation ? D\u00e9couvrez-le dans cet article.","inLanguage":"fr-FR","potentialAction":[{"@type":"ReadAction","target":["https:\/\/www.sensorialsunsets.com\/fr\/la-problematique-des-produits-agrochimiques-au-costa-rica\/"]}]},{"@type":"ImageObject","inLanguage":"fr-FR","@id":"https:\/\/www.sensorialsunsets.com\/fr\/la-problematique-des-produits-agrochimiques-au-costa-rica\/#primaryimage","url":"https:\/\/www.sensorialsunsets.com\/wp-content\/uploads\/2023\/06\/agroquimicos.jpg","contentUrl":"https:\/\/www.sensorialsunsets.com\/wp-content\/uploads\/2023\/06\/agroquimicos.jpg","width":612,"height":408,"caption":"Agricultural worker takes care of his estate"},{"@type":"WebSite","@id":"https:\/\/www.sensorialsunsets.com\/fr\/#website","url":"https:\/\/www.sensorialsunsets.com\/fr\/","name":"SensorialSunsets.com","description":"D\u00e9couvrez la culture et la soci\u00e9t\u00e9 du Costa Rica sur notre blog. Explorez des articles captivants et partagez le contenu.","publisher":{"@id":"https:\/\/www.sensorialsunsets.com\/fr\/#organization"},"alternateName":"Costa Rica Live Blog","potentialAction":[{"@type":"SearchAction","target":{"@type":"EntryPoint","urlTemplate":"https:\/\/www.sensorialsunsets.com\/fr\/?s={search_term_string}"},"query-input":{"@type":"PropertyValueSpecification","valueRequired":true,"valueName":"search_term_string"}}],"inLanguage":"fr-FR"},{"@type":"Organization","@id":"https:\/\/www.sensorialsunsets.com\/fr\/#organization","name":"SensorialSunsets","url":"https:\/\/www.sensorialsunsets.com\/fr\/","logo":{"@type":"ImageObject","inLanguage":"fr-FR","@id":"https:\/\/www.sensorialsunsets.com\/fr\/#\/schema\/logo\/image\/","url":"https:\/\/www.sensorialsunsets.com\/wp-content\/uploads\/2023\/04\/Logo_base_line_fond_clair.svg","contentUrl":"https:\/\/www.sensorialsunsets.com\/wp-content\/uploads\/2023\/04\/Logo_base_line_fond_clair.svg","width":"1024","height":"1024","caption":"SensorialSunsets"},"image":{"@id":"https:\/\/www.sensorialsunsets.com\/fr\/#\/schema\/logo\/image\/"},"sameAs":["https:\/\/www.facebook.com\/Sensorial-Sunsets-109180614715562","https:\/\/www.instagram.com\/sensorialsunsets\/"]},{"@type":"Person","@id":"https:\/\/www.sensorialsunsets.com\/fr\/#\/schema\/person\/77e2fa594135aa94024c47e281d8a94d","name":"Sensorial Sunsets","image":{"@type":"ImageObject","inLanguage":"fr-FR","@id":"https:\/\/secure.gravatar.com\/avatar\/5f2d62681b1dad94c28f1500d4fc75582acdfd32b55fd1acce0a36a3c487eabe?s=96&d=mm&r=g","url":"https:\/\/secure.gravatar.com\/avatar\/5f2d62681b1dad94c28f1500d4fc75582acdfd32b55fd1acce0a36a3c487eabe?s=96&d=mm&r=g","contentUrl":"https:\/\/secure.gravatar.com\/avatar\/5f2d62681b1dad94c28f1500d4fc75582acdfd32b55fd1acce0a36a3c487eabe?s=96&d=mm&r=g","caption":"Sensorial Sunsets"},"url":"https:\/\/www.sensorialsunsets.com\/fr\/author\/asistentes-sensorial-sunsets\/"}]}},"_links":{"self":[{"href":"https:\/\/www.sensorialsunsets.com\/fr\/wp-json\/wp\/v2\/posts\/8068","targetHints":{"allow":["GET"]}}],"collection":[{"href":"https:\/\/www.sensorialsunsets.com\/fr\/wp-json\/wp\/v2\/posts"}],"about":[{"href":"https:\/\/www.sensorialsunsets.com\/fr\/wp-json\/wp\/v2\/types\/post"}],"author":[{"embeddable":true,"href":"https:\/\/www.sensorialsunsets.com\/fr\/wp-json\/wp\/v2\/users\/4"}],"replies":[{"embeddable":true,"href":"https:\/\/www.sensorialsunsets.com\/fr\/wp-json\/wp\/v2\/comments?post=8068"}],"version-history":[{"count":0,"href":"https:\/\/www.sensorialsunsets.com\/fr\/wp-json\/wp\/v2\/posts\/8068\/revisions"}],"wp:featuredmedia":[{"embeddable":true,"href":"https:\/\/www.sensorialsunsets.com\/fr\/wp-json\/wp\/v2\/media\/8035"}],"wp:attachment":[{"href":"https:\/\/www.sensorialsunsets.com\/fr\/wp-json\/wp\/v2\/media?parent=8068"}],"wp:term":[{"taxonomy":"category","embeddable":true,"href":"https:\/\/www.sensorialsunsets.com\/fr\/wp-json\/wp\/v2\/categories?post=8068"},{"taxonomy":"post_tag","embeddable":true,"href":"https:\/\/www.sensorialsunsets.com\/fr\/wp-json\/wp\/v2\/tags?post=8068"}],"curies":[{"name":"wp","href":"https:\/\/api.w.org\/{rel}","templated":true}]}}