{"id":8206,"date":"2023-06-21T15:31:19","date_gmt":"2023-06-21T21:31:19","guid":{"rendered":"https:\/\/www.sensorialsunsets.com\/?p=8206"},"modified":"2023-07-03T14:11:17","modified_gmt":"2023-07-03T20:11:17","slug":"ile-du-cano-un-tresor-naturel-et-archeologique-au-costa-rica","status":"publish","type":"post","link":"https:\/\/www.sensorialsunsets.com\/fr\/ile-du-cano-un-tresor-naturel-et-archeologique-au-costa-rica\/","title":{"rendered":"\u00cele du Ca\u00f1o : un tr\u00e9sor naturel et arch\u00e9ologique au Costa Rica"},"content":{"rendered":"\n<p>La r\u00e9serve biologique de l&rsquo;\u00eele du Ca\u00f1o est <a href=\"https:\/\/www.sensorialsunsets.com\/fr\/les-plus-beaux-endroits-du-costa-rica-a-visiter\/\">un endroit vraiment unique<\/a> dans le pays. En forme grossi\u00e8rement triangulaire, de 3 km de long sur 2 km de large, elle se compose de 320 hectares de terre et de 5 800 hectares de mer. On trouve dans ce tr\u00e9sor naturel l&rsquo;un des r\u00e9cifs coralliens les plus grands et les mieux pr\u00e9serv\u00e9s de la c\u00f4te pacifique du Costa Rica. <\/p>\n\n<h3 class=\"wp-block-heading\"><strong>R\u00e9serve biologique de l&rsquo;\u00eele du Ca\u00f1o<\/strong>.<\/h3>\n\n<p>Le territoire de la r\u00e9serve contient les vestiges de sph\u00e8res de pierre cr\u00e9\u00e9es par d&rsquo;anciennes civilisations indig\u00e8nes.<\/p>\n\n<blockquote class=\"wp-block-quote is-layout-flow wp-block-quote-is-layout-flow\">\n<p>Plusieurs groupes humains ont utilis\u00e9 l&rsquo;\u00eele de Ca\u00f1o. Entre 700 et 1500 av. J.-C., elle aurait \u00e9t\u00e9 utilis\u00e9e comme cimeti\u00e8re par les soci\u00e9t\u00e9s Chiriquis, ou comme r\u00e9sidence permanente par les Quepos ou les Bruncas.<\/p>\n<cite>MINAE et SINAC 1999<\/cite><\/blockquote>\n<div class=\"wp-block-image\">\n<figure class=\"alignleft size-full is-resized\"><img loading=\"lazy\" decoding=\"async\" src=\"https:\/\/www.sensorialsunsets.com\/wp-content\/uploads\/2023\/06\/isladelcano_arrecife.jpg\" alt=\"\" class=\"wp-image-8168\" width=\"442\" height=\"294\" srcset=\"https:\/\/www.sensorialsunsets.com\/wp-content\/uploads\/2023\/06\/isladelcano_arrecife.jpg 800w, https:\/\/www.sensorialsunsets.com\/wp-content\/uploads\/2023\/06\/isladelcano_arrecife-300x200.jpg 300w, https:\/\/www.sensorialsunsets.com\/wp-content\/uploads\/2023\/06\/isladelcano_arrecife-768x512.jpg 768w, https:\/\/www.sensorialsunsets.com\/wp-content\/uploads\/2023\/06\/isladelcano_arrecife-334x222.jpg 334w\" sizes=\"auto, (max-width: 442px) 100vw, 442px\" \/><\/figure>\n<\/div>\n<p>L&rsquo;\u00eele poss\u00e8de un plateau rocheux dens\u00e9ment bois\u00e9, d&rsquo;une centaine de m\u00e8tres de haut, travers\u00e9 par des ruisseaux permanents. Les plages de sable et de pierres qui la composent sont d\u00e9pourvues de mangroves. Quant aux hauts plateaux, ils sont recouverts de for\u00eat tropicale humide, et on y trouve \u00e9galement des zones de for\u00eats secondaires d&rsquo;\u00e2ges divers en raison des plantations de bananes et de quelques zones cultiv\u00e9es.<\/p>\n\n<h3 class=\"wp-block-heading\"><strong>La richesse naturelle<\/strong>.<\/h3>\n\n<p>La p\u00e9ninsule d&rsquo;Osa, et en particulier l&rsquo;\u00eele du Ca\u00f1o, est une importante zone de reproduction pour les baleines \u00e0 bosse, de sorte que l&rsquo;observation de ces majestueux c\u00e9tac\u00e9s est optimale dans ses environs. Tant la pente que la base du r\u00e9cif sont principalement domin\u00e9es par le corail lobe, l&rsquo;esp\u00e8ce la plus abondante sur l&rsquo;\u00eele. De plus, 11 esp\u00e8ces d&rsquo;octocoraux ont \u00e9t\u00e9 trouv\u00e9es dans la r\u00e9gion.<\/p>\n\n<p>En mati\u00e8re de faune marine, l&rsquo;\u00eele abrite une grande vari\u00e9t\u00e9 d&rsquo;esp\u00e8ces. Les mantas, les carangues, les thons, les dorades et les poissons de r\u00e9cif sont quelques-unes des esp\u00e8ces les plus courantes. Il est \u00e9galement possible d&rsquo;apercevoir des dauphins tachet\u00e9s et c&rsquo;est un bon endroit pour observer les requins \u00e0 pointe blanche.<\/p>\n\n<p><\/p>\n\n<hr class=\"wp-block-separator has-alpha-channel-opacity is-style-dots\"\/>\n<div class=\"wp-block-image\">\n<figure class=\"aligncenter size-large is-resized\"><a href=\"https:\/\/es.bestdeals2.com\/sleep\/costa-rica\/S1qWjBZry-hotel-cristal-ballena-uvita\"><img loading=\"lazy\" decoding=\"async\" src=\"https:\/\/www.sensorialsunsets.com\/wp-content\/uploads\/2023\/05\/13-1024x360.png\" alt=\"\" class=\"wp-image-7675\" width=\"366\" height=\"129\" srcset=\"https:\/\/www.sensorialsunsets.com\/wp-content\/uploads\/2023\/05\/13-1024x360.png 1024w, https:\/\/www.sensorialsunsets.com\/wp-content\/uploads\/2023\/05\/13-300x106.png 300w, https:\/\/www.sensorialsunsets.com\/wp-content\/uploads\/2023\/05\/13-768x270.png 768w, https:\/\/www.sensorialsunsets.com\/wp-content\/uploads\/2023\/05\/13-1536x540.png 1536w, https:\/\/www.sensorialsunsets.com\/wp-content\/uploads\/2023\/05\/13-2048x720.png 2048w, https:\/\/www.sensorialsunsets.com\/wp-content\/uploads\/2023\/05\/13-1320x464.png 1320w\" sizes=\"auto, (max-width: 366px) 100vw, 366px\" \/><\/a><\/figure>\n<\/div>\n<hr class=\"wp-block-separator has-alpha-channel-opacity is-style-dots\"\/>\n\n<p><\/p>\n<div class=\"wp-block-image\">\n<figure class=\"alignright size-full is-resized\"><img loading=\"lazy\" decoding=\"async\" src=\"https:\/\/www.sensorialsunsets.com\/wp-content\/uploads\/2023\/06\/fauna-isla-del-cano.jpeg.webp\" alt=\"\" class=\"wp-image-8171\" width=\"438\" height=\"292\" srcset=\"https:\/\/www.sensorialsunsets.com\/wp-content\/uploads\/2023\/06\/fauna-isla-del-cano.jpeg.webp 600w, https:\/\/www.sensorialsunsets.com\/wp-content\/uploads\/2023\/06\/fauna-isla-del-cano.jpeg-300x200.webp 300w, https:\/\/www.sensorialsunsets.com\/wp-content\/uploads\/2023\/06\/fauna-isla-del-cano.jpeg-334x222.webp 334w\" sizes=\"auto, (max-width: 438px) 100vw, 438px\" \/><\/figure>\n<\/div>\n<h3 class=\"wp-block-heading\"><strong>Offre touristique<\/strong>.<\/h3>\n\n<p>Non seulement l&rsquo;\u00eele du Ca\u00f1o et ses environs offrent des richesses naturelles, mais ils proposent \u00e9galement diverses attractions touristiques. Par exemple, l&rsquo;Acad\u00e9mie des arts et de la galerie d&rsquo;Osa est un espace d&rsquo;exposition et de vente de produits et d&rsquo;\u0153uvres d&rsquo;art, ainsi que d&rsquo;ateliers d&rsquo;art et d&rsquo;artisanat.<\/p>\n\n<p>De plus en plus de sites arch\u00e9ologiques ont \u00e9t\u00e9 d\u00e9couverts. Le site arch\u00e9ologique Finca 6, qui fait partie du projet \u00ab\u00a0Investigation et valorisation des sites arch\u00e9ologiques avec des sph\u00e8res pr\u00e9colombiennes, Delta del Diqu\u00eds, Sud-Est du Costa Rica\u00a0\u00bb g\u00e9r\u00e9 par le Mus\u00e9e national du Costa Rica, permet d&rsquo;explorer les \u00e9tablissements pr\u00e9colombiens avec des sph\u00e8res en pierre. <\/p>\n\n<p>\u00c0 cette occasion, tu pourras visiter Trapiche Don Carmen, une entreprise familiale qui propose une visite culturelle du processus artisanal de production de bonbons de canne \u00e0 sucre, \u00e0 l&rsquo;aide de b\u0153ufs, et la vente de produits tels que la tapa de dulce, les bonbons liquides et le sobao.<\/p>\n\n<p><\/p>\n\n<hr class=\"wp-block-separator has-alpha-channel-opacity is-style-dots\"\/>\n<div class=\"wp-block-image\">\n<figure class=\"aligncenter size-large is-resized\"><a href=\"https:\/\/es.bestdeals2.com\/do\/costa-rica\/pIu797tpi-los-tucanes-whale-watching-tour\"><img loading=\"lazy\" decoding=\"async\" src=\"https:\/\/www.sensorialsunsets.com\/wp-content\/uploads\/2023\/05\/13-1024x360.png\" alt=\"\" class=\"wp-image-7675\" width=\"348\" height=\"122\" srcset=\"https:\/\/www.sensorialsunsets.com\/wp-content\/uploads\/2023\/05\/13-1024x360.png 1024w, https:\/\/www.sensorialsunsets.com\/wp-content\/uploads\/2023\/05\/13-300x106.png 300w, https:\/\/www.sensorialsunsets.com\/wp-content\/uploads\/2023\/05\/13-768x270.png 768w, https:\/\/www.sensorialsunsets.com\/wp-content\/uploads\/2023\/05\/13-1536x540.png 1536w, https:\/\/www.sensorialsunsets.com\/wp-content\/uploads\/2023\/05\/13-2048x720.png 2048w, https:\/\/www.sensorialsunsets.com\/wp-content\/uploads\/2023\/05\/13-1320x464.png 1320w\" sizes=\"auto, (max-width: 348px) 100vw, 348px\" \/><\/a><\/figure>\n<\/div>\n<hr class=\"wp-block-separator has-alpha-channel-opacity is-style-dots\"\/>\n\n<p><\/p>\n<div class=\"wp-block-image\">\n<figure class=\"alignleft size-large is-resized\"><img loading=\"lazy\" decoding=\"async\" src=\"https:\/\/www.sensorialsunsets.com\/wp-content\/uploads\/2023\/06\/VENTANASPLAYA1-1024x768.jpg\" alt=\"\" class=\"wp-image-8174\" width=\"438\" height=\"329\" srcset=\"https:\/\/www.sensorialsunsets.com\/wp-content\/uploads\/2023\/06\/VENTANASPLAYA1-1024x768.jpg 1024w, https:\/\/www.sensorialsunsets.com\/wp-content\/uploads\/2023\/06\/VENTANASPLAYA1-300x225.jpg 300w, https:\/\/www.sensorialsunsets.com\/wp-content\/uploads\/2023\/06\/VENTANASPLAYA1-768x576.jpg 768w, https:\/\/www.sensorialsunsets.com\/wp-content\/uploads\/2023\/06\/VENTANASPLAYA1.jpg 1200w\" sizes=\"auto, (max-width: 438px) 100vw, 438px\" \/><\/figure>\n<\/div>\n<h3 class=\"wp-block-heading\"><strong>Des destinations naturelles charmantes<\/strong>.<\/h3>\n\n<p>Chez Playa Ventanas, \u00e0 Ojochal, la plage est petite mais tr\u00e8s belle, avec des grottes visibles \u00e0 mar\u00e9e basse. Les rivi\u00e8res Sierpe et Grande de Terraba offrent la possibilit\u00e9 d&rsquo;explorer les zones humides, les mangroves et les for\u00eats, tandis que la lagune de Sierpe est une destination naturelle \u00e9tonnante et peu connue. <\/p>\n\n<p>De son c\u00f4t\u00e9, la zone humide nationale de T\u00e9rraba-Sierpe est la plus grande zone humide du Costa Rica et abrite une riche biodiversit\u00e9. En dernier lieu, la r\u00e9serve foresti\u00e8re de Golfo Dulce, partag\u00e9e avec Golfito, est une zone prot\u00e9g\u00e9e remarqu\u00e9e pour sa for\u00eat tropicale basale et ses for\u00eats de nuages, ainsi que pour ses lagunes de Chocuaco et de Sierpe.<\/p>\n\n<p><strong>Sensorial Sunsets<\/strong><\/p>\n","protected":false},"excerpt":{"rendered":"<p>La r\u00e9serve biologique de l&rsquo;\u00eele du Ca\u00f1o est un endroit vraiment unique dans le pays. En forme grossi\u00e8rement triangulaire, de 3 km de long sur 2 km de large, elle se compose de 320 hectares de terre et de 5 800 hectares de mer. On trouve dans ce tr\u00e9sor naturel l&rsquo;un des r\u00e9cifs coralliens les [&hellip;]<\/p>\n","protected":false},"author":4,"featured_media":8199,"comment_status":"closed","ping_status":"closed","sticky":false,"template":"","format":"standard","meta":{"_acf_changed":false,"inline_featured_image":false,"_monsterinsights_skip_tracking":false,"_monsterinsights_sitenote_active":false,"_monsterinsights_sitenote_note":"","_monsterinsights_sitenote_category":0,"footnotes":""},"categories":[113,168],"tags":[],"class_list":["post-8206","post","type-post","status-publish","format-standard","has-post-thumbnail","hentry","category-tourisme-fr","category-actualites"],"acf":[],"yoast_head":"<!-- This site is optimized with the Yoast SEO plugin v27.4 - https:\/\/yoast.com\/product\/yoast-seo-wordpress\/ -->\n<title>\u00cele du Ca\u00f1o : un tr\u00e9sor naturel et arch\u00e9ologique au Costa Rica<\/title>\n<meta name=\"description\" content=\"D\u00e9couvre la r\u00e9serve biologique de l&#039;\u00eele du Ca\u00f1o au Costa Rica, une destination unique avec de vastes r\u00e9cifs coralliens et d&#039;anciens vestiges arch\u00e9ologiques.\" \/>\n<meta name=\"robots\" content=\"index, follow, max-snippet:-1, max-image-preview:large, max-video-preview:-1\" \/>\n<link rel=\"canonical\" href=\"https:\/\/www.sensorialsunsets.com\/fr\/ile-du-cano-un-tresor-naturel-et-archeologique-au-costa-rica\/\" \/>\n<meta property=\"og:locale\" content=\"fr_FR\" \/>\n<meta property=\"og:type\" content=\"article\" \/>\n<meta property=\"og:title\" content=\"\u00cele du Ca\u00f1o : un tr\u00e9sor naturel et arch\u00e9ologique au Costa Rica\" \/>\n<meta property=\"og:description\" content=\"D\u00e9couvre la r\u00e9serve biologique de l&#039;\u00eele du Ca\u00f1o au Costa Rica, une destination unique avec de vastes r\u00e9cifs coralliens et d&#039;anciens vestiges arch\u00e9ologiques.\" \/>\n<meta property=\"og:url\" content=\"https:\/\/www.sensorialsunsets.com\/fr\/ile-du-cano-un-tresor-naturel-et-archeologique-au-costa-rica\/\" \/>\n<meta property=\"og:site_name\" content=\"SensorialSunsets\" \/>\n<meta property=\"article:publisher\" content=\"https:\/\/www.facebook.com\/Sensorial-Sunsets-109180614715562\" \/>\n<meta property=\"article:published_time\" content=\"2023-06-21T21:31:19+00:00\" \/>\n<meta property=\"article:modified_time\" content=\"2023-07-03T20:11:17+00:00\" \/>\n<meta property=\"og:image\" content=\"https:\/\/www.sensorialsunsets.com\/wp-content\/uploads\/2023\/06\/Isla-del-Cano-1-820x549-1.jpg\" \/>\n\t<meta property=\"og:image:width\" content=\"820\" \/>\n\t<meta property=\"og:image:height\" content=\"549\" \/>\n\t<meta property=\"og:image:type\" content=\"image\/jpeg\" \/>\n<meta name=\"author\" content=\"Sensorial Sunsets\" \/>\n<meta name=\"twitter:card\" content=\"summary_large_image\" \/>\n<meta name=\"twitter:label1\" content=\"\u00c9crit par\" \/>\n\t<meta name=\"twitter:data1\" content=\"Sensorial Sunsets\" \/>\n\t<meta name=\"twitter:label2\" content=\"Dur\u00e9e de lecture estim\u00e9e\" \/>\n\t<meta name=\"twitter:data2\" content=\"3 minutes\" \/>\n<script type=\"application\/ld+json\" class=\"yoast-schema-graph\">{\"@context\":\"https:\\\/\\\/schema.org\",\"@graph\":[{\"@type\":\"Article\",\"@id\":\"https:\\\/\\\/www.sensorialsunsets.com\\\/fr\\\/ile-du-cano-un-tresor-naturel-et-archeologique-au-costa-rica\\\/#article\",\"isPartOf\":{\"@id\":\"https:\\\/\\\/www.sensorialsunsets.com\\\/fr\\\/ile-du-cano-un-tresor-naturel-et-archeologique-au-costa-rica\\\/\"},\"author\":{\"name\":\"Sensorial Sunsets\",\"@id\":\"https:\\\/\\\/www.sensorialsunsets.com\\\/fr\\\/#\\\/schema\\\/person\\\/77e2fa594135aa94024c47e281d8a94d\"},\"headline\":\"\u00cele du Ca\u00f1o : un tr\u00e9sor naturel et arch\u00e9ologique au Costa Rica\",\"datePublished\":\"2023-06-21T21:31:19+00:00\",\"dateModified\":\"2023-07-03T20:11:17+00:00\",\"mainEntityOfPage\":{\"@id\":\"https:\\\/\\\/www.sensorialsunsets.com\\\/fr\\\/ile-du-cano-un-tresor-naturel-et-archeologique-au-costa-rica\\\/\"},\"wordCount\":684,\"publisher\":{\"@id\":\"https:\\\/\\\/www.sensorialsunsets.com\\\/fr\\\/#organization\"},\"image\":{\"@id\":\"https:\\\/\\\/www.sensorialsunsets.com\\\/fr\\\/ile-du-cano-un-tresor-naturel-et-archeologique-au-costa-rica\\\/#primaryimage\"},\"thumbnailUrl\":\"https:\\\/\\\/www.sensorialsunsets.com\\\/wp-content\\\/uploads\\\/2023\\\/06\\\/Isla-del-Cano-1-820x549-1.jpg\",\"articleSection\":[\"Tourisme\",\"Vivez le Costa Rica\"],\"inLanguage\":\"fr-FR\"},{\"@type\":\"WebPage\",\"@id\":\"https:\\\/\\\/www.sensorialsunsets.com\\\/fr\\\/ile-du-cano-un-tresor-naturel-et-archeologique-au-costa-rica\\\/\",\"url\":\"https:\\\/\\\/www.sensorialsunsets.com\\\/fr\\\/ile-du-cano-un-tresor-naturel-et-archeologique-au-costa-rica\\\/\",\"name\":\"\u00cele du Ca\u00f1o : un tr\u00e9sor naturel et arch\u00e9ologique au Costa Rica\",\"isPartOf\":{\"@id\":\"https:\\\/\\\/www.sensorialsunsets.com\\\/fr\\\/#website\"},\"primaryImageOfPage\":{\"@id\":\"https:\\\/\\\/www.sensorialsunsets.com\\\/fr\\\/ile-du-cano-un-tresor-naturel-et-archeologique-au-costa-rica\\\/#primaryimage\"},\"image\":{\"@id\":\"https:\\\/\\\/www.sensorialsunsets.com\\\/fr\\\/ile-du-cano-un-tresor-naturel-et-archeologique-au-costa-rica\\\/#primaryimage\"},\"thumbnailUrl\":\"https:\\\/\\\/www.sensorialsunsets.com\\\/wp-content\\\/uploads\\\/2023\\\/06\\\/Isla-del-Cano-1-820x549-1.jpg\",\"datePublished\":\"2023-06-21T21:31:19+00:00\",\"dateModified\":\"2023-07-03T20:11:17+00:00\",\"description\":\"D\u00e9couvre la r\u00e9serve biologique de l'\u00eele du Ca\u00f1o au Costa Rica, une destination unique avec de vastes r\u00e9cifs coralliens et d'anciens vestiges arch\u00e9ologiques.\",\"inLanguage\":\"fr-FR\",\"potentialAction\":[{\"@type\":\"ReadAction\",\"target\":[\"https:\\\/\\\/www.sensorialsunsets.com\\\/fr\\\/ile-du-cano-un-tresor-naturel-et-archeologique-au-costa-rica\\\/\"]}]},{\"@type\":\"ImageObject\",\"inLanguage\":\"fr-FR\",\"@id\":\"https:\\\/\\\/www.sensorialsunsets.com\\\/fr\\\/ile-du-cano-un-tresor-naturel-et-archeologique-au-costa-rica\\\/#primaryimage\",\"url\":\"https:\\\/\\\/www.sensorialsunsets.com\\\/wp-content\\\/uploads\\\/2023\\\/06\\\/Isla-del-Cano-1-820x549-1.jpg\",\"contentUrl\":\"https:\\\/\\\/www.sensorialsunsets.com\\\/wp-content\\\/uploads\\\/2023\\\/06\\\/Isla-del-Cano-1-820x549-1.jpg\",\"width\":820,\"height\":549},{\"@type\":\"WebSite\",\"@id\":\"https:\\\/\\\/www.sensorialsunsets.com\\\/fr\\\/#website\",\"url\":\"https:\\\/\\\/www.sensorialsunsets.com\\\/fr\\\/\",\"name\":\"SensorialSunsets.com\",\"description\":\"D\u00e9couvrez la culture et la soci\u00e9t\u00e9 du Costa Rica sur notre blog. Explorez des articles captivants et partagez le contenu.\",\"publisher\":{\"@id\":\"https:\\\/\\\/www.sensorialsunsets.com\\\/fr\\\/#organization\"},\"alternateName\":\"Costa Rica Live Blog\",\"potentialAction\":[{\"@type\":\"SearchAction\",\"target\":{\"@type\":\"EntryPoint\",\"urlTemplate\":\"https:\\\/\\\/www.sensorialsunsets.com\\\/fr\\\/?s={search_term_string}\"},\"query-input\":{\"@type\":\"PropertyValueSpecification\",\"valueRequired\":true,\"valueName\":\"search_term_string\"}}],\"inLanguage\":\"fr-FR\"},{\"@type\":\"Organization\",\"@id\":\"https:\\\/\\\/www.sensorialsunsets.com\\\/fr\\\/#organization\",\"name\":\"SensorialSunsets\",\"url\":\"https:\\\/\\\/www.sensorialsunsets.com\\\/fr\\\/\",\"logo\":{\"@type\":\"ImageObject\",\"inLanguage\":\"fr-FR\",\"@id\":\"https:\\\/\\\/www.sensorialsunsets.com\\\/fr\\\/#\\\/schema\\\/logo\\\/image\\\/\",\"url\":\"https:\\\/\\\/www.sensorialsunsets.com\\\/wp-content\\\/uploads\\\/2023\\\/04\\\/Logo_base_line_fond_clair.svg\",\"contentUrl\":\"https:\\\/\\\/www.sensorialsunsets.com\\\/wp-content\\\/uploads\\\/2023\\\/04\\\/Logo_base_line_fond_clair.svg\",\"width\":\"1024\",\"height\":\"1024\",\"caption\":\"SensorialSunsets\"},\"image\":{\"@id\":\"https:\\\/\\\/www.sensorialsunsets.com\\\/fr\\\/#\\\/schema\\\/logo\\\/image\\\/\"},\"sameAs\":[\"https:\\\/\\\/www.facebook.com\\\/Sensorial-Sunsets-109180614715562\",\"https:\\\/\\\/www.instagram.com\\\/sensorialsunsets\\\/\"]},{\"@type\":\"Person\",\"@id\":\"https:\\\/\\\/www.sensorialsunsets.com\\\/fr\\\/#\\\/schema\\\/person\\\/77e2fa594135aa94024c47e281d8a94d\",\"name\":\"Sensorial Sunsets\",\"image\":{\"@type\":\"ImageObject\",\"inLanguage\":\"fr-FR\",\"@id\":\"https:\\\/\\\/secure.gravatar.com\\\/avatar\\\/5f2d62681b1dad94c28f1500d4fc75582acdfd32b55fd1acce0a36a3c487eabe?s=96&d=mm&r=g\",\"url\":\"https:\\\/\\\/secure.gravatar.com\\\/avatar\\\/5f2d62681b1dad94c28f1500d4fc75582acdfd32b55fd1acce0a36a3c487eabe?s=96&d=mm&r=g\",\"contentUrl\":\"https:\\\/\\\/secure.gravatar.com\\\/avatar\\\/5f2d62681b1dad94c28f1500d4fc75582acdfd32b55fd1acce0a36a3c487eabe?s=96&d=mm&r=g\",\"caption\":\"Sensorial Sunsets\"},\"url\":\"https:\\\/\\\/www.sensorialsunsets.com\\\/fr\\\/author\\\/asistentes-sensorial-sunsets\\\/\"}]}<\/script>\n<!-- \/ Yoast SEO plugin. -->","yoast_head_json":{"title":"\u00cele du Ca\u00f1o : un tr\u00e9sor naturel et arch\u00e9ologique au Costa Rica","description":"D\u00e9couvre la r\u00e9serve biologique de l'\u00eele du Ca\u00f1o au Costa Rica, une destination unique avec de vastes r\u00e9cifs coralliens et d'anciens vestiges arch\u00e9ologiques.","robots":{"index":"index","follow":"follow","max-snippet":"max-snippet:-1","max-image-preview":"max-image-preview:large","max-video-preview":"max-video-preview:-1"},"canonical":"https:\/\/www.sensorialsunsets.com\/fr\/ile-du-cano-un-tresor-naturel-et-archeologique-au-costa-rica\/","og_locale":"fr_FR","og_type":"article","og_title":"\u00cele du Ca\u00f1o : un tr\u00e9sor naturel et arch\u00e9ologique au Costa Rica","og_description":"D\u00e9couvre la r\u00e9serve biologique de l'\u00eele du Ca\u00f1o au Costa Rica, une destination unique avec de vastes r\u00e9cifs coralliens et d'anciens vestiges arch\u00e9ologiques.","og_url":"https:\/\/www.sensorialsunsets.com\/fr\/ile-du-cano-un-tresor-naturel-et-archeologique-au-costa-rica\/","og_site_name":"SensorialSunsets","article_publisher":"https:\/\/www.facebook.com\/Sensorial-Sunsets-109180614715562","article_published_time":"2023-06-21T21:31:19+00:00","article_modified_time":"2023-07-03T20:11:17+00:00","og_image":[{"width":820,"height":549,"url":"https:\/\/www.sensorialsunsets.com\/wp-content\/uploads\/2023\/06\/Isla-del-Cano-1-820x549-1.jpg","type":"image\/jpeg"}],"author":"Sensorial Sunsets","twitter_card":"summary_large_image","twitter_misc":{"\u00c9crit par":"Sensorial Sunsets","Dur\u00e9e de lecture estim\u00e9e":"3 minutes"},"schema":{"@context":"https:\/\/schema.org","@graph":[{"@type":"Article","@id":"https:\/\/www.sensorialsunsets.com\/fr\/ile-du-cano-un-tresor-naturel-et-archeologique-au-costa-rica\/#article","isPartOf":{"@id":"https:\/\/www.sensorialsunsets.com\/fr\/ile-du-cano-un-tresor-naturel-et-archeologique-au-costa-rica\/"},"author":{"name":"Sensorial Sunsets","@id":"https:\/\/www.sensorialsunsets.com\/fr\/#\/schema\/person\/77e2fa594135aa94024c47e281d8a94d"},"headline":"\u00cele du Ca\u00f1o : un tr\u00e9sor naturel et arch\u00e9ologique au Costa Rica","datePublished":"2023-06-21T21:31:19+00:00","dateModified":"2023-07-03T20:11:17+00:00","mainEntityOfPage":{"@id":"https:\/\/www.sensorialsunsets.com\/fr\/ile-du-cano-un-tresor-naturel-et-archeologique-au-costa-rica\/"},"wordCount":684,"publisher":{"@id":"https:\/\/www.sensorialsunsets.com\/fr\/#organization"},"image":{"@id":"https:\/\/www.sensorialsunsets.com\/fr\/ile-du-cano-un-tresor-naturel-et-archeologique-au-costa-rica\/#primaryimage"},"thumbnailUrl":"https:\/\/www.sensorialsunsets.com\/wp-content\/uploads\/2023\/06\/Isla-del-Cano-1-820x549-1.jpg","articleSection":["Tourisme","Vivez le Costa Rica"],"inLanguage":"fr-FR"},{"@type":"WebPage","@id":"https:\/\/www.sensorialsunsets.com\/fr\/ile-du-cano-un-tresor-naturel-et-archeologique-au-costa-rica\/","url":"https:\/\/www.sensorialsunsets.com\/fr\/ile-du-cano-un-tresor-naturel-et-archeologique-au-costa-rica\/","name":"\u00cele du Ca\u00f1o : un tr\u00e9sor naturel et arch\u00e9ologique au Costa Rica","isPartOf":{"@id":"https:\/\/www.sensorialsunsets.com\/fr\/#website"},"primaryImageOfPage":{"@id":"https:\/\/www.sensorialsunsets.com\/fr\/ile-du-cano-un-tresor-naturel-et-archeologique-au-costa-rica\/#primaryimage"},"image":{"@id":"https:\/\/www.sensorialsunsets.com\/fr\/ile-du-cano-un-tresor-naturel-et-archeologique-au-costa-rica\/#primaryimage"},"thumbnailUrl":"https:\/\/www.sensorialsunsets.com\/wp-content\/uploads\/2023\/06\/Isla-del-Cano-1-820x549-1.jpg","datePublished":"2023-06-21T21:31:19+00:00","dateModified":"2023-07-03T20:11:17+00:00","description":"D\u00e9couvre la r\u00e9serve biologique de l'\u00eele du Ca\u00f1o au Costa Rica, une destination unique avec de vastes r\u00e9cifs coralliens et d'anciens vestiges arch\u00e9ologiques.","inLanguage":"fr-FR","potentialAction":[{"@type":"ReadAction","target":["https:\/\/www.sensorialsunsets.com\/fr\/ile-du-cano-un-tresor-naturel-et-archeologique-au-costa-rica\/"]}]},{"@type":"ImageObject","inLanguage":"fr-FR","@id":"https:\/\/www.sensorialsunsets.com\/fr\/ile-du-cano-un-tresor-naturel-et-archeologique-au-costa-rica\/#primaryimage","url":"https:\/\/www.sensorialsunsets.com\/wp-content\/uploads\/2023\/06\/Isla-del-Cano-1-820x549-1.jpg","contentUrl":"https:\/\/www.sensorialsunsets.com\/wp-content\/uploads\/2023\/06\/Isla-del-Cano-1-820x549-1.jpg","width":820,"height":549},{"@type":"WebSite","@id":"https:\/\/www.sensorialsunsets.com\/fr\/#website","url":"https:\/\/www.sensorialsunsets.com\/fr\/","name":"SensorialSunsets.com","description":"D\u00e9couvrez la culture et la soci\u00e9t\u00e9 du Costa Rica sur notre blog. Explorez des articles captivants et partagez le contenu.","publisher":{"@id":"https:\/\/www.sensorialsunsets.com\/fr\/#organization"},"alternateName":"Costa Rica Live Blog","potentialAction":[{"@type":"SearchAction","target":{"@type":"EntryPoint","urlTemplate":"https:\/\/www.sensorialsunsets.com\/fr\/?s={search_term_string}"},"query-input":{"@type":"PropertyValueSpecification","valueRequired":true,"valueName":"search_term_string"}}],"inLanguage":"fr-FR"},{"@type":"Organization","@id":"https:\/\/www.sensorialsunsets.com\/fr\/#organization","name":"SensorialSunsets","url":"https:\/\/www.sensorialsunsets.com\/fr\/","logo":{"@type":"ImageObject","inLanguage":"fr-FR","@id":"https:\/\/www.sensorialsunsets.com\/fr\/#\/schema\/logo\/image\/","url":"https:\/\/www.sensorialsunsets.com\/wp-content\/uploads\/2023\/04\/Logo_base_line_fond_clair.svg","contentUrl":"https:\/\/www.sensorialsunsets.com\/wp-content\/uploads\/2023\/04\/Logo_base_line_fond_clair.svg","width":"1024","height":"1024","caption":"SensorialSunsets"},"image":{"@id":"https:\/\/www.sensorialsunsets.com\/fr\/#\/schema\/logo\/image\/"},"sameAs":["https:\/\/www.facebook.com\/Sensorial-Sunsets-109180614715562","https:\/\/www.instagram.com\/sensorialsunsets\/"]},{"@type":"Person","@id":"https:\/\/www.sensorialsunsets.com\/fr\/#\/schema\/person\/77e2fa594135aa94024c47e281d8a94d","name":"Sensorial Sunsets","image":{"@type":"ImageObject","inLanguage":"fr-FR","@id":"https:\/\/secure.gravatar.com\/avatar\/5f2d62681b1dad94c28f1500d4fc75582acdfd32b55fd1acce0a36a3c487eabe?s=96&d=mm&r=g","url":"https:\/\/secure.gravatar.com\/avatar\/5f2d62681b1dad94c28f1500d4fc75582acdfd32b55fd1acce0a36a3c487eabe?s=96&d=mm&r=g","contentUrl":"https:\/\/secure.gravatar.com\/avatar\/5f2d62681b1dad94c28f1500d4fc75582acdfd32b55fd1acce0a36a3c487eabe?s=96&d=mm&r=g","caption":"Sensorial Sunsets"},"url":"https:\/\/www.sensorialsunsets.com\/fr\/author\/asistentes-sensorial-sunsets\/"}]}},"_links":{"self":[{"href":"https:\/\/www.sensorialsunsets.com\/fr\/wp-json\/wp\/v2\/posts\/8206","targetHints":{"allow":["GET"]}}],"collection":[{"href":"https:\/\/www.sensorialsunsets.com\/fr\/wp-json\/wp\/v2\/posts"}],"about":[{"href":"https:\/\/www.sensorialsunsets.com\/fr\/wp-json\/wp\/v2\/types\/post"}],"author":[{"embeddable":true,"href":"https:\/\/www.sensorialsunsets.com\/fr\/wp-json\/wp\/v2\/users\/4"}],"replies":[{"embeddable":true,"href":"https:\/\/www.sensorialsunsets.com\/fr\/wp-json\/wp\/v2\/comments?post=8206"}],"version-history":[{"count":0,"href":"https:\/\/www.sensorialsunsets.com\/fr\/wp-json\/wp\/v2\/posts\/8206\/revisions"}],"wp:featuredmedia":[{"embeddable":true,"href":"https:\/\/www.sensorialsunsets.com\/fr\/wp-json\/wp\/v2\/media\/8199"}],"wp:attachment":[{"href":"https:\/\/www.sensorialsunsets.com\/fr\/wp-json\/wp\/v2\/media?parent=8206"}],"wp:term":[{"taxonomy":"category","embeddable":true,"href":"https:\/\/www.sensorialsunsets.com\/fr\/wp-json\/wp\/v2\/categories?post=8206"},{"taxonomy":"post_tag","embeddable":true,"href":"https:\/\/www.sensorialsunsets.com\/fr\/wp-json\/wp\/v2\/tags?post=8206"}],"curies":[{"name":"wp","href":"https:\/\/api.w.org\/{rel}","templated":true}]}}