{"id":8457,"date":"2023-07-03T16:41:38","date_gmt":"2023-07-03T22:41:38","guid":{"rendered":"https:\/\/www.sensorialsunsets.com\/?p=8457"},"modified":"2023-07-03T16:41:40","modified_gmt":"2023-07-03T22:41:40","slug":"concernant-la-reduction-du-budget-du-fees","status":"publish","type":"post","link":"https:\/\/www.sensorialsunsets.com\/fr\/concernant-la-reduction-du-budget-du-fees\/","title":{"rendered":"Concernant la r\u00e9duction du budget du FEES"},"content":{"rendered":"\n<p><em>Il y a une quinzaine de jours, on apprenait que le budget du Fonds sp\u00e9cial pour l&rsquo;enseignement sup\u00e9rieur (FEES) serait <a href=\"https:\/\/www.sensorialsunsets.com\/fr\/coupes-budgetaires-dans-lenseignement-public-une-menace-pour-la-qualite-de-leducation-au-costa-rica\/\" target=\"_blank\" rel=\"noreferrer noopener\">r\u00e9duit de 8 %<\/a>. Quelle est la raison de cette r\u00e9duction ? Pourquoi parle-t-on d&rsquo;une redistribution du budget ?<\/em><\/p>\n\n\n\n<p>En 2022, le budget du gouvernement pour l&rsquo;enseignement sup\u00e9rieur \u00e9tait de 522 822 millions de colones, mais il a \u00e9t\u00e9 propos\u00e9 cette ann\u00e9e de r\u00e9duire ce budget de 8 %.<\/p>\n\n\n\n<h3 class=\"wp-block-heading\"><strong>Mais quelle est la raison de cette r\u00e9duction ?<\/strong><\/h3>\n\n\n\n<p>Selon les termes de Gilda Montero du <a href=\"http:\/\/cse.go.cr\/\" target=\"_blank\" rel=\"noreferrer noopener\">Conseil de l&rsquo;enseignement sup\u00e9rieur<\/a> : <\/p>\n\n\n\n<figure class=\"wp-block-pullquote\"><blockquote><p>L&rsquo;\u00c9tat costaricien a touch\u00e9 au secteur de l&rsquo;\u00e9ducation parce qu&rsquo;il croit soudain que c&rsquo;est l\u00e0 qu&rsquo;il g\u00e9n\u00e8re des d\u00e9penses. Et je le r\u00e9p\u00e8te, l&rsquo;\u00e9ducation n&rsquo;est pas une d\u00e9pense, l&rsquo;\u00e9ducation est un investissement \u00e0 long terme [&#8230;] Le Costa Rica n&rsquo;a pas d&rsquo;arm\u00e9e, il n&rsquo;a pas d&rsquo;investissement dans ce domaine particulier ; notre investissement, entre autres, est dans l&rsquo;\u00e9ducation. Nous avons le devoir, en tant que patriotes, d&rsquo;investir dans l&rsquo;\u00e9ducation costaricienne.<\/p><\/blockquote><\/figure>\n\n\n<div class=\"wp-block-image\">\n<figure class=\"alignleft size-full is-resized\"><img loading=\"lazy\" decoding=\"async\" src=\"https:\/\/www.sensorialsunsets.com\/wp-content\/uploads\/2023\/06\/Marcha-educacion-20-junio4.jpg\" alt=\"\" class=\"wp-image-8149\" width=\"395\" height=\"222\" srcset=\"https:\/\/www.sensorialsunsets.com\/wp-content\/uploads\/2023\/06\/Marcha-educacion-20-junio4.jpg 800w, https:\/\/www.sensorialsunsets.com\/wp-content\/uploads\/2023\/06\/Marcha-educacion-20-junio4-300x169.jpg 300w, https:\/\/www.sensorialsunsets.com\/wp-content\/uploads\/2023\/06\/Marcha-educacion-20-junio4-768x432.jpg 768w\" sizes=\"auto, (max-width: 395px) 100vw, 395px\" \/><\/figure>\n<\/div>\n\n\n<p>Ce n&rsquo;est pas un myst\u00e8re que le Costa Rica traverse une p\u00e9riode de crise sociale et \u00e9conomique. De plus en plus d&rsquo;habitants trouvent les prix plus \u00e9lev\u00e9s qu&rsquo;auparavant et il y a un sentiment d&rsquo;ins\u00e9curit\u00e9. <\/p>\n\n\n\n<p>En effet, l&rsquo;actualit\u00e9 nationale est \u00e9maill\u00e9e d&rsquo;\u00e9v\u00e9nements violents, li\u00e9s au trafic de drogue, aux gangs, aux fusillades, etc. <\/p>\n\n\n\n<p>La chose la plus simple \u00e0 faire pour le gouvernement est alors d&rsquo;allouer plus d&rsquo;argent \u00e0 la s\u00e9curit\u00e9, c&rsquo;est-\u00e0-dire au minist\u00e8re de la justice et au minist\u00e8re de la s\u00e9curit\u00e9. <\/p>\n\n\n\n<p>Apr\u00e8s la terrible proposition d&rsquo;augmenter les heures de travail de la police et les protestations qui ont suivi, le gouvernement a d\u00e9cid\u00e9 d&rsquo;allouer une partie du budget de l&rsquo;\u00e9ducation \u00e0 ce secteur. <\/p>\n\n\n\n<h3 class=\"wp-block-heading\"><strong>Quelles sont les cons\u00e9quences de cette redistribution ?<\/strong><\/h3>\n\n\n<div class=\"wp-block-image\">\n<figure class=\"alignright size-large is-resized\"><img loading=\"lazy\" decoding=\"async\" src=\"https:\/\/www.sensorialsunsets.com\/wp-content\/uploads\/2023\/07\/ucr-1024x691.jpg\" alt=\"\" class=\"wp-image-8447\" width=\"393\" height=\"265\" srcset=\"https:\/\/www.sensorialsunsets.com\/wp-content\/uploads\/2023\/07\/ucr-1024x691.jpg 1024w, https:\/\/www.sensorialsunsets.com\/wp-content\/uploads\/2023\/07\/ucr-300x203.jpg 300w, https:\/\/www.sensorialsunsets.com\/wp-content\/uploads\/2023\/07\/ucr-768x518.jpg 768w, https:\/\/www.sensorialsunsets.com\/wp-content\/uploads\/2023\/07\/ucr-1536x1037.jpg 1536w, https:\/\/www.sensorialsunsets.com\/wp-content\/uploads\/2023\/07\/ucr-1320x891.jpg 1320w, https:\/\/www.sensorialsunsets.com\/wp-content\/uploads\/2023\/07\/ucr.jpg 1600w\" sizes=\"auto, (max-width: 393px) 100vw, 393px\" \/><figcaption class=\"wp-element-caption\">Source: Universidad de Costa Rica<\/figcaption><\/figure>\n<\/div>\n\n\n<p>Pour beaucoup, il est courant de croire que les universit\u00e9s publiques &#8211; comme l&rsquo;Universit\u00e9 du Costa Rica &#8211; ont d\u00e9j\u00e0 beaucoup d&rsquo;argent. On reproche \u00e0 cette derni\u00e8re les salaires \u00e9lev\u00e9s et les pensions luxueuses de certains professeurs. Sans penser que la plupart des professeurs sont en situation d&rsquo;int\u00e9rim. <\/p>\n\n\n\n<p>Mais, ils ne tiennent pas compte les nombreux \u00e9tudiants universitaires qui d\u00e9pendent d&rsquo;une bourse et que celle-ci, ne couvre pas les d\u00e9penses d&rsquo;un \u00e9tudiant moyen. <\/p>\n\n\n\n<p>Il ne tient pas compte non plus du fait que les conditions de nombreux b\u00e2timents du campus Rodrigo Facio de San Jos\u00e9 ne sont pas les plus adapt\u00e9es pour les cours, notamment la facult\u00e9 des lettres et la facult\u00e9 des arts. <\/p>\n\n\n\n<p>Il est encore moins tenu compte du fait que les projets d&rsquo;action sociale repr\u00e9sentent une charge importante pour l&rsquo;Universit\u00e9 du Costa Rica et que si son budget est r\u00e9duit, de nombreuses populations d\u00e9favoris\u00e9es seront \u00e9galement touch\u00e9es. <\/p>\n\n\n\n<h3 class=\"wp-block-heading\">En conclusion<\/h3>\n\n\n\n<p>L&rsquo;\u00e9ducation est un secteur qui ne peut se permettre de r\u00e9duire son budget. De nombreuses \u00e9coles et universit\u00e9s publiques ont besoin d&rsquo;am\u00e9liorer leurs infrastructures et leur gestion. Les enfants et les jeunes ont droit \u00e0 une \u00e9ducation de qualit\u00e9 qui leur ouvre v\u00e9ritablement des perspectives et leur fournit des outils pour la vie. <\/p>\n\n\n\n<p>Les enseignants et les administrateurs m\u00e9ritent \u00e9galement des salaires et des conditions de travail \u00e9quitables, ainsi que des outils p\u00e9dagogiques modernes.<\/p>\n\n\n\n<p>Payer pour plus de policiers reviendrait \u00e0 mettre un pansement sur le probl\u00e8me de l&rsquo;ins\u00e9curit\u00e9 et de la crise \u00e9conomique. Une population \u00e9duqu\u00e9e est une population qui a des chances de progresser. <\/p>\n\n\n\n<p><strong>Sensorial Sunsets<\/strong><\/p>\n","protected":false},"excerpt":{"rendered":"<p>Il y a une quinzaine de jours, on apprenait que le budget du Fonds sp\u00e9cial pour l&rsquo;enseignement sup\u00e9rieur (FEES) serait r\u00e9duit de 8 %. Quelle est la raison de cette r\u00e9duction ? Pourquoi parle-t-on d&rsquo;une redistribution du budget ? En 2022, le budget du gouvernement pour l&rsquo;enseignement sup\u00e9rieur \u00e9tait de 522 822 millions de colones, [&hellip;]<\/p>\n","protected":false},"author":4,"featured_media":8444,"comment_status":"closed","ping_status":"closed","sticky":false,"template":"","format":"standard","meta":{"_acf_changed":false,"inline_featured_image":false,"_monsterinsights_skip_tracking":false,"_monsterinsights_sitenote_active":false,"_monsterinsights_sitenote_note":"","_monsterinsights_sitenote_category":0,"footnotes":""},"categories":[1,107],"tags":[],"class_list":["post-8457","post","type-post","status-publish","format-standard","has-post-thumbnail","hentry","category-non-classifiee","category-politique-fr"],"acf":[],"yoast_head":"<!-- This site is optimized with the Yoast SEO plugin v27.4 - https:\/\/yoast.com\/product\/yoast-seo-wordpress\/ -->\n<title>Concernant la r\u00e9duction du budget du FEES - SensorialSunsets<\/title>\n<meta name=\"description\" content=\"R\u00e9cemment, on a appris que le budget FEES avait \u00e9t\u00e9 r\u00e9duit de 8 %. Pourquoi ? Pourquoi parle-t-on de redistribuer le budget ?\" \/>\n<meta name=\"robots\" content=\"index, follow, max-snippet:-1, max-image-preview:large, max-video-preview:-1\" \/>\n<link rel=\"canonical\" href=\"https:\/\/www.sensorialsunsets.com\/fr\/concernant-la-reduction-du-budget-du-fees\/\" \/>\n<meta property=\"og:locale\" content=\"fr_FR\" \/>\n<meta property=\"og:type\" content=\"article\" \/>\n<meta property=\"og:title\" content=\"Concernant la r\u00e9duction du budget du FEES - SensorialSunsets\" \/>\n<meta property=\"og:description\" content=\"R\u00e9cemment, on a appris que le budget FEES avait \u00e9t\u00e9 r\u00e9duit de 8 %. Pourquoi ? Pourquoi parle-t-on de redistribuer le budget ?\" \/>\n<meta property=\"og:url\" content=\"https:\/\/www.sensorialsunsets.com\/fr\/concernant-la-reduction-du-budget-du-fees\/\" \/>\n<meta property=\"og:site_name\" content=\"SensorialSunsets\" \/>\n<meta property=\"article:publisher\" content=\"https:\/\/www.facebook.com\/Sensorial-Sunsets-109180614715562\" \/>\n<meta property=\"article:published_time\" content=\"2023-07-03T22:41:38+00:00\" \/>\n<meta property=\"article:modified_time\" content=\"2023-07-03T22:41:40+00:00\" \/>\n<meta property=\"og:image\" content=\"https:\/\/www.sensorialsunsets.com\/wp-content\/uploads\/2023\/07\/edwin-andrade-4V1dC_eoCwg-unsplash-scaled.jpg\" \/>\n\t<meta property=\"og:image:width\" content=\"2560\" \/>\n\t<meta property=\"og:image:height\" content=\"2028\" \/>\n\t<meta property=\"og:image:type\" content=\"image\/jpeg\" \/>\n<meta name=\"author\" content=\"Sensorial Sunsets\" \/>\n<meta name=\"twitter:card\" content=\"summary_large_image\" \/>\n<meta name=\"twitter:label1\" content=\"\u00c9crit par\" \/>\n\t<meta name=\"twitter:data1\" content=\"Sensorial Sunsets\" \/>\n\t<meta name=\"twitter:label2\" content=\"Dur\u00e9e de lecture estim\u00e9e\" \/>\n\t<meta name=\"twitter:data2\" content=\"3 minutes\" \/>\n<script type=\"application\/ld+json\" class=\"yoast-schema-graph\">{\"@context\":\"https:\\\/\\\/schema.org\",\"@graph\":[{\"@type\":\"Article\",\"@id\":\"https:\\\/\\\/www.sensorialsunsets.com\\\/fr\\\/concernant-la-reduction-du-budget-du-fees\\\/#article\",\"isPartOf\":{\"@id\":\"https:\\\/\\\/www.sensorialsunsets.com\\\/fr\\\/concernant-la-reduction-du-budget-du-fees\\\/\"},\"author\":{\"name\":\"Sensorial Sunsets\",\"@id\":\"https:\\\/\\\/www.sensorialsunsets.com\\\/fr\\\/#\\\/schema\\\/person\\\/77e2fa594135aa94024c47e281d8a94d\"},\"headline\":\"Concernant la r\u00e9duction du budget du FEES\",\"datePublished\":\"2023-07-03T22:41:38+00:00\",\"dateModified\":\"2023-07-03T22:41:40+00:00\",\"mainEntityOfPage\":{\"@id\":\"https:\\\/\\\/www.sensorialsunsets.com\\\/fr\\\/concernant-la-reduction-du-budget-du-fees\\\/\"},\"wordCount\":630,\"publisher\":{\"@id\":\"https:\\\/\\\/www.sensorialsunsets.com\\\/fr\\\/#organization\"},\"image\":{\"@id\":\"https:\\\/\\\/www.sensorialsunsets.com\\\/fr\\\/concernant-la-reduction-du-budget-du-fees\\\/#primaryimage\"},\"thumbnailUrl\":\"https:\\\/\\\/www.sensorialsunsets.com\\\/wp-content\\\/uploads\\\/2023\\\/07\\\/edwin-andrade-4V1dC_eoCwg-unsplash-scaled.jpg\",\"articleSection\":[\"Non classifi\u00e9(e)\",\"Politique\"],\"inLanguage\":\"fr-FR\"},{\"@type\":\"WebPage\",\"@id\":\"https:\\\/\\\/www.sensorialsunsets.com\\\/fr\\\/concernant-la-reduction-du-budget-du-fees\\\/\",\"url\":\"https:\\\/\\\/www.sensorialsunsets.com\\\/fr\\\/concernant-la-reduction-du-budget-du-fees\\\/\",\"name\":\"Concernant la r\u00e9duction du budget du FEES - SensorialSunsets\",\"isPartOf\":{\"@id\":\"https:\\\/\\\/www.sensorialsunsets.com\\\/fr\\\/#website\"},\"primaryImageOfPage\":{\"@id\":\"https:\\\/\\\/www.sensorialsunsets.com\\\/fr\\\/concernant-la-reduction-du-budget-du-fees\\\/#primaryimage\"},\"image\":{\"@id\":\"https:\\\/\\\/www.sensorialsunsets.com\\\/fr\\\/concernant-la-reduction-du-budget-du-fees\\\/#primaryimage\"},\"thumbnailUrl\":\"https:\\\/\\\/www.sensorialsunsets.com\\\/wp-content\\\/uploads\\\/2023\\\/07\\\/edwin-andrade-4V1dC_eoCwg-unsplash-scaled.jpg\",\"datePublished\":\"2023-07-03T22:41:38+00:00\",\"dateModified\":\"2023-07-03T22:41:40+00:00\",\"description\":\"R\u00e9cemment, on a appris que le budget FEES avait \u00e9t\u00e9 r\u00e9duit de 8 %. Pourquoi ? Pourquoi parle-t-on de redistribuer le budget ?\",\"inLanguage\":\"fr-FR\",\"potentialAction\":[{\"@type\":\"ReadAction\",\"target\":[\"https:\\\/\\\/www.sensorialsunsets.com\\\/fr\\\/concernant-la-reduction-du-budget-du-fees\\\/\"]}]},{\"@type\":\"ImageObject\",\"inLanguage\":\"fr-FR\",\"@id\":\"https:\\\/\\\/www.sensorialsunsets.com\\\/fr\\\/concernant-la-reduction-du-budget-du-fees\\\/#primaryimage\",\"url\":\"https:\\\/\\\/www.sensorialsunsets.com\\\/wp-content\\\/uploads\\\/2023\\\/07\\\/edwin-andrade-4V1dC_eoCwg-unsplash-scaled.jpg\",\"contentUrl\":\"https:\\\/\\\/www.sensorialsunsets.com\\\/wp-content\\\/uploads\\\/2023\\\/07\\\/edwin-andrade-4V1dC_eoCwg-unsplash-scaled.jpg\",\"width\":2560,\"height\":2028},{\"@type\":\"WebSite\",\"@id\":\"https:\\\/\\\/www.sensorialsunsets.com\\\/fr\\\/#website\",\"url\":\"https:\\\/\\\/www.sensorialsunsets.com\\\/fr\\\/\",\"name\":\"SensorialSunsets.com\",\"description\":\"D\u00e9couvrez la culture et la soci\u00e9t\u00e9 du Costa Rica sur notre blog. Explorez des articles captivants et partagez le contenu.\",\"publisher\":{\"@id\":\"https:\\\/\\\/www.sensorialsunsets.com\\\/fr\\\/#organization\"},\"alternateName\":\"Costa Rica Live Blog\",\"potentialAction\":[{\"@type\":\"SearchAction\",\"target\":{\"@type\":\"EntryPoint\",\"urlTemplate\":\"https:\\\/\\\/www.sensorialsunsets.com\\\/fr\\\/?s={search_term_string}\"},\"query-input\":{\"@type\":\"PropertyValueSpecification\",\"valueRequired\":true,\"valueName\":\"search_term_string\"}}],\"inLanguage\":\"fr-FR\"},{\"@type\":\"Organization\",\"@id\":\"https:\\\/\\\/www.sensorialsunsets.com\\\/fr\\\/#organization\",\"name\":\"SensorialSunsets\",\"url\":\"https:\\\/\\\/www.sensorialsunsets.com\\\/fr\\\/\",\"logo\":{\"@type\":\"ImageObject\",\"inLanguage\":\"fr-FR\",\"@id\":\"https:\\\/\\\/www.sensorialsunsets.com\\\/fr\\\/#\\\/schema\\\/logo\\\/image\\\/\",\"url\":\"https:\\\/\\\/www.sensorialsunsets.com\\\/wp-content\\\/uploads\\\/2023\\\/04\\\/Logo_base_line_fond_clair.svg\",\"contentUrl\":\"https:\\\/\\\/www.sensorialsunsets.com\\\/wp-content\\\/uploads\\\/2023\\\/04\\\/Logo_base_line_fond_clair.svg\",\"width\":\"1024\",\"height\":\"1024\",\"caption\":\"SensorialSunsets\"},\"image\":{\"@id\":\"https:\\\/\\\/www.sensorialsunsets.com\\\/fr\\\/#\\\/schema\\\/logo\\\/image\\\/\"},\"sameAs\":[\"https:\\\/\\\/www.facebook.com\\\/Sensorial-Sunsets-109180614715562\",\"https:\\\/\\\/www.instagram.com\\\/sensorialsunsets\\\/\"]},{\"@type\":\"Person\",\"@id\":\"https:\\\/\\\/www.sensorialsunsets.com\\\/fr\\\/#\\\/schema\\\/person\\\/77e2fa594135aa94024c47e281d8a94d\",\"name\":\"Sensorial Sunsets\",\"image\":{\"@type\":\"ImageObject\",\"inLanguage\":\"fr-FR\",\"@id\":\"https:\\\/\\\/secure.gravatar.com\\\/avatar\\\/5f2d62681b1dad94c28f1500d4fc75582acdfd32b55fd1acce0a36a3c487eabe?s=96&d=mm&r=g\",\"url\":\"https:\\\/\\\/secure.gravatar.com\\\/avatar\\\/5f2d62681b1dad94c28f1500d4fc75582acdfd32b55fd1acce0a36a3c487eabe?s=96&d=mm&r=g\",\"contentUrl\":\"https:\\\/\\\/secure.gravatar.com\\\/avatar\\\/5f2d62681b1dad94c28f1500d4fc75582acdfd32b55fd1acce0a36a3c487eabe?s=96&d=mm&r=g\",\"caption\":\"Sensorial Sunsets\"},\"url\":\"https:\\\/\\\/www.sensorialsunsets.com\\\/fr\\\/author\\\/asistentes-sensorial-sunsets\\\/\"}]}<\/script>\n<!-- \/ Yoast SEO plugin. -->","yoast_head_json":{"title":"Concernant la r\u00e9duction du budget du FEES - SensorialSunsets","description":"R\u00e9cemment, on a appris que le budget FEES avait \u00e9t\u00e9 r\u00e9duit de 8 %. Pourquoi ? Pourquoi parle-t-on de redistribuer le budget ?","robots":{"index":"index","follow":"follow","max-snippet":"max-snippet:-1","max-image-preview":"max-image-preview:large","max-video-preview":"max-video-preview:-1"},"canonical":"https:\/\/www.sensorialsunsets.com\/fr\/concernant-la-reduction-du-budget-du-fees\/","og_locale":"fr_FR","og_type":"article","og_title":"Concernant la r\u00e9duction du budget du FEES - SensorialSunsets","og_description":"R\u00e9cemment, on a appris que le budget FEES avait \u00e9t\u00e9 r\u00e9duit de 8 %. Pourquoi ? Pourquoi parle-t-on de redistribuer le budget ?","og_url":"https:\/\/www.sensorialsunsets.com\/fr\/concernant-la-reduction-du-budget-du-fees\/","og_site_name":"SensorialSunsets","article_publisher":"https:\/\/www.facebook.com\/Sensorial-Sunsets-109180614715562","article_published_time":"2023-07-03T22:41:38+00:00","article_modified_time":"2023-07-03T22:41:40+00:00","og_image":[{"width":2560,"height":2028,"url":"https:\/\/www.sensorialsunsets.com\/wp-content\/uploads\/2023\/07\/edwin-andrade-4V1dC_eoCwg-unsplash-scaled.jpg","type":"image\/jpeg"}],"author":"Sensorial Sunsets","twitter_card":"summary_large_image","twitter_misc":{"\u00c9crit par":"Sensorial Sunsets","Dur\u00e9e de lecture estim\u00e9e":"3 minutes"},"schema":{"@context":"https:\/\/schema.org","@graph":[{"@type":"Article","@id":"https:\/\/www.sensorialsunsets.com\/fr\/concernant-la-reduction-du-budget-du-fees\/#article","isPartOf":{"@id":"https:\/\/www.sensorialsunsets.com\/fr\/concernant-la-reduction-du-budget-du-fees\/"},"author":{"name":"Sensorial Sunsets","@id":"https:\/\/www.sensorialsunsets.com\/fr\/#\/schema\/person\/77e2fa594135aa94024c47e281d8a94d"},"headline":"Concernant la r\u00e9duction du budget du FEES","datePublished":"2023-07-03T22:41:38+00:00","dateModified":"2023-07-03T22:41:40+00:00","mainEntityOfPage":{"@id":"https:\/\/www.sensorialsunsets.com\/fr\/concernant-la-reduction-du-budget-du-fees\/"},"wordCount":630,"publisher":{"@id":"https:\/\/www.sensorialsunsets.com\/fr\/#organization"},"image":{"@id":"https:\/\/www.sensorialsunsets.com\/fr\/concernant-la-reduction-du-budget-du-fees\/#primaryimage"},"thumbnailUrl":"https:\/\/www.sensorialsunsets.com\/wp-content\/uploads\/2023\/07\/edwin-andrade-4V1dC_eoCwg-unsplash-scaled.jpg","articleSection":["Non classifi\u00e9(e)","Politique"],"inLanguage":"fr-FR"},{"@type":"WebPage","@id":"https:\/\/www.sensorialsunsets.com\/fr\/concernant-la-reduction-du-budget-du-fees\/","url":"https:\/\/www.sensorialsunsets.com\/fr\/concernant-la-reduction-du-budget-du-fees\/","name":"Concernant la r\u00e9duction du budget du FEES - SensorialSunsets","isPartOf":{"@id":"https:\/\/www.sensorialsunsets.com\/fr\/#website"},"primaryImageOfPage":{"@id":"https:\/\/www.sensorialsunsets.com\/fr\/concernant-la-reduction-du-budget-du-fees\/#primaryimage"},"image":{"@id":"https:\/\/www.sensorialsunsets.com\/fr\/concernant-la-reduction-du-budget-du-fees\/#primaryimage"},"thumbnailUrl":"https:\/\/www.sensorialsunsets.com\/wp-content\/uploads\/2023\/07\/edwin-andrade-4V1dC_eoCwg-unsplash-scaled.jpg","datePublished":"2023-07-03T22:41:38+00:00","dateModified":"2023-07-03T22:41:40+00:00","description":"R\u00e9cemment, on a appris que le budget FEES avait \u00e9t\u00e9 r\u00e9duit de 8 %. Pourquoi ? Pourquoi parle-t-on de redistribuer le budget ?","inLanguage":"fr-FR","potentialAction":[{"@type":"ReadAction","target":["https:\/\/www.sensorialsunsets.com\/fr\/concernant-la-reduction-du-budget-du-fees\/"]}]},{"@type":"ImageObject","inLanguage":"fr-FR","@id":"https:\/\/www.sensorialsunsets.com\/fr\/concernant-la-reduction-du-budget-du-fees\/#primaryimage","url":"https:\/\/www.sensorialsunsets.com\/wp-content\/uploads\/2023\/07\/edwin-andrade-4V1dC_eoCwg-unsplash-scaled.jpg","contentUrl":"https:\/\/www.sensorialsunsets.com\/wp-content\/uploads\/2023\/07\/edwin-andrade-4V1dC_eoCwg-unsplash-scaled.jpg","width":2560,"height":2028},{"@type":"WebSite","@id":"https:\/\/www.sensorialsunsets.com\/fr\/#website","url":"https:\/\/www.sensorialsunsets.com\/fr\/","name":"SensorialSunsets.com","description":"D\u00e9couvrez la culture et la soci\u00e9t\u00e9 du Costa Rica sur notre blog. Explorez des articles captivants et partagez le contenu.","publisher":{"@id":"https:\/\/www.sensorialsunsets.com\/fr\/#organization"},"alternateName":"Costa Rica Live Blog","potentialAction":[{"@type":"SearchAction","target":{"@type":"EntryPoint","urlTemplate":"https:\/\/www.sensorialsunsets.com\/fr\/?s={search_term_string}"},"query-input":{"@type":"PropertyValueSpecification","valueRequired":true,"valueName":"search_term_string"}}],"inLanguage":"fr-FR"},{"@type":"Organization","@id":"https:\/\/www.sensorialsunsets.com\/fr\/#organization","name":"SensorialSunsets","url":"https:\/\/www.sensorialsunsets.com\/fr\/","logo":{"@type":"ImageObject","inLanguage":"fr-FR","@id":"https:\/\/www.sensorialsunsets.com\/fr\/#\/schema\/logo\/image\/","url":"https:\/\/www.sensorialsunsets.com\/wp-content\/uploads\/2023\/04\/Logo_base_line_fond_clair.svg","contentUrl":"https:\/\/www.sensorialsunsets.com\/wp-content\/uploads\/2023\/04\/Logo_base_line_fond_clair.svg","width":"1024","height":"1024","caption":"SensorialSunsets"},"image":{"@id":"https:\/\/www.sensorialsunsets.com\/fr\/#\/schema\/logo\/image\/"},"sameAs":["https:\/\/www.facebook.com\/Sensorial-Sunsets-109180614715562","https:\/\/www.instagram.com\/sensorialsunsets\/"]},{"@type":"Person","@id":"https:\/\/www.sensorialsunsets.com\/fr\/#\/schema\/person\/77e2fa594135aa94024c47e281d8a94d","name":"Sensorial Sunsets","image":{"@type":"ImageObject","inLanguage":"fr-FR","@id":"https:\/\/secure.gravatar.com\/avatar\/5f2d62681b1dad94c28f1500d4fc75582acdfd32b55fd1acce0a36a3c487eabe?s=96&d=mm&r=g","url":"https:\/\/secure.gravatar.com\/avatar\/5f2d62681b1dad94c28f1500d4fc75582acdfd32b55fd1acce0a36a3c487eabe?s=96&d=mm&r=g","contentUrl":"https:\/\/secure.gravatar.com\/avatar\/5f2d62681b1dad94c28f1500d4fc75582acdfd32b55fd1acce0a36a3c487eabe?s=96&d=mm&r=g","caption":"Sensorial Sunsets"},"url":"https:\/\/www.sensorialsunsets.com\/fr\/author\/asistentes-sensorial-sunsets\/"}]}},"_links":{"self":[{"href":"https:\/\/www.sensorialsunsets.com\/fr\/wp-json\/wp\/v2\/posts\/8457","targetHints":{"allow":["GET"]}}],"collection":[{"href":"https:\/\/www.sensorialsunsets.com\/fr\/wp-json\/wp\/v2\/posts"}],"about":[{"href":"https:\/\/www.sensorialsunsets.com\/fr\/wp-json\/wp\/v2\/types\/post"}],"author":[{"embeddable":true,"href":"https:\/\/www.sensorialsunsets.com\/fr\/wp-json\/wp\/v2\/users\/4"}],"replies":[{"embeddable":true,"href":"https:\/\/www.sensorialsunsets.com\/fr\/wp-json\/wp\/v2\/comments?post=8457"}],"version-history":[{"count":0,"href":"https:\/\/www.sensorialsunsets.com\/fr\/wp-json\/wp\/v2\/posts\/8457\/revisions"}],"wp:featuredmedia":[{"embeddable":true,"href":"https:\/\/www.sensorialsunsets.com\/fr\/wp-json\/wp\/v2\/media\/8444"}],"wp:attachment":[{"href":"https:\/\/www.sensorialsunsets.com\/fr\/wp-json\/wp\/v2\/media?parent=8457"}],"wp:term":[{"taxonomy":"category","embeddable":true,"href":"https:\/\/www.sensorialsunsets.com\/fr\/wp-json\/wp\/v2\/categories?post=8457"},{"taxonomy":"post_tag","embeddable":true,"href":"https:\/\/www.sensorialsunsets.com\/fr\/wp-json\/wp\/v2\/tags?post=8457"}],"curies":[{"name":"wp","href":"https:\/\/api.w.org\/{rel}","templated":true}]}}