{"id":8499,"date":"2023-07-05T09:39:19","date_gmt":"2023-07-05T15:39:19","guid":{"rendered":"https:\/\/www.sensorialsunsets.com\/?p=8499"},"modified":"2023-07-05T14:20:04","modified_gmt":"2023-07-05T20:20:04","slug":"serie-de-films-le-septieme-art-gratuit-au-coeur-de-san-jose","status":"publish","type":"post","link":"https:\/\/www.sensorialsunsets.com\/fr\/serie-de-films-le-septieme-art-gratuit-au-coeur-de-san-jose\/","title":{"rendered":"S\u00e9rie de films : le septi\u00e8me art gratuit au c\u0153ur de San Jos\u00e9"},"content":{"rendered":"\n<p>La s\u00e9rie de films par le Centre Costaricien de Production Cin\u00e9matographique. Un programme rattach\u00e9 au minist\u00e8re de la Culture et de la Jeunesse, est devenu le c\u0153ur du cin\u00e9ma du pays depuis ses d\u00e9buts en 1973. Il est la r\u00e9f\u00e9rence culturelle et technique de l&rsquo;\u00c9tat dans le domaine du cin\u00e9ma et de la vid\u00e9o nationale.<\/p>\n\n\n\n<h3 class=\"wp-block-heading\">Les trois lignes de programme du Centre du Film<\/h3>\n\n\n<div class=\"wp-block-image\">\n<figure class=\"alignright size-full is-resized\"><img loading=\"lazy\" decoding=\"async\" src=\"https:\/\/www.sensorialsunsets.com\/wp-content\/uploads\/2023\/07\/preambulo_san-jose_costa-rica.jpg\" alt=\"\" class=\"wp-image-8480\" width=\"348\" height=\"348\" srcset=\"https:\/\/www.sensorialsunsets.com\/wp-content\/uploads\/2023\/07\/preambulo_san-jose_costa-rica.jpg 1000w, https:\/\/www.sensorialsunsets.com\/wp-content\/uploads\/2023\/07\/preambulo_san-jose_costa-rica-300x300.jpg 300w, https:\/\/www.sensorialsunsets.com\/wp-content\/uploads\/2023\/07\/preambulo_san-jose_costa-rica-150x150.jpg 150w, https:\/\/www.sensorialsunsets.com\/wp-content\/uploads\/2023\/07\/preambulo_san-jose_costa-rica-768x768.jpg 768w, https:\/\/www.sensorialsunsets.com\/wp-content\/uploads\/2023\/07\/preambulo_san-jose_costa-rica-50x50.jpg 50w, https:\/\/www.sensorialsunsets.com\/wp-content\/uploads\/2023\/07\/preambulo_san-jose_costa-rica-117x117.jpg 117w\" sizes=\"auto, (max-width: 348px) 100vw, 348px\" \/><\/figure>\n<\/div>\n\n\n<p>Tout d&rsquo;abord, il faut comprendre que sa mission est de promouvoir l&rsquo;activit\u00e9 audiovisuelle \u00e0 travers trois lignes programmatiques : la promotion, la formation et la pr\u00e9servation.<\/p>\n\n\n\n<p>En termes de promotion, le centre est charg\u00e9 de syst\u00e9matiser, d&rsquo;administrer, de promouvoir et d&rsquo;accorder des aides \u00e9conomiques pour l&rsquo;investissement dans la production audiovisuelle costaricienne. Le travail s&rsquo;effectue \u00e0 travers l&rsquo;administration de son propre fonds. Autrement dit, \u00ab\u00a0El Fauno\u00a0\u00bb, un soutien aux cin\u00e9astes costaricains pour leur formation en ateliers internationaux.<\/p>\n\n\n\n<p>En mati\u00e8re de formation, ce projet cherche \u00e0 cr\u00e9er de nouveaux espaces pour la cr\u00e9ation des publics \u00e0 travers la projection de films nationaux et internationaux.<\/p>\n\n\n\n<p>Au-del\u00e0 de son travail de promotion et d&rsquo;\u00e9ducation, l&rsquo;archive d&rsquo;images Francisco \u00ab\u00a0Chico\u00a0\u00bb Montero sauve, pr\u00e9serve et diffuse des films et du mat\u00e9riel audiovisuel qui constituent une partie fondamentale de la m\u00e9moire historique du pays.<\/p>\n\n\n<div class=\"wp-block-image\">\n<figure class=\"alignleft size-large is-resized\"><img loading=\"lazy\" decoding=\"async\" src=\"https:\/\/www.sensorialsunsets.com\/wp-content\/uploads\/2023\/07\/FzFbDftXoAARIBx-1024x1024.jpg\" alt=\"\" class=\"wp-image-8474\" width=\"347\" height=\"347\" srcset=\"https:\/\/www.sensorialsunsets.com\/wp-content\/uploads\/2023\/07\/FzFbDftXoAARIBx-1024x1024.jpg 1024w, https:\/\/www.sensorialsunsets.com\/wp-content\/uploads\/2023\/07\/FzFbDftXoAARIBx-300x300.jpg 300w, https:\/\/www.sensorialsunsets.com\/wp-content\/uploads\/2023\/07\/FzFbDftXoAARIBx-150x150.jpg 150w, https:\/\/www.sensorialsunsets.com\/wp-content\/uploads\/2023\/07\/FzFbDftXoAARIBx-768x769.jpg 768w, https:\/\/www.sensorialsunsets.com\/wp-content\/uploads\/2023\/07\/FzFbDftXoAARIBx-1534x1536.jpg 1534w, https:\/\/www.sensorialsunsets.com\/wp-content\/uploads\/2023\/07\/FzFbDftXoAARIBx-2045x2048.jpg 2045w, https:\/\/www.sensorialsunsets.com\/wp-content\/uploads\/2023\/07\/FzFbDftXoAARIBx-50x50.jpg 50w, https:\/\/www.sensorialsunsets.com\/wp-content\/uploads\/2023\/07\/FzFbDftXoAARIBx-117x117.jpg 117w, https:\/\/www.sensorialsunsets.com\/wp-content\/uploads\/2023\/07\/FzFbDftXoAARIBx-1320x1322.jpg 1320w\" sizes=\"auto, (max-width: 347px) 100vw, 347px\" \/><\/figure>\n<\/div>\n\n\n<blockquote class=\"wp-block-quote is-layout-flow wp-block-quote-is-layout-flow\">\n<p>En accord avec son objectif de former de nouveaux publics, le <a href=\"https:\/\/www.centrodecine.go.cr\/catalogos\">Centre du Film<\/a> a cr\u00e9\u00e9 le S\u00e9rie de films, un espace o\u00f9 les amateurs du septi\u00e8me art peuvent profiter de projections gratuites au c\u0153ur de San Jos\u00e9. <\/p>\n<\/blockquote>\n\n\n\n<h3 class=\"wp-block-heading\">Espaces pour la formation de nouveaux publics<\/h3>\n\n\n\n<p>De son c\u00f4t\u00e9, la s\u00e9rie de films encourage la connexion du <a href=\"https:\/\/www.sensorialsunsets.com\/fr\/le-costa-rica-un-paradis-pour-le-cinema\/\">mouvement cin\u00e9matographique du pays<\/a>, en plus de soutenir le d\u00e9veloppement du cin\u00e9ma costaricien.<\/p>\n\n\n\n<p>En effet, des initiatives r\u00e9gionales et internationales telles qu&rsquo;IBERMEDIA ou DocTV sont \u00e0 l&rsquo;origine de ce ph\u00e9nom\u00e8ne. Ainsi, le Costa Rica peut s&rsquo;int\u00e9grer dans des r\u00e9seaux de collaboration et favoriser les \u00e9changes culturels dans le domaine de l&rsquo;audiovisuel.  <\/p>\n\n\n\n<p>L&rsquo;un des programmes remarquables est \u00ab\u00a0Pre\u00e1mbulo\u00a0\u00bb, qui a d\u00e9but\u00e9 en 2015 dans le but d&rsquo;offrir au public la possibilit\u00e9 d&rsquo;appr\u00e9cier des films du monde entier. \u00c0 travers le Pre\u00e1mbulo Giras, ce programme a \u00e9t\u00e9 \u00e9tendu \u00e0 tout le territoire national, apportant ainsi le cin\u00e9ma aux communaut\u00e9s isol\u00e9es et d\u00e9mocratisant l&rsquo;acc\u00e8s \u00e0 la culture.<\/p>\n\n\n\n<p>Autre projet embl\u00e9matique : le Festival international du film (CRFIC). Chaque d\u00e9cembre, la grande f\u00eate de l&rsquo;audiovisuel c\u00e9l\u00e8bre le meilleur du cin\u00e9ma international et centram\u00e9ricain, attirant un public avide de d\u00e9couvertes cin\u00e9matographiques.<\/p>\n\n\n<div class=\"wp-block-image\">\n<figure class=\"alignright size-full is-resized\"><img loading=\"lazy\" decoding=\"async\" src=\"https:\/\/www.sensorialsunsets.com\/wp-content\/uploads\/2023\/07\/artworks-000230455375-zm37vd-t500x500.jpg\" alt=\"\" class=\"wp-image-8477\" width=\"345\" height=\"345\" srcset=\"https:\/\/www.sensorialsunsets.com\/wp-content\/uploads\/2023\/07\/artworks-000230455375-zm37vd-t500x500.jpg 500w, https:\/\/www.sensorialsunsets.com\/wp-content\/uploads\/2023\/07\/artworks-000230455375-zm37vd-t500x500-300x300.jpg 300w, https:\/\/www.sensorialsunsets.com\/wp-content\/uploads\/2023\/07\/artworks-000230455375-zm37vd-t500x500-150x150.jpg 150w, https:\/\/www.sensorialsunsets.com\/wp-content\/uploads\/2023\/07\/artworks-000230455375-zm37vd-t500x500-50x50.jpg 50w, https:\/\/www.sensorialsunsets.com\/wp-content\/uploads\/2023\/07\/artworks-000230455375-zm37vd-t500x500-117x117.jpg 117w\" sizes=\"auto, (max-width: 345px) 100vw, 345px\" \/><\/figure>\n<\/div>\n\n\n<h3 class=\"wp-block-heading\">Pr\u00e9ambule : une oasis cin\u00e9matographique pour tous<\/h3>\n\n\n\n<p>Le programme est un espace d\u00e9di\u00e9 \u00e0 la diffusion du cin\u00e9ma national et international, en mettant l&rsquo;accent sur les films ind\u00e9pendants et d&rsquo;auteur.<\/p>\n\n\n\n<p>\u00c0 travers l&rsquo;exposition de films de qualit\u00e9 et la tenue de forums et d&rsquo;ateliers cin\u00e9matographiques, ce projet encourage la r\u00e9flexion, le dialogue et l&rsquo;appr\u00e9ciation du film en tant qu&rsquo;expression artistique et culturelle.<\/p>\n\n\n\n<p>Un acc\u00e8s gratuit aux projections de <a href=\"https:\/\/www.gamcultural.com\/cr\/p\/PREAMBULOCR\">Preamble<\/a> vise \u00e0 \u00e9liminer les barri\u00e8res \u00e9conomiques et \u00e0 permettre l&rsquo;acc\u00e8s \u00e0 la culture cin\u00e9matographique \u00e0 des personnes issues de diff\u00e9rentes couches sociales.<\/p>\n\n\n\n<p><strong>Sensorial Sunsets<\/strong><\/p>\n","protected":false},"excerpt":{"rendered":"<p>La s\u00e9rie de films par le Centre Costaricien de Production Cin\u00e9matographique. Un programme rattach\u00e9 au minist\u00e8re de la Culture et de la Jeunesse, est devenu le c\u0153ur du cin\u00e9ma du pays depuis ses d\u00e9buts en 1973. Il est la r\u00e9f\u00e9rence culturelle et technique de l&rsquo;\u00c9tat dans le domaine du cin\u00e9ma et de la vid\u00e9o nationale. [&hellip;]<\/p>\n","protected":false},"author":4,"featured_media":8473,"comment_status":"closed","ping_status":"closed","sticky":false,"template":"","format":"standard","meta":{"_acf_changed":false,"inline_featured_image":false,"_monsterinsights_skip_tracking":false,"_monsterinsights_sitenote_active":false,"_monsterinsights_sitenote_note":"","_monsterinsights_sitenote_category":0,"footnotes":""},"categories":[175],"tags":[],"class_list":["post-8499","post","type-post","status-publish","format-standard","has-post-thumbnail","hentry","category-oeuvres-dart"],"acf":[],"yoast_head":"<!-- This site is optimized with the Yoast SEO plugin v27.4 - https:\/\/yoast.com\/product\/yoast-seo-wordpress\/ -->\n<title>S\u00e9rie de films : le septi\u00e8me art gratuit au c\u0153ur de San Jos\u00e9<\/title>\n<meta name=\"description\" content=\"D\u00e9couvre Pre\u00e1mbulo, un programme cin\u00e9matographique au Costa Rica qui favorise la diffusion du cin\u00e9ma national et international.\" \/>\n<meta name=\"robots\" content=\"index, follow, max-snippet:-1, max-image-preview:large, max-video-preview:-1\" \/>\n<link rel=\"canonical\" href=\"https:\/\/www.sensorialsunsets.com\/fr\/serie-de-films-le-septieme-art-gratuit-au-coeur-de-san-jose\/\" \/>\n<meta property=\"og:locale\" content=\"fr_FR\" \/>\n<meta property=\"og:type\" content=\"article\" \/>\n<meta property=\"og:title\" content=\"S\u00e9rie de films : le septi\u00e8me art gratuit au c\u0153ur de San Jos\u00e9\" \/>\n<meta property=\"og:description\" content=\"D\u00e9couvre Pre\u00e1mbulo, un programme cin\u00e9matographique au Costa Rica qui favorise la diffusion du cin\u00e9ma national et international.\" \/>\n<meta property=\"og:url\" content=\"https:\/\/www.sensorialsunsets.com\/fr\/serie-de-films-le-septieme-art-gratuit-au-coeur-de-san-jose\/\" \/>\n<meta property=\"og:site_name\" content=\"SensorialSunsets\" \/>\n<meta property=\"article:publisher\" content=\"https:\/\/www.facebook.com\/Sensorial-Sunsets-109180614715562\" \/>\n<meta property=\"article:published_time\" content=\"2023-07-05T15:39:19+00:00\" \/>\n<meta property=\"article:modified_time\" content=\"2023-07-05T20:20:04+00:00\" \/>\n<meta property=\"og:image\" content=\"https:\/\/www.sensorialsunsets.com\/wp-content\/uploads\/2023\/07\/centrodecinefachada.jpg\" \/>\n\t<meta property=\"og:image:width\" content=\"1024\" \/>\n\t<meta property=\"og:image:height\" content=\"577\" \/>\n\t<meta property=\"og:image:type\" content=\"image\/jpeg\" \/>\n<meta name=\"author\" content=\"Sensorial Sunsets\" \/>\n<meta name=\"twitter:card\" content=\"summary_large_image\" \/>\n<meta name=\"twitter:label1\" content=\"\u00c9crit par\" \/>\n\t<meta name=\"twitter:data1\" content=\"Sensorial Sunsets\" \/>\n\t<meta name=\"twitter:label2\" content=\"Dur\u00e9e de lecture estim\u00e9e\" \/>\n\t<meta name=\"twitter:data2\" content=\"3 minutes\" \/>\n<script type=\"application\/ld+json\" class=\"yoast-schema-graph\">{\"@context\":\"https:\\\/\\\/schema.org\",\"@graph\":[{\"@type\":\"Article\",\"@id\":\"https:\\\/\\\/www.sensorialsunsets.com\\\/fr\\\/serie-de-films-le-septieme-art-gratuit-au-coeur-de-san-jose\\\/#article\",\"isPartOf\":{\"@id\":\"https:\\\/\\\/www.sensorialsunsets.com\\\/fr\\\/serie-de-films-le-septieme-art-gratuit-au-coeur-de-san-jose\\\/\"},\"author\":{\"name\":\"Sensorial Sunsets\",\"@id\":\"https:\\\/\\\/www.sensorialsunsets.com\\\/fr\\\/#\\\/schema\\\/person\\\/77e2fa594135aa94024c47e281d8a94d\"},\"headline\":\"S\u00e9rie de films : le septi\u00e8me art gratuit au c\u0153ur de San Jos\u00e9\",\"datePublished\":\"2023-07-05T15:39:19+00:00\",\"dateModified\":\"2023-07-05T20:20:04+00:00\",\"mainEntityOfPage\":{\"@id\":\"https:\\\/\\\/www.sensorialsunsets.com\\\/fr\\\/serie-de-films-le-septieme-art-gratuit-au-coeur-de-san-jose\\\/\"},\"wordCount\":571,\"publisher\":{\"@id\":\"https:\\\/\\\/www.sensorialsunsets.com\\\/fr\\\/#organization\"},\"image\":{\"@id\":\"https:\\\/\\\/www.sensorialsunsets.com\\\/fr\\\/serie-de-films-le-septieme-art-gratuit-au-coeur-de-san-jose\\\/#primaryimage\"},\"thumbnailUrl\":\"https:\\\/\\\/www.sensorialsunsets.com\\\/wp-content\\\/uploads\\\/2023\\\/07\\\/centrodecinefachada.jpg\",\"articleSection\":[\"Oeuvres d'art\"],\"inLanguage\":\"fr-FR\"},{\"@type\":\"WebPage\",\"@id\":\"https:\\\/\\\/www.sensorialsunsets.com\\\/fr\\\/serie-de-films-le-septieme-art-gratuit-au-coeur-de-san-jose\\\/\",\"url\":\"https:\\\/\\\/www.sensorialsunsets.com\\\/fr\\\/serie-de-films-le-septieme-art-gratuit-au-coeur-de-san-jose\\\/\",\"name\":\"S\u00e9rie de films : le septi\u00e8me art gratuit au c\u0153ur de San Jos\u00e9\",\"isPartOf\":{\"@id\":\"https:\\\/\\\/www.sensorialsunsets.com\\\/fr\\\/#website\"},\"primaryImageOfPage\":{\"@id\":\"https:\\\/\\\/www.sensorialsunsets.com\\\/fr\\\/serie-de-films-le-septieme-art-gratuit-au-coeur-de-san-jose\\\/#primaryimage\"},\"image\":{\"@id\":\"https:\\\/\\\/www.sensorialsunsets.com\\\/fr\\\/serie-de-films-le-septieme-art-gratuit-au-coeur-de-san-jose\\\/#primaryimage\"},\"thumbnailUrl\":\"https:\\\/\\\/www.sensorialsunsets.com\\\/wp-content\\\/uploads\\\/2023\\\/07\\\/centrodecinefachada.jpg\",\"datePublished\":\"2023-07-05T15:39:19+00:00\",\"dateModified\":\"2023-07-05T20:20:04+00:00\",\"description\":\"D\u00e9couvre Pre\u00e1mbulo, un programme cin\u00e9matographique au Costa Rica qui favorise la diffusion du cin\u00e9ma national et international.\",\"inLanguage\":\"fr-FR\",\"potentialAction\":[{\"@type\":\"ReadAction\",\"target\":[\"https:\\\/\\\/www.sensorialsunsets.com\\\/fr\\\/serie-de-films-le-septieme-art-gratuit-au-coeur-de-san-jose\\\/\"]}]},{\"@type\":\"ImageObject\",\"inLanguage\":\"fr-FR\",\"@id\":\"https:\\\/\\\/www.sensorialsunsets.com\\\/fr\\\/serie-de-films-le-septieme-art-gratuit-au-coeur-de-san-jose\\\/#primaryimage\",\"url\":\"https:\\\/\\\/www.sensorialsunsets.com\\\/wp-content\\\/uploads\\\/2023\\\/07\\\/centrodecinefachada.jpg\",\"contentUrl\":\"https:\\\/\\\/www.sensorialsunsets.com\\\/wp-content\\\/uploads\\\/2023\\\/07\\\/centrodecinefachada.jpg\",\"width\":1024,\"height\":577},{\"@type\":\"WebSite\",\"@id\":\"https:\\\/\\\/www.sensorialsunsets.com\\\/fr\\\/#website\",\"url\":\"https:\\\/\\\/www.sensorialsunsets.com\\\/fr\\\/\",\"name\":\"SensorialSunsets.com\",\"description\":\"D\u00e9couvrez la culture et la soci\u00e9t\u00e9 du Costa Rica sur notre blog. Explorez des articles captivants et partagez le contenu.\",\"publisher\":{\"@id\":\"https:\\\/\\\/www.sensorialsunsets.com\\\/fr\\\/#organization\"},\"alternateName\":\"Costa Rica Live Blog\",\"potentialAction\":[{\"@type\":\"SearchAction\",\"target\":{\"@type\":\"EntryPoint\",\"urlTemplate\":\"https:\\\/\\\/www.sensorialsunsets.com\\\/fr\\\/?s={search_term_string}\"},\"query-input\":{\"@type\":\"PropertyValueSpecification\",\"valueRequired\":true,\"valueName\":\"search_term_string\"}}],\"inLanguage\":\"fr-FR\"},{\"@type\":\"Organization\",\"@id\":\"https:\\\/\\\/www.sensorialsunsets.com\\\/fr\\\/#organization\",\"name\":\"SensorialSunsets\",\"url\":\"https:\\\/\\\/www.sensorialsunsets.com\\\/fr\\\/\",\"logo\":{\"@type\":\"ImageObject\",\"inLanguage\":\"fr-FR\",\"@id\":\"https:\\\/\\\/www.sensorialsunsets.com\\\/fr\\\/#\\\/schema\\\/logo\\\/image\\\/\",\"url\":\"https:\\\/\\\/www.sensorialsunsets.com\\\/wp-content\\\/uploads\\\/2023\\\/04\\\/Logo_base_line_fond_clair.svg\",\"contentUrl\":\"https:\\\/\\\/www.sensorialsunsets.com\\\/wp-content\\\/uploads\\\/2023\\\/04\\\/Logo_base_line_fond_clair.svg\",\"width\":\"1024\",\"height\":\"1024\",\"caption\":\"SensorialSunsets\"},\"image\":{\"@id\":\"https:\\\/\\\/www.sensorialsunsets.com\\\/fr\\\/#\\\/schema\\\/logo\\\/image\\\/\"},\"sameAs\":[\"https:\\\/\\\/www.facebook.com\\\/Sensorial-Sunsets-109180614715562\",\"https:\\\/\\\/www.instagram.com\\\/sensorialsunsets\\\/\"]},{\"@type\":\"Person\",\"@id\":\"https:\\\/\\\/www.sensorialsunsets.com\\\/fr\\\/#\\\/schema\\\/person\\\/77e2fa594135aa94024c47e281d8a94d\",\"name\":\"Sensorial Sunsets\",\"image\":{\"@type\":\"ImageObject\",\"inLanguage\":\"fr-FR\",\"@id\":\"https:\\\/\\\/secure.gravatar.com\\\/avatar\\\/5f2d62681b1dad94c28f1500d4fc75582acdfd32b55fd1acce0a36a3c487eabe?s=96&d=mm&r=g\",\"url\":\"https:\\\/\\\/secure.gravatar.com\\\/avatar\\\/5f2d62681b1dad94c28f1500d4fc75582acdfd32b55fd1acce0a36a3c487eabe?s=96&d=mm&r=g\",\"contentUrl\":\"https:\\\/\\\/secure.gravatar.com\\\/avatar\\\/5f2d62681b1dad94c28f1500d4fc75582acdfd32b55fd1acce0a36a3c487eabe?s=96&d=mm&r=g\",\"caption\":\"Sensorial Sunsets\"},\"url\":\"https:\\\/\\\/www.sensorialsunsets.com\\\/fr\\\/author\\\/asistentes-sensorial-sunsets\\\/\"}]}<\/script>\n<!-- \/ Yoast SEO plugin. -->","yoast_head_json":{"title":"S\u00e9rie de films : le septi\u00e8me art gratuit au c\u0153ur de San Jos\u00e9","description":"D\u00e9couvre Pre\u00e1mbulo, un programme cin\u00e9matographique au Costa Rica qui favorise la diffusion du cin\u00e9ma national et international.","robots":{"index":"index","follow":"follow","max-snippet":"max-snippet:-1","max-image-preview":"max-image-preview:large","max-video-preview":"max-video-preview:-1"},"canonical":"https:\/\/www.sensorialsunsets.com\/fr\/serie-de-films-le-septieme-art-gratuit-au-coeur-de-san-jose\/","og_locale":"fr_FR","og_type":"article","og_title":"S\u00e9rie de films : le septi\u00e8me art gratuit au c\u0153ur de San Jos\u00e9","og_description":"D\u00e9couvre Pre\u00e1mbulo, un programme cin\u00e9matographique au Costa Rica qui favorise la diffusion du cin\u00e9ma national et international.","og_url":"https:\/\/www.sensorialsunsets.com\/fr\/serie-de-films-le-septieme-art-gratuit-au-coeur-de-san-jose\/","og_site_name":"SensorialSunsets","article_publisher":"https:\/\/www.facebook.com\/Sensorial-Sunsets-109180614715562","article_published_time":"2023-07-05T15:39:19+00:00","article_modified_time":"2023-07-05T20:20:04+00:00","og_image":[{"width":1024,"height":577,"url":"https:\/\/www.sensorialsunsets.com\/wp-content\/uploads\/2023\/07\/centrodecinefachada.jpg","type":"image\/jpeg"}],"author":"Sensorial Sunsets","twitter_card":"summary_large_image","twitter_misc":{"\u00c9crit par":"Sensorial Sunsets","Dur\u00e9e de lecture estim\u00e9e":"3 minutes"},"schema":{"@context":"https:\/\/schema.org","@graph":[{"@type":"Article","@id":"https:\/\/www.sensorialsunsets.com\/fr\/serie-de-films-le-septieme-art-gratuit-au-coeur-de-san-jose\/#article","isPartOf":{"@id":"https:\/\/www.sensorialsunsets.com\/fr\/serie-de-films-le-septieme-art-gratuit-au-coeur-de-san-jose\/"},"author":{"name":"Sensorial Sunsets","@id":"https:\/\/www.sensorialsunsets.com\/fr\/#\/schema\/person\/77e2fa594135aa94024c47e281d8a94d"},"headline":"S\u00e9rie de films : le septi\u00e8me art gratuit au c\u0153ur de San Jos\u00e9","datePublished":"2023-07-05T15:39:19+00:00","dateModified":"2023-07-05T20:20:04+00:00","mainEntityOfPage":{"@id":"https:\/\/www.sensorialsunsets.com\/fr\/serie-de-films-le-septieme-art-gratuit-au-coeur-de-san-jose\/"},"wordCount":571,"publisher":{"@id":"https:\/\/www.sensorialsunsets.com\/fr\/#organization"},"image":{"@id":"https:\/\/www.sensorialsunsets.com\/fr\/serie-de-films-le-septieme-art-gratuit-au-coeur-de-san-jose\/#primaryimage"},"thumbnailUrl":"https:\/\/www.sensorialsunsets.com\/wp-content\/uploads\/2023\/07\/centrodecinefachada.jpg","articleSection":["Oeuvres d'art"],"inLanguage":"fr-FR"},{"@type":"WebPage","@id":"https:\/\/www.sensorialsunsets.com\/fr\/serie-de-films-le-septieme-art-gratuit-au-coeur-de-san-jose\/","url":"https:\/\/www.sensorialsunsets.com\/fr\/serie-de-films-le-septieme-art-gratuit-au-coeur-de-san-jose\/","name":"S\u00e9rie de films : le septi\u00e8me art gratuit au c\u0153ur de San Jos\u00e9","isPartOf":{"@id":"https:\/\/www.sensorialsunsets.com\/fr\/#website"},"primaryImageOfPage":{"@id":"https:\/\/www.sensorialsunsets.com\/fr\/serie-de-films-le-septieme-art-gratuit-au-coeur-de-san-jose\/#primaryimage"},"image":{"@id":"https:\/\/www.sensorialsunsets.com\/fr\/serie-de-films-le-septieme-art-gratuit-au-coeur-de-san-jose\/#primaryimage"},"thumbnailUrl":"https:\/\/www.sensorialsunsets.com\/wp-content\/uploads\/2023\/07\/centrodecinefachada.jpg","datePublished":"2023-07-05T15:39:19+00:00","dateModified":"2023-07-05T20:20:04+00:00","description":"D\u00e9couvre Pre\u00e1mbulo, un programme cin\u00e9matographique au Costa Rica qui favorise la diffusion du cin\u00e9ma national et international.","inLanguage":"fr-FR","potentialAction":[{"@type":"ReadAction","target":["https:\/\/www.sensorialsunsets.com\/fr\/serie-de-films-le-septieme-art-gratuit-au-coeur-de-san-jose\/"]}]},{"@type":"ImageObject","inLanguage":"fr-FR","@id":"https:\/\/www.sensorialsunsets.com\/fr\/serie-de-films-le-septieme-art-gratuit-au-coeur-de-san-jose\/#primaryimage","url":"https:\/\/www.sensorialsunsets.com\/wp-content\/uploads\/2023\/07\/centrodecinefachada.jpg","contentUrl":"https:\/\/www.sensorialsunsets.com\/wp-content\/uploads\/2023\/07\/centrodecinefachada.jpg","width":1024,"height":577},{"@type":"WebSite","@id":"https:\/\/www.sensorialsunsets.com\/fr\/#website","url":"https:\/\/www.sensorialsunsets.com\/fr\/","name":"SensorialSunsets.com","description":"D\u00e9couvrez la culture et la soci\u00e9t\u00e9 du Costa Rica sur notre blog. Explorez des articles captivants et partagez le contenu.","publisher":{"@id":"https:\/\/www.sensorialsunsets.com\/fr\/#organization"},"alternateName":"Costa Rica Live Blog","potentialAction":[{"@type":"SearchAction","target":{"@type":"EntryPoint","urlTemplate":"https:\/\/www.sensorialsunsets.com\/fr\/?s={search_term_string}"},"query-input":{"@type":"PropertyValueSpecification","valueRequired":true,"valueName":"search_term_string"}}],"inLanguage":"fr-FR"},{"@type":"Organization","@id":"https:\/\/www.sensorialsunsets.com\/fr\/#organization","name":"SensorialSunsets","url":"https:\/\/www.sensorialsunsets.com\/fr\/","logo":{"@type":"ImageObject","inLanguage":"fr-FR","@id":"https:\/\/www.sensorialsunsets.com\/fr\/#\/schema\/logo\/image\/","url":"https:\/\/www.sensorialsunsets.com\/wp-content\/uploads\/2023\/04\/Logo_base_line_fond_clair.svg","contentUrl":"https:\/\/www.sensorialsunsets.com\/wp-content\/uploads\/2023\/04\/Logo_base_line_fond_clair.svg","width":"1024","height":"1024","caption":"SensorialSunsets"},"image":{"@id":"https:\/\/www.sensorialsunsets.com\/fr\/#\/schema\/logo\/image\/"},"sameAs":["https:\/\/www.facebook.com\/Sensorial-Sunsets-109180614715562","https:\/\/www.instagram.com\/sensorialsunsets\/"]},{"@type":"Person","@id":"https:\/\/www.sensorialsunsets.com\/fr\/#\/schema\/person\/77e2fa594135aa94024c47e281d8a94d","name":"Sensorial Sunsets","image":{"@type":"ImageObject","inLanguage":"fr-FR","@id":"https:\/\/secure.gravatar.com\/avatar\/5f2d62681b1dad94c28f1500d4fc75582acdfd32b55fd1acce0a36a3c487eabe?s=96&d=mm&r=g","url":"https:\/\/secure.gravatar.com\/avatar\/5f2d62681b1dad94c28f1500d4fc75582acdfd32b55fd1acce0a36a3c487eabe?s=96&d=mm&r=g","contentUrl":"https:\/\/secure.gravatar.com\/avatar\/5f2d62681b1dad94c28f1500d4fc75582acdfd32b55fd1acce0a36a3c487eabe?s=96&d=mm&r=g","caption":"Sensorial Sunsets"},"url":"https:\/\/www.sensorialsunsets.com\/fr\/author\/asistentes-sensorial-sunsets\/"}]}},"_links":{"self":[{"href":"https:\/\/www.sensorialsunsets.com\/fr\/wp-json\/wp\/v2\/posts\/8499","targetHints":{"allow":["GET"]}}],"collection":[{"href":"https:\/\/www.sensorialsunsets.com\/fr\/wp-json\/wp\/v2\/posts"}],"about":[{"href":"https:\/\/www.sensorialsunsets.com\/fr\/wp-json\/wp\/v2\/types\/post"}],"author":[{"embeddable":true,"href":"https:\/\/www.sensorialsunsets.com\/fr\/wp-json\/wp\/v2\/users\/4"}],"replies":[{"embeddable":true,"href":"https:\/\/www.sensorialsunsets.com\/fr\/wp-json\/wp\/v2\/comments?post=8499"}],"version-history":[{"count":0,"href":"https:\/\/www.sensorialsunsets.com\/fr\/wp-json\/wp\/v2\/posts\/8499\/revisions"}],"wp:featuredmedia":[{"embeddable":true,"href":"https:\/\/www.sensorialsunsets.com\/fr\/wp-json\/wp\/v2\/media\/8473"}],"wp:attachment":[{"href":"https:\/\/www.sensorialsunsets.com\/fr\/wp-json\/wp\/v2\/media?parent=8499"}],"wp:term":[{"taxonomy":"category","embeddable":true,"href":"https:\/\/www.sensorialsunsets.com\/fr\/wp-json\/wp\/v2\/categories?post=8499"},{"taxonomy":"post_tag","embeddable":true,"href":"https:\/\/www.sensorialsunsets.com\/fr\/wp-json\/wp\/v2\/tags?post=8499"}],"curies":[{"name":"wp","href":"https:\/\/api.w.org\/{rel}","templated":true}]}}