{"id":8593,"date":"2023-07-10T15:45:14","date_gmt":"2023-07-10T21:45:14","guid":{"rendered":"https:\/\/www.sensorialsunsets.com\/?p=8593"},"modified":"2023-07-10T15:45:15","modified_gmt":"2023-07-10T21:45:15","slug":"le-costa-rica-pays-durable","status":"publish","type":"post","link":"https:\/\/www.sensorialsunsets.com\/fr\/le-costa-rica-pays-durable\/","title":{"rendered":"Le Costa Rica, pays durable ?"},"content":{"rendered":"\n<p><em>Qu&rsquo;est-ce que le d\u00e9veloppement durable ? Apprenez-en plus sur ce concept si pertinent pour le monde d&rsquo;aujourd&rsquo;hui et d\u00e9couvrez si le Costa Rica est un pays durable.<\/em><\/p>\n\n\n\n<p>La durabilit\u00e9 est un concept issu de l&rsquo;\u00e9cologie qui d\u00e9crit comment les syst\u00e8mes biologiques restent productifs au fil du temps. En fait, il explique l&rsquo;\u00e9quilibre d&rsquo;une esp\u00e8ce sp\u00e9cifique avec les ressources de son environnement.<\/p>\n\n\n\n<p>Chaque ressource a une limite de renouvellement, c&rsquo;est-\u00e0-dire qu&rsquo;elle a besoin d&rsquo;un certain temps pour se renouveler. La durabilit\u00e9 vise donc \u00e0 exploiter une ressource en dessous de sa limite de renouvellement afin d&rsquo;\u00e9viter la surexploitation.<\/p>\n\n\n\n<p>Le terme <em>durabilit\u00e9<\/em> a \u00e9t\u00e9 invent\u00e9 pour la premi\u00e8re fois en 1987 dans le rapport Brundtland des Nations unies par le Dr Gro Harlem Brundtland. C&rsquo;\u00e9tait important pour elle :<\/p>\n\n\n\n<figure class=\"wp-block-pullquote\"><blockquote><p>l&rsquo;objectif de d\u00e9veloppement compatible avec les besoins des g\u00e9n\u00e9rations futures<\/p><\/blockquote><\/figure>\n\n\n<div class=\"wp-block-image\">\n<figure class=\"aligncenter size-full is-resized\"><img decoding=\"async\" src=\"https:\/\/www.sensorialsunsets.com\/wp-content\/uploads\/2023\/07\/3x3_rondsLamiotWikimediaCommons.jpg\" alt=\"\" class=\"wp-image-8601\" width=\"-49\" height=\"-45\" srcset=\"https:\/\/www.sensorialsunsets.com\/wp-content\/uploads\/2023\/07\/3x3_rondsLamiotWikimediaCommons.jpg 812w, https:\/\/www.sensorialsunsets.com\/wp-content\/uploads\/2023\/07\/3x3_rondsLamiotWikimediaCommons-300x275.jpg 300w, https:\/\/www.sensorialsunsets.com\/wp-content\/uploads\/2023\/07\/3x3_rondsLamiotWikimediaCommons-768x705.jpg 768w\" sizes=\"(max-width: 812px) 100vw, 812px\" \/><\/figure>\n<\/div>\n\n\n<p><\/p>\n\n\n\n<p>En outre, la durabilit\u00e9 repose sur trois piliers : l&rsquo;\u00e9conomie, l&rsquo;environnement et la soci\u00e9t\u00e9. Leur relation permet donc de garantir un d\u00e9veloppement \u00e9conomique et social en harmonie avec l&rsquo;environnement. <\/p>\n\n\n\n<p>Le d\u00e9veloppement durable prend alors en compte l&rsquo;action de l&rsquo;homme sur son environnement sans qu&rsquo;il soit n\u00e9cessaire d&rsquo;endommager ou de surexploiter les capacit\u00e9s de son environnement ou d&rsquo;autrui.<\/p>\n\n\n\n<h3 class=\"wp-block-heading\">Une voie durable au Costa Rica<\/h3>\n\n\n\n<p>Au Costa Rica, de nombreux efforts ont \u00e9t\u00e9 effectu\u00e9s pour maintenir la durabilit\u00e9. <\/p>\n\n\n\n<p>En effet, les universit\u00e9s sont devenues des institutions qui surveillent la gestion de l&rsquo;environnement dans le pays en menant une politique environnementale active.<\/p>\n\n\n\n<p>Le R\u00e9seau costaricien des \u00e9tablissements d&rsquo;enseignement durable (Redies) a \u00e9t\u00e9 cr\u00e9\u00e9 en 2010 pour promouvoir les \u00e9changes et la coop\u00e9ration entre les \u00e9tablissements d&rsquo;enseignement afin de parvenir \u00e0 la durabilit\u00e9 sur le campus. C&rsquo;est ainsi que les universit\u00e9s pr\u00e9sentent chaque ann\u00e9e un rapport sur leur gestion environnementale. <\/p>\n\n\n\n<h3 class=\"wp-block-heading\"><strong>Objectifs de d\u00e9veloppement durable du Costa Rica<\/strong><\/h3>\n\n\n<div class=\"wp-block-image\">\n<figure class=\"alignright size-large is-resized\"><img loading=\"lazy\" decoding=\"async\" src=\"https:\/\/www.sensorialsunsets.com\/wp-content\/uploads\/2023\/07\/shane-rounce-DNkoNXQti3c-unsplash-678x1024.jpg\" alt=\"\" class=\"wp-image-8582\" width=\"344\" height=\"520\" srcset=\"https:\/\/www.sensorialsunsets.com\/wp-content\/uploads\/2023\/07\/shane-rounce-DNkoNXQti3c-unsplash-678x1024.jpg 678w, https:\/\/www.sensorialsunsets.com\/wp-content\/uploads\/2023\/07\/shane-rounce-DNkoNXQti3c-unsplash-199x300.jpg 199w, https:\/\/www.sensorialsunsets.com\/wp-content\/uploads\/2023\/07\/shane-rounce-DNkoNXQti3c-unsplash-768x1160.jpg 768w, https:\/\/www.sensorialsunsets.com\/wp-content\/uploads\/2023\/07\/shane-rounce-DNkoNXQti3c-unsplash-1017x1536.jpg 1017w, https:\/\/www.sensorialsunsets.com\/wp-content\/uploads\/2023\/07\/shane-rounce-DNkoNXQti3c-unsplash-1356x2048.jpg 1356w, https:\/\/www.sensorialsunsets.com\/wp-content\/uploads\/2023\/07\/shane-rounce-DNkoNXQti3c-unsplash-1320x1993.jpg 1320w, https:\/\/www.sensorialsunsets.com\/wp-content\/uploads\/2023\/07\/shane-rounce-DNkoNXQti3c-unsplash-scaled.jpg 1696w\" sizes=\"auto, (max-width: 344px) 100vw, 344px\" \/><\/figure>\n<\/div>\n\n\n<p>En ce qui concerne la durabilit\u00e9, le Costa Rica a propos\u00e9 17 objectifs de d\u00e9veloppement durable, qui devraient \u00eatre atteints par l&rsquo;agenda 2030 : <\/p>\n\n\n\n<ul class=\"wp-block-list\">\n<li>fin de la pauvret\u00e9 <\/li>\n\n\n\n<li>faim z\u00e9ro<\/li>\n\n\n\n<li>sant\u00e9 et bien-\u00eatre<\/li>\n\n\n\n<li>\u00e9ducation de qualit\u00e9<\/li>\n\n\n\n<li>l&rsquo;\u00e9galit\u00e9 entre les hommes et les femmes<\/li>\n\n\n\n<li>eau propre et assainissement<\/li>\n\n\n\n<li>une \u00e9nergie abordable et propre<\/li>\n\n\n\n<li>travail d\u00e9cent et croissance \u00e9conomique<\/li>\n\n\n\n<li>industrie, innovation et infrastructure<\/li>\n\n\n\n<li>r\u00e9duire les in\u00e9galit\u00e9s<\/li>\n\n\n\n<li>villes et communaut\u00e9s durables <\/li>\n\n\n\n<li>production et consommation responsables<\/li>\n\n\n\n<li>action climatique<\/li>\n\n\n\n<li>vie sous-marine<\/li>\n\n\n\n<li>vie des \u00e9cosyst\u00e8mes terrestres<\/li>\n\n\n\n<li>paix, justice et institutions fortes<\/li>\n\n\n\n<li>partenariats pour atteindre les objectifs<\/li>\n<\/ul>\n\n\n\n<p>Les universit\u00e9s et d&rsquo;autres institutions (par exemple l&rsquo;<a href=\"https:\/\/www.sensorialsunsets.com\/fr\/tourisme-durable-au-costa-rica\/\">Institut costaricain du tourisme<\/a>) ont mis en place des mesures pour parvenir \u00e0 une harmonie avec l&rsquo;environnement, ses ressources et ses communaut\u00e9s. <\/p>\n\n\n\n<p>Toutefois, malgr\u00e9 de nombreuses avanc\u00e9es en mati\u00e8re de protection de l&rsquo;environnement, le Costa Rica manque encore de propositions pour prot\u00e9ger ses communaut\u00e9s les plus vuln\u00e9rables. <\/p>\n\n\n\n<p><strong>Sensorial Sunsets <\/strong><\/p>\n","protected":false},"excerpt":{"rendered":"<p>Qu&rsquo;est-ce que le d\u00e9veloppement durable ? Apprenez-en plus sur ce concept si pertinent pour le monde d&rsquo;aujourd&rsquo;hui et d\u00e9couvrez si le Costa Rica est un pays durable. La durabilit\u00e9 est un concept issu de l&rsquo;\u00e9cologie qui d\u00e9crit comment les syst\u00e8mes biologiques restent productifs au fil du temps. En fait, il explique l&rsquo;\u00e9quilibre d&rsquo;une esp\u00e8ce sp\u00e9cifique [&hellip;]<\/p>\n","protected":false},"author":4,"featured_media":0,"comment_status":"closed","ping_status":"closed","sticky":false,"template":"","format":"standard","meta":{"_acf_changed":false,"inline_featured_image":false,"_monsterinsights_skip_tracking":false,"_monsterinsights_sitenote_active":false,"_monsterinsights_sitenote_note":"","_monsterinsights_sitenote_category":0,"footnotes":""},"categories":[111,1,107],"tags":[],"class_list":["post-8593","post","type-post","status-publish","format-standard","hentry","category-ecologie-fr","category-non-classifiee","category-politique-fr"],"acf":[],"yoast_head":"<!-- This site is optimized with the Yoast SEO plugin v27.4 - https:\/\/yoast.com\/product\/yoast-seo-wordpress\/ -->\n<title>Le Costa Rica, pays durable ? - SensorialSunsets<\/title>\n<meta name=\"description\" content=\"Qu&#039;est-ce que le d\u00e9veloppement durable ? Apprenez-en plus sur ce concept si pertinent et d\u00e9couvrez si le Costa Rica est un pays durable.\" \/>\n<meta name=\"robots\" content=\"index, follow, max-snippet:-1, max-image-preview:large, max-video-preview:-1\" \/>\n<link rel=\"canonical\" href=\"https:\/\/www.sensorialsunsets.com\/fr\/le-costa-rica-pays-durable\/\" \/>\n<meta property=\"og:locale\" content=\"fr_FR\" \/>\n<meta property=\"og:type\" content=\"article\" \/>\n<meta property=\"og:title\" content=\"Le Costa Rica, pays durable ? - SensorialSunsets\" \/>\n<meta property=\"og:description\" content=\"Qu&#039;est-ce que le d\u00e9veloppement durable ? Apprenez-en plus sur ce concept si pertinent et d\u00e9couvrez si le Costa Rica est un pays durable.\" \/>\n<meta property=\"og:url\" content=\"https:\/\/www.sensorialsunsets.com\/fr\/le-costa-rica-pays-durable\/\" \/>\n<meta property=\"og:site_name\" content=\"SensorialSunsets\" \/>\n<meta property=\"article:publisher\" content=\"https:\/\/www.facebook.com\/Sensorial-Sunsets-109180614715562\" \/>\n<meta property=\"article:published_time\" content=\"2023-07-10T21:45:14+00:00\" \/>\n<meta property=\"article:modified_time\" content=\"2023-07-10T21:45:15+00:00\" \/>\n<meta property=\"og:image\" content=\"https:\/\/www.sensorialsunsets.com\/wp-content\/uploads\/2023\/07\/3x3_rondsLamiotWikimediaCommons.jpg\" \/>\n<meta name=\"author\" content=\"Sensorial Sunsets\" \/>\n<meta name=\"twitter:card\" content=\"summary_large_image\" \/>\n<meta name=\"twitter:label1\" content=\"\u00c9crit par\" \/>\n\t<meta name=\"twitter:data1\" content=\"Sensorial Sunsets\" \/>\n\t<meta name=\"twitter:label2\" content=\"Dur\u00e9e de lecture estim\u00e9e\" \/>\n\t<meta name=\"twitter:data2\" content=\"2 minutes\" \/>\n<script type=\"application\/ld+json\" class=\"yoast-schema-graph\">{\"@context\":\"https:\\\/\\\/schema.org\",\"@graph\":[{\"@type\":\"Article\",\"@id\":\"https:\\\/\\\/www.sensorialsunsets.com\\\/fr\\\/le-costa-rica-pays-durable\\\/#article\",\"isPartOf\":{\"@id\":\"https:\\\/\\\/www.sensorialsunsets.com\\\/fr\\\/le-costa-rica-pays-durable\\\/\"},\"author\":{\"name\":\"Sensorial Sunsets\",\"@id\":\"https:\\\/\\\/www.sensorialsunsets.com\\\/fr\\\/#\\\/schema\\\/person\\\/77e2fa594135aa94024c47e281d8a94d\"},\"headline\":\"Le Costa Rica, pays durable ?\",\"datePublished\":\"2023-07-10T21:45:14+00:00\",\"dateModified\":\"2023-07-10T21:45:15+00:00\",\"mainEntityOfPage\":{\"@id\":\"https:\\\/\\\/www.sensorialsunsets.com\\\/fr\\\/le-costa-rica-pays-durable\\\/\"},\"wordCount\":500,\"publisher\":{\"@id\":\"https:\\\/\\\/www.sensorialsunsets.com\\\/fr\\\/#organization\"},\"image\":{\"@id\":\"https:\\\/\\\/www.sensorialsunsets.com\\\/fr\\\/le-costa-rica-pays-durable\\\/#primaryimage\"},\"thumbnailUrl\":\"https:\\\/\\\/www.sensorialsunsets.com\\\/wp-content\\\/uploads\\\/2023\\\/07\\\/3x3_rondsLamiotWikimediaCommons.jpg\",\"articleSection\":[\"Ecologie\",\"Non classifi\u00e9(e)\",\"Politique\"],\"inLanguage\":\"fr-FR\"},{\"@type\":\"WebPage\",\"@id\":\"https:\\\/\\\/www.sensorialsunsets.com\\\/fr\\\/le-costa-rica-pays-durable\\\/\",\"url\":\"https:\\\/\\\/www.sensorialsunsets.com\\\/fr\\\/le-costa-rica-pays-durable\\\/\",\"name\":\"Le Costa Rica, pays durable ? - SensorialSunsets\",\"isPartOf\":{\"@id\":\"https:\\\/\\\/www.sensorialsunsets.com\\\/fr\\\/#website\"},\"primaryImageOfPage\":{\"@id\":\"https:\\\/\\\/www.sensorialsunsets.com\\\/fr\\\/le-costa-rica-pays-durable\\\/#primaryimage\"},\"image\":{\"@id\":\"https:\\\/\\\/www.sensorialsunsets.com\\\/fr\\\/le-costa-rica-pays-durable\\\/#primaryimage\"},\"thumbnailUrl\":\"https:\\\/\\\/www.sensorialsunsets.com\\\/wp-content\\\/uploads\\\/2023\\\/07\\\/3x3_rondsLamiotWikimediaCommons.jpg\",\"datePublished\":\"2023-07-10T21:45:14+00:00\",\"dateModified\":\"2023-07-10T21:45:15+00:00\",\"description\":\"Qu'est-ce que le d\u00e9veloppement durable ? Apprenez-en plus sur ce concept si pertinent et d\u00e9couvrez si le Costa Rica est un pays durable.\",\"inLanguage\":\"fr-FR\",\"potentialAction\":[{\"@type\":\"ReadAction\",\"target\":[\"https:\\\/\\\/www.sensorialsunsets.com\\\/fr\\\/le-costa-rica-pays-durable\\\/\"]}]},{\"@type\":\"ImageObject\",\"inLanguage\":\"fr-FR\",\"@id\":\"https:\\\/\\\/www.sensorialsunsets.com\\\/fr\\\/le-costa-rica-pays-durable\\\/#primaryimage\",\"url\":\"https:\\\/\\\/www.sensorialsunsets.com\\\/wp-content\\\/uploads\\\/2023\\\/07\\\/3x3_rondsLamiotWikimediaCommons.jpg\",\"contentUrl\":\"https:\\\/\\\/www.sensorialsunsets.com\\\/wp-content\\\/uploads\\\/2023\\\/07\\\/3x3_rondsLamiotWikimediaCommons.jpg\"},{\"@type\":\"WebSite\",\"@id\":\"https:\\\/\\\/www.sensorialsunsets.com\\\/fr\\\/#website\",\"url\":\"https:\\\/\\\/www.sensorialsunsets.com\\\/fr\\\/\",\"name\":\"SensorialSunsets.com\",\"description\":\"D\u00e9couvrez la culture et la soci\u00e9t\u00e9 du Costa Rica sur notre blog. Explorez des articles captivants et partagez le contenu.\",\"publisher\":{\"@id\":\"https:\\\/\\\/www.sensorialsunsets.com\\\/fr\\\/#organization\"},\"alternateName\":\"Costa Rica Live Blog\",\"potentialAction\":[{\"@type\":\"SearchAction\",\"target\":{\"@type\":\"EntryPoint\",\"urlTemplate\":\"https:\\\/\\\/www.sensorialsunsets.com\\\/fr\\\/?s={search_term_string}\"},\"query-input\":{\"@type\":\"PropertyValueSpecification\",\"valueRequired\":true,\"valueName\":\"search_term_string\"}}],\"inLanguage\":\"fr-FR\"},{\"@type\":\"Organization\",\"@id\":\"https:\\\/\\\/www.sensorialsunsets.com\\\/fr\\\/#organization\",\"name\":\"SensorialSunsets\",\"url\":\"https:\\\/\\\/www.sensorialsunsets.com\\\/fr\\\/\",\"logo\":{\"@type\":\"ImageObject\",\"inLanguage\":\"fr-FR\",\"@id\":\"https:\\\/\\\/www.sensorialsunsets.com\\\/fr\\\/#\\\/schema\\\/logo\\\/image\\\/\",\"url\":\"https:\\\/\\\/www.sensorialsunsets.com\\\/wp-content\\\/uploads\\\/2023\\\/04\\\/Logo_base_line_fond_clair.svg\",\"contentUrl\":\"https:\\\/\\\/www.sensorialsunsets.com\\\/wp-content\\\/uploads\\\/2023\\\/04\\\/Logo_base_line_fond_clair.svg\",\"width\":\"1024\",\"height\":\"1024\",\"caption\":\"SensorialSunsets\"},\"image\":{\"@id\":\"https:\\\/\\\/www.sensorialsunsets.com\\\/fr\\\/#\\\/schema\\\/logo\\\/image\\\/\"},\"sameAs\":[\"https:\\\/\\\/www.facebook.com\\\/Sensorial-Sunsets-109180614715562\",\"https:\\\/\\\/www.instagram.com\\\/sensorialsunsets\\\/\"]},{\"@type\":\"Person\",\"@id\":\"https:\\\/\\\/www.sensorialsunsets.com\\\/fr\\\/#\\\/schema\\\/person\\\/77e2fa594135aa94024c47e281d8a94d\",\"name\":\"Sensorial Sunsets\",\"image\":{\"@type\":\"ImageObject\",\"inLanguage\":\"fr-FR\",\"@id\":\"https:\\\/\\\/secure.gravatar.com\\\/avatar\\\/5f2d62681b1dad94c28f1500d4fc75582acdfd32b55fd1acce0a36a3c487eabe?s=96&d=mm&r=g\",\"url\":\"https:\\\/\\\/secure.gravatar.com\\\/avatar\\\/5f2d62681b1dad94c28f1500d4fc75582acdfd32b55fd1acce0a36a3c487eabe?s=96&d=mm&r=g\",\"contentUrl\":\"https:\\\/\\\/secure.gravatar.com\\\/avatar\\\/5f2d62681b1dad94c28f1500d4fc75582acdfd32b55fd1acce0a36a3c487eabe?s=96&d=mm&r=g\",\"caption\":\"Sensorial Sunsets\"},\"url\":\"https:\\\/\\\/www.sensorialsunsets.com\\\/fr\\\/author\\\/asistentes-sensorial-sunsets\\\/\"}]}<\/script>\n<!-- \/ Yoast SEO plugin. -->","yoast_head_json":{"title":"Le Costa Rica, pays durable ? - SensorialSunsets","description":"Qu'est-ce que le d\u00e9veloppement durable ? Apprenez-en plus sur ce concept si pertinent et d\u00e9couvrez si le Costa Rica est un pays durable.","robots":{"index":"index","follow":"follow","max-snippet":"max-snippet:-1","max-image-preview":"max-image-preview:large","max-video-preview":"max-video-preview:-1"},"canonical":"https:\/\/www.sensorialsunsets.com\/fr\/le-costa-rica-pays-durable\/","og_locale":"fr_FR","og_type":"article","og_title":"Le Costa Rica, pays durable ? - SensorialSunsets","og_description":"Qu'est-ce que le d\u00e9veloppement durable ? Apprenez-en plus sur ce concept si pertinent et d\u00e9couvrez si le Costa Rica est un pays durable.","og_url":"https:\/\/www.sensorialsunsets.com\/fr\/le-costa-rica-pays-durable\/","og_site_name":"SensorialSunsets","article_publisher":"https:\/\/www.facebook.com\/Sensorial-Sunsets-109180614715562","article_published_time":"2023-07-10T21:45:14+00:00","article_modified_time":"2023-07-10T21:45:15+00:00","og_image":[{"url":"https:\/\/www.sensorialsunsets.com\/wp-content\/uploads\/2023\/07\/3x3_rondsLamiotWikimediaCommons.jpg","type":"","width":"","height":""}],"author":"Sensorial Sunsets","twitter_card":"summary_large_image","twitter_misc":{"\u00c9crit par":"Sensorial Sunsets","Dur\u00e9e de lecture estim\u00e9e":"2 minutes"},"schema":{"@context":"https:\/\/schema.org","@graph":[{"@type":"Article","@id":"https:\/\/www.sensorialsunsets.com\/fr\/le-costa-rica-pays-durable\/#article","isPartOf":{"@id":"https:\/\/www.sensorialsunsets.com\/fr\/le-costa-rica-pays-durable\/"},"author":{"name":"Sensorial Sunsets","@id":"https:\/\/www.sensorialsunsets.com\/fr\/#\/schema\/person\/77e2fa594135aa94024c47e281d8a94d"},"headline":"Le Costa Rica, pays durable ?","datePublished":"2023-07-10T21:45:14+00:00","dateModified":"2023-07-10T21:45:15+00:00","mainEntityOfPage":{"@id":"https:\/\/www.sensorialsunsets.com\/fr\/le-costa-rica-pays-durable\/"},"wordCount":500,"publisher":{"@id":"https:\/\/www.sensorialsunsets.com\/fr\/#organization"},"image":{"@id":"https:\/\/www.sensorialsunsets.com\/fr\/le-costa-rica-pays-durable\/#primaryimage"},"thumbnailUrl":"https:\/\/www.sensorialsunsets.com\/wp-content\/uploads\/2023\/07\/3x3_rondsLamiotWikimediaCommons.jpg","articleSection":["Ecologie","Non classifi\u00e9(e)","Politique"],"inLanguage":"fr-FR"},{"@type":"WebPage","@id":"https:\/\/www.sensorialsunsets.com\/fr\/le-costa-rica-pays-durable\/","url":"https:\/\/www.sensorialsunsets.com\/fr\/le-costa-rica-pays-durable\/","name":"Le Costa Rica, pays durable ? - SensorialSunsets","isPartOf":{"@id":"https:\/\/www.sensorialsunsets.com\/fr\/#website"},"primaryImageOfPage":{"@id":"https:\/\/www.sensorialsunsets.com\/fr\/le-costa-rica-pays-durable\/#primaryimage"},"image":{"@id":"https:\/\/www.sensorialsunsets.com\/fr\/le-costa-rica-pays-durable\/#primaryimage"},"thumbnailUrl":"https:\/\/www.sensorialsunsets.com\/wp-content\/uploads\/2023\/07\/3x3_rondsLamiotWikimediaCommons.jpg","datePublished":"2023-07-10T21:45:14+00:00","dateModified":"2023-07-10T21:45:15+00:00","description":"Qu'est-ce que le d\u00e9veloppement durable ? Apprenez-en plus sur ce concept si pertinent et d\u00e9couvrez si le Costa Rica est un pays durable.","inLanguage":"fr-FR","potentialAction":[{"@type":"ReadAction","target":["https:\/\/www.sensorialsunsets.com\/fr\/le-costa-rica-pays-durable\/"]}]},{"@type":"ImageObject","inLanguage":"fr-FR","@id":"https:\/\/www.sensorialsunsets.com\/fr\/le-costa-rica-pays-durable\/#primaryimage","url":"https:\/\/www.sensorialsunsets.com\/wp-content\/uploads\/2023\/07\/3x3_rondsLamiotWikimediaCommons.jpg","contentUrl":"https:\/\/www.sensorialsunsets.com\/wp-content\/uploads\/2023\/07\/3x3_rondsLamiotWikimediaCommons.jpg"},{"@type":"WebSite","@id":"https:\/\/www.sensorialsunsets.com\/fr\/#website","url":"https:\/\/www.sensorialsunsets.com\/fr\/","name":"SensorialSunsets.com","description":"D\u00e9couvrez la culture et la soci\u00e9t\u00e9 du Costa Rica sur notre blog. Explorez des articles captivants et partagez le contenu.","publisher":{"@id":"https:\/\/www.sensorialsunsets.com\/fr\/#organization"},"alternateName":"Costa Rica Live Blog","potentialAction":[{"@type":"SearchAction","target":{"@type":"EntryPoint","urlTemplate":"https:\/\/www.sensorialsunsets.com\/fr\/?s={search_term_string}"},"query-input":{"@type":"PropertyValueSpecification","valueRequired":true,"valueName":"search_term_string"}}],"inLanguage":"fr-FR"},{"@type":"Organization","@id":"https:\/\/www.sensorialsunsets.com\/fr\/#organization","name":"SensorialSunsets","url":"https:\/\/www.sensorialsunsets.com\/fr\/","logo":{"@type":"ImageObject","inLanguage":"fr-FR","@id":"https:\/\/www.sensorialsunsets.com\/fr\/#\/schema\/logo\/image\/","url":"https:\/\/www.sensorialsunsets.com\/wp-content\/uploads\/2023\/04\/Logo_base_line_fond_clair.svg","contentUrl":"https:\/\/www.sensorialsunsets.com\/wp-content\/uploads\/2023\/04\/Logo_base_line_fond_clair.svg","width":"1024","height":"1024","caption":"SensorialSunsets"},"image":{"@id":"https:\/\/www.sensorialsunsets.com\/fr\/#\/schema\/logo\/image\/"},"sameAs":["https:\/\/www.facebook.com\/Sensorial-Sunsets-109180614715562","https:\/\/www.instagram.com\/sensorialsunsets\/"]},{"@type":"Person","@id":"https:\/\/www.sensorialsunsets.com\/fr\/#\/schema\/person\/77e2fa594135aa94024c47e281d8a94d","name":"Sensorial Sunsets","image":{"@type":"ImageObject","inLanguage":"fr-FR","@id":"https:\/\/secure.gravatar.com\/avatar\/5f2d62681b1dad94c28f1500d4fc75582acdfd32b55fd1acce0a36a3c487eabe?s=96&d=mm&r=g","url":"https:\/\/secure.gravatar.com\/avatar\/5f2d62681b1dad94c28f1500d4fc75582acdfd32b55fd1acce0a36a3c487eabe?s=96&d=mm&r=g","contentUrl":"https:\/\/secure.gravatar.com\/avatar\/5f2d62681b1dad94c28f1500d4fc75582acdfd32b55fd1acce0a36a3c487eabe?s=96&d=mm&r=g","caption":"Sensorial Sunsets"},"url":"https:\/\/www.sensorialsunsets.com\/fr\/author\/asistentes-sensorial-sunsets\/"}]}},"_links":{"self":[{"href":"https:\/\/www.sensorialsunsets.com\/fr\/wp-json\/wp\/v2\/posts\/8593","targetHints":{"allow":["GET"]}}],"collection":[{"href":"https:\/\/www.sensorialsunsets.com\/fr\/wp-json\/wp\/v2\/posts"}],"about":[{"href":"https:\/\/www.sensorialsunsets.com\/fr\/wp-json\/wp\/v2\/types\/post"}],"author":[{"embeddable":true,"href":"https:\/\/www.sensorialsunsets.com\/fr\/wp-json\/wp\/v2\/users\/4"}],"replies":[{"embeddable":true,"href":"https:\/\/www.sensorialsunsets.com\/fr\/wp-json\/wp\/v2\/comments?post=8593"}],"version-history":[{"count":0,"href":"https:\/\/www.sensorialsunsets.com\/fr\/wp-json\/wp\/v2\/posts\/8593\/revisions"}],"wp:attachment":[{"href":"https:\/\/www.sensorialsunsets.com\/fr\/wp-json\/wp\/v2\/media?parent=8593"}],"wp:term":[{"taxonomy":"category","embeddable":true,"href":"https:\/\/www.sensorialsunsets.com\/fr\/wp-json\/wp\/v2\/categories?post=8593"},{"taxonomy":"post_tag","embeddable":true,"href":"https:\/\/www.sensorialsunsets.com\/fr\/wp-json\/wp\/v2\/tags?post=8593"}],"curies":[{"name":"wp","href":"https:\/\/api.w.org\/{rel}","templated":true}]}}