{"id":8637,"date":"2023-07-11T11:07:38","date_gmt":"2023-07-11T17:07:38","guid":{"rendered":"https:\/\/www.sensorialsunsets.com\/?p=8637"},"modified":"2023-07-11T11:07:51","modified_gmt":"2023-07-11T17:07:51","slug":"el-avion-un-restaurant-charge-dhistoire-sur-la-plage-de-manuel-antonio","status":"publish","type":"post","link":"https:\/\/www.sensorialsunsets.com\/fr\/el-avion-un-restaurant-charge-dhistoire-sur-la-plage-de-manuel-antonio\/","title":{"rendered":"El Avi\u00f3n : un restaurant charg\u00e9 d&rsquo;histoire sur la plage de Manuel Antonio"},"content":{"rendered":"\n<p>El Avi\u00f3n, une attraction touristique qui offre une <a href=\"https:\/\/www.sensorialsunsets.com\/fr\/le-costa-rica-un-pont-gastronomique\/\">d\u00e9licieuse gastronomie<\/a> et une histoire fascinante li\u00e9e \u00e0 l&rsquo;un des plus grands scandales politiques des ann\u00e9es 80.<\/p>\n\n\n\n<h3 class=\"wp-block-heading\"><strong>L&rsquo;histoire d&rsquo;El Avi\u00f3n<\/strong>. <\/h3>\n\n\n<div class=\"wp-block-image\">\n<figure class=\"alignright size-full is-resized\"><img loading=\"lazy\" decoding=\"async\" src=\"https:\/\/www.sensorialsunsets.com\/wp-content\/uploads\/2023\/07\/4a9d98_a61a75d2daf54f72b8729329c2e65c57mv2.webp\" alt=\"\" class=\"wp-image-8614\" width=\"241\" height=\"583\" srcset=\"https:\/\/www.sensorialsunsets.com\/wp-content\/uploads\/2023\/07\/4a9d98_a61a75d2daf54f72b8729329c2e65c57mv2.webp 294w, https:\/\/www.sensorialsunsets.com\/wp-content\/uploads\/2023\/07\/4a9d98_a61a75d2daf54f72b8729329c2e65c57mv2-124x300.webp 124w\" sizes=\"auto, (max-width: 241px) 100vw, 241px\" \/><\/figure>\n<\/div>\n\n\n<p>Au cours de cette p\u00e9riode, l&rsquo;administration Reagan a mis en place un r\u00e9seau de vente d&rsquo;armes \u00e0 l&rsquo;Iran dans le but de lib\u00e9rer les otages am\u00e9ricains d\u00e9tenus au Liban et de financer les contre-r\u00e9volutionnaires nicaraguayens, connus sous le nom de \u00ab\u00a0Contras\u00a0\u00bb. Dans ce sc\u00e9nario mouvement\u00e9, notre Fairchild C-123, un avion-cargo, est devenu un acteur cl\u00e9.<\/p>\n\n\n\n<p>La strat\u00e9gie de ce r\u00e9seau de vente d&rsquo;armes consistait \u00e0 gonfler artificiellement le prix des armes. Oliver North, un fonctionnaire du Conseil de s\u00e9curit\u00e9 nationale, a d\u00e9tourn\u00e9 des fonds pour financer les rebelles nicaraguayens oppos\u00e9s au gouvernement sandiniste soutenu par Cuba. Les 16 millions de dollars collect\u00e9s n&rsquo;ont abouti qu&rsquo;\u00e0 hauteur de 3,8 millions de dollars dans les mains des Contras.<\/p>\n\n\n\n<p>En marge de cette op\u00e9ration, plusieurs articles ont \u00e9t\u00e9 acquis, notamment deux avions-cargos C-123, deux C-7, un avion Maule, des pi\u00e8ces d\u00e9tach\u00e9es et des munitions. De plus, une piste d&rsquo;atterrissage secr\u00e8te a \u00e9t\u00e9 construite sur un ranch de 30 000 acres appartenant aux \u00c9tats-Unis dans le nord-ouest du Costa Rica.<\/p>\n\n\n\n<p>Le 5 octobre 1986, l&rsquo;un des avions-cargos am\u00e9ricains a \u00e9t\u00e9 abattu au-dessus du Nicaragua. Pendant cet incident, Eugene Hasenfus, pilote et membre d&rsquo;\u00e9quipage, a \u00e9t\u00e9 captur\u00e9 par l&rsquo;arm\u00e9e sandiniste apr\u00e8s avoir saut\u00e9 en parachute pour se mettre en s\u00e9curit\u00e9.<\/p>\n\n\n\n<h3 class=\"wp-block-heading\"><strong>Les scandales politiques<\/strong>.<\/h3>\n\n\n\n<p>L&rsquo;arrestation de Hasenfus a d\u00e9clench\u00e9 une s\u00e9rie de dissimulations et de mensonges qui sont devenus l&rsquo;un des plus grands scandales politiques de l&rsquo;histoire des \u00c9tats-Unis, connu sous le nom d&rsquo;affaire Iran-Contra. \u00c0 la suite de cet incident, l&rsquo;op\u00e9ration de fret a \u00e9t\u00e9 suspendue et l&rsquo;un des C-123 a \u00e9t\u00e9 compl\u00e8tement abandonn\u00e9 \u00e0 l&rsquo;a\u00e9roport international de San Jose.<\/p>\n\n\n\n<p>Toutefois, l&rsquo;entreprise a acquis l&rsquo;avion en ao\u00fbt 2000 et ses pi\u00e8ces ont \u00e9t\u00e9 exp\u00e9di\u00e9es \u00e0 Quepos. Au terme d&rsquo;une ascension \u00e9prouvante de la colline de Manuel Antonio, il a finalement trouv\u00e9 son lieu de repos actuel \u00e0 c\u00f4t\u00e9 d&rsquo;une impressionnante falaise.<\/p>\n\n\n\n<h3 class=\"wp-block-heading\"><strong>Une attraction touristique<\/strong>.<\/h3>\n\n\n<div class=\"wp-block-image\">\n<figure class=\"alignright size-full is-resized\"><img loading=\"lazy\" decoding=\"async\" src=\"https:\/\/www.sensorialsunsets.com\/wp-content\/uploads\/2023\/07\/avion-02-1.jpeg\" alt=\"\" class=\"wp-image-8608\" width=\"445\" height=\"297\" srcset=\"https:\/\/www.sensorialsunsets.com\/wp-content\/uploads\/2023\/07\/avion-02-1.jpeg 1024w, https:\/\/www.sensorialsunsets.com\/wp-content\/uploads\/2023\/07\/avion-02-1-300x200.jpeg 300w, https:\/\/www.sensorialsunsets.com\/wp-content\/uploads\/2023\/07\/avion-02-1-768x512.jpeg 768w, https:\/\/www.sensorialsunsets.com\/wp-content\/uploads\/2023\/07\/avion-02-1-334x222.jpeg 334w\" sizes=\"auto, (max-width: 445px) 100vw, 445px\" \/><\/figure>\n<\/div>\n\n\n<p>\u00c0 ce jour, le C-123 mis hors service a \u00e9t\u00e9 transform\u00e9 en restaurant et bar historiques, ainsi qu&rsquo;en une relique durable de la guerre froide. Les visiteurs peuvent vivre l&rsquo;exp\u00e9rience unique de d\u00eener sous les ailes de l&rsquo;avion, de prendre un verre au bar situ\u00e9 dans le fuselage ou m\u00eame d&rsquo;explorer le cockpit. <a href=\"https:\/\/es.elavion.net\/\">El Avi\u00f3n<\/a> a r\u00e9ussi \u00e0 transformer son pass\u00e9 controvers\u00e9 en une attraction touristique et culturelle au Costa Rica. <\/p>\n\n\n\n<p>En d&rsquo;autres termes, l&rsquo;ambiance et l&rsquo;histoire de ce restaurant se combinent pour offrir aux convives une exp\u00e9rience inoubliable tout en profitant de la vue panoramique sur la plage de Manuel Antonio.<\/p>\n\n\n\n<p><strong>Sensorial Sunsets<\/strong><\/p>\n","protected":false},"excerpt":{"rendered":"<p>El Avi\u00f3n, une attraction touristique qui offre une d\u00e9licieuse gastronomie et une histoire fascinante li\u00e9e \u00e0 l&rsquo;un des plus grands scandales politiques des ann\u00e9es 80. L&rsquo;histoire d&rsquo;El Avi\u00f3n. Au cours de cette p\u00e9riode, l&rsquo;administration Reagan a mis en place un r\u00e9seau de vente d&rsquo;armes \u00e0 l&rsquo;Iran dans le but de lib\u00e9rer les otages am\u00e9ricains d\u00e9tenus [&hellip;]<\/p>\n","protected":false},"author":4,"featured_media":8613,"comment_status":"closed","ping_status":"closed","sticky":false,"template":"","format":"standard","meta":{"_acf_changed":false,"inline_featured_image":false,"_monsterinsights_skip_tracking":false,"_monsterinsights_sitenote_active":false,"_monsterinsights_sitenote_note":"","_monsterinsights_sitenote_category":0,"footnotes":""},"categories":[168],"tags":[],"class_list":["post-8637","post","type-post","status-publish","format-standard","has-post-thumbnail","hentry","category-actualites"],"acf":[],"yoast_head":"<!-- This site is optimized with the Yoast SEO plugin v27.4 - https:\/\/yoast.com\/product\/yoast-seo-wordpress\/ -->\n<title>El Avi\u00f3n : un restaurant charg\u00e9 d&#039;histoire \u00e0 Manuel Antonio<\/title>\n<meta name=\"description\" content=\"El Avion, une attraction touristique qui propose une cuisine d\u00e9licieuse et une histoire fascinante de scandales politiques des ann\u00e9es 1980.\" \/>\n<meta name=\"robots\" content=\"index, follow, max-snippet:-1, max-image-preview:large, max-video-preview:-1\" \/>\n<link rel=\"canonical\" href=\"https:\/\/www.sensorialsunsets.com\/fr\/el-avion-un-restaurant-charge-dhistoire-sur-la-plage-de-manuel-antonio\/\" \/>\n<meta property=\"og:locale\" content=\"fr_FR\" \/>\n<meta property=\"og:type\" content=\"article\" \/>\n<meta property=\"og:title\" content=\"El Avi\u00f3n : un restaurant charg\u00e9 d&#039;histoire \u00e0 Manuel Antonio\" \/>\n<meta property=\"og:description\" content=\"El Avion, une attraction touristique qui propose une cuisine d\u00e9licieuse et une histoire fascinante de scandales politiques des ann\u00e9es 1980.\" \/>\n<meta property=\"og:url\" content=\"https:\/\/www.sensorialsunsets.com\/fr\/el-avion-un-restaurant-charge-dhistoire-sur-la-plage-de-manuel-antonio\/\" \/>\n<meta property=\"og:site_name\" content=\"SensorialSunsets\" \/>\n<meta property=\"article:publisher\" content=\"https:\/\/www.facebook.com\/Sensorial-Sunsets-109180614715562\" \/>\n<meta property=\"article:published_time\" content=\"2023-07-11T17:07:38+00:00\" \/>\n<meta property=\"article:modified_time\" content=\"2023-07-11T17:07:51+00:00\" \/>\n<meta property=\"og:image\" content=\"https:\/\/www.sensorialsunsets.com\/wp-content\/uploads\/2023\/07\/avion-01-1-e1689090602426.jpeg\" \/>\n\t<meta property=\"og:image:width\" content=\"2500\" \/>\n\t<meta property=\"og:image:height\" content=\"918\" \/>\n\t<meta property=\"og:image:type\" content=\"image\/jpeg\" \/>\n<meta name=\"author\" content=\"Sensorial Sunsets\" \/>\n<meta name=\"twitter:card\" content=\"summary_large_image\" \/>\n<meta name=\"twitter:label1\" content=\"\u00c9crit par\" \/>\n\t<meta name=\"twitter:data1\" content=\"Sensorial Sunsets\" \/>\n\t<meta name=\"twitter:label2\" content=\"Dur\u00e9e de lecture estim\u00e9e\" \/>\n\t<meta name=\"twitter:data2\" content=\"2 minutes\" \/>\n<script type=\"application\/ld+json\" class=\"yoast-schema-graph\">{\"@context\":\"https:\\\/\\\/schema.org\",\"@graph\":[{\"@type\":\"Article\",\"@id\":\"https:\\\/\\\/www.sensorialsunsets.com\\\/fr\\\/el-avion-un-restaurant-charge-dhistoire-sur-la-plage-de-manuel-antonio\\\/#article\",\"isPartOf\":{\"@id\":\"https:\\\/\\\/www.sensorialsunsets.com\\\/fr\\\/el-avion-un-restaurant-charge-dhistoire-sur-la-plage-de-manuel-antonio\\\/\"},\"author\":{\"name\":\"Sensorial Sunsets\",\"@id\":\"https:\\\/\\\/www.sensorialsunsets.com\\\/fr\\\/#\\\/schema\\\/person\\\/77e2fa594135aa94024c47e281d8a94d\"},\"headline\":\"El Avi\u00f3n : un restaurant charg\u00e9 d&rsquo;histoire sur la plage de Manuel Antonio\",\"datePublished\":\"2023-07-11T17:07:38+00:00\",\"dateModified\":\"2023-07-11T17:07:51+00:00\",\"mainEntityOfPage\":{\"@id\":\"https:\\\/\\\/www.sensorialsunsets.com\\\/fr\\\/el-avion-un-restaurant-charge-dhistoire-sur-la-plage-de-manuel-antonio\\\/\"},\"wordCount\":511,\"publisher\":{\"@id\":\"https:\\\/\\\/www.sensorialsunsets.com\\\/fr\\\/#organization\"},\"image\":{\"@id\":\"https:\\\/\\\/www.sensorialsunsets.com\\\/fr\\\/el-avion-un-restaurant-charge-dhistoire-sur-la-plage-de-manuel-antonio\\\/#primaryimage\"},\"thumbnailUrl\":\"https:\\\/\\\/www.sensorialsunsets.com\\\/wp-content\\\/uploads\\\/2023\\\/07\\\/avion-01-1-e1689090602426.jpeg\",\"articleSection\":[\"Vivez le Costa Rica\"],\"inLanguage\":\"fr-FR\"},{\"@type\":\"WebPage\",\"@id\":\"https:\\\/\\\/www.sensorialsunsets.com\\\/fr\\\/el-avion-un-restaurant-charge-dhistoire-sur-la-plage-de-manuel-antonio\\\/\",\"url\":\"https:\\\/\\\/www.sensorialsunsets.com\\\/fr\\\/el-avion-un-restaurant-charge-dhistoire-sur-la-plage-de-manuel-antonio\\\/\",\"name\":\"El Avi\u00f3n : un restaurant charg\u00e9 d'histoire \u00e0 Manuel Antonio\",\"isPartOf\":{\"@id\":\"https:\\\/\\\/www.sensorialsunsets.com\\\/fr\\\/#website\"},\"primaryImageOfPage\":{\"@id\":\"https:\\\/\\\/www.sensorialsunsets.com\\\/fr\\\/el-avion-un-restaurant-charge-dhistoire-sur-la-plage-de-manuel-antonio\\\/#primaryimage\"},\"image\":{\"@id\":\"https:\\\/\\\/www.sensorialsunsets.com\\\/fr\\\/el-avion-un-restaurant-charge-dhistoire-sur-la-plage-de-manuel-antonio\\\/#primaryimage\"},\"thumbnailUrl\":\"https:\\\/\\\/www.sensorialsunsets.com\\\/wp-content\\\/uploads\\\/2023\\\/07\\\/avion-01-1-e1689090602426.jpeg\",\"datePublished\":\"2023-07-11T17:07:38+00:00\",\"dateModified\":\"2023-07-11T17:07:51+00:00\",\"description\":\"El Avion, une attraction touristique qui propose une cuisine d\u00e9licieuse et une histoire fascinante de scandales politiques des ann\u00e9es 1980.\",\"inLanguage\":\"fr-FR\",\"potentialAction\":[{\"@type\":\"ReadAction\",\"target\":[\"https:\\\/\\\/www.sensorialsunsets.com\\\/fr\\\/el-avion-un-restaurant-charge-dhistoire-sur-la-plage-de-manuel-antonio\\\/\"]}]},{\"@type\":\"ImageObject\",\"inLanguage\":\"fr-FR\",\"@id\":\"https:\\\/\\\/www.sensorialsunsets.com\\\/fr\\\/el-avion-un-restaurant-charge-dhistoire-sur-la-plage-de-manuel-antonio\\\/#primaryimage\",\"url\":\"https:\\\/\\\/www.sensorialsunsets.com\\\/wp-content\\\/uploads\\\/2023\\\/07\\\/avion-01-1-e1689090602426.jpeg\",\"contentUrl\":\"https:\\\/\\\/www.sensorialsunsets.com\\\/wp-content\\\/uploads\\\/2023\\\/07\\\/avion-01-1-e1689090602426.jpeg\",\"width\":2500,\"height\":918},{\"@type\":\"WebSite\",\"@id\":\"https:\\\/\\\/www.sensorialsunsets.com\\\/fr\\\/#website\",\"url\":\"https:\\\/\\\/www.sensorialsunsets.com\\\/fr\\\/\",\"name\":\"SensorialSunsets.com\",\"description\":\"D\u00e9couvrez la culture et la soci\u00e9t\u00e9 du Costa Rica sur notre blog. Explorez des articles captivants et partagez le contenu.\",\"publisher\":{\"@id\":\"https:\\\/\\\/www.sensorialsunsets.com\\\/fr\\\/#organization\"},\"alternateName\":\"Costa Rica Live Blog\",\"potentialAction\":[{\"@type\":\"SearchAction\",\"target\":{\"@type\":\"EntryPoint\",\"urlTemplate\":\"https:\\\/\\\/www.sensorialsunsets.com\\\/fr\\\/?s={search_term_string}\"},\"query-input\":{\"@type\":\"PropertyValueSpecification\",\"valueRequired\":true,\"valueName\":\"search_term_string\"}}],\"inLanguage\":\"fr-FR\"},{\"@type\":\"Organization\",\"@id\":\"https:\\\/\\\/www.sensorialsunsets.com\\\/fr\\\/#organization\",\"name\":\"SensorialSunsets\",\"url\":\"https:\\\/\\\/www.sensorialsunsets.com\\\/fr\\\/\",\"logo\":{\"@type\":\"ImageObject\",\"inLanguage\":\"fr-FR\",\"@id\":\"https:\\\/\\\/www.sensorialsunsets.com\\\/fr\\\/#\\\/schema\\\/logo\\\/image\\\/\",\"url\":\"https:\\\/\\\/www.sensorialsunsets.com\\\/wp-content\\\/uploads\\\/2023\\\/04\\\/Logo_base_line_fond_clair.svg\",\"contentUrl\":\"https:\\\/\\\/www.sensorialsunsets.com\\\/wp-content\\\/uploads\\\/2023\\\/04\\\/Logo_base_line_fond_clair.svg\",\"width\":\"1024\",\"height\":\"1024\",\"caption\":\"SensorialSunsets\"},\"image\":{\"@id\":\"https:\\\/\\\/www.sensorialsunsets.com\\\/fr\\\/#\\\/schema\\\/logo\\\/image\\\/\"},\"sameAs\":[\"https:\\\/\\\/www.facebook.com\\\/Sensorial-Sunsets-109180614715562\",\"https:\\\/\\\/www.instagram.com\\\/sensorialsunsets\\\/\"]},{\"@type\":\"Person\",\"@id\":\"https:\\\/\\\/www.sensorialsunsets.com\\\/fr\\\/#\\\/schema\\\/person\\\/77e2fa594135aa94024c47e281d8a94d\",\"name\":\"Sensorial Sunsets\",\"image\":{\"@type\":\"ImageObject\",\"inLanguage\":\"fr-FR\",\"@id\":\"https:\\\/\\\/secure.gravatar.com\\\/avatar\\\/5f2d62681b1dad94c28f1500d4fc75582acdfd32b55fd1acce0a36a3c487eabe?s=96&d=mm&r=g\",\"url\":\"https:\\\/\\\/secure.gravatar.com\\\/avatar\\\/5f2d62681b1dad94c28f1500d4fc75582acdfd32b55fd1acce0a36a3c487eabe?s=96&d=mm&r=g\",\"contentUrl\":\"https:\\\/\\\/secure.gravatar.com\\\/avatar\\\/5f2d62681b1dad94c28f1500d4fc75582acdfd32b55fd1acce0a36a3c487eabe?s=96&d=mm&r=g\",\"caption\":\"Sensorial Sunsets\"},\"url\":\"https:\\\/\\\/www.sensorialsunsets.com\\\/fr\\\/author\\\/asistentes-sensorial-sunsets\\\/\"}]}<\/script>\n<!-- \/ Yoast SEO plugin. -->","yoast_head_json":{"title":"El Avi\u00f3n : un restaurant charg\u00e9 d'histoire \u00e0 Manuel Antonio","description":"El Avion, une attraction touristique qui propose une cuisine d\u00e9licieuse et une histoire fascinante de scandales politiques des ann\u00e9es 1980.","robots":{"index":"index","follow":"follow","max-snippet":"max-snippet:-1","max-image-preview":"max-image-preview:large","max-video-preview":"max-video-preview:-1"},"canonical":"https:\/\/www.sensorialsunsets.com\/fr\/el-avion-un-restaurant-charge-dhistoire-sur-la-plage-de-manuel-antonio\/","og_locale":"fr_FR","og_type":"article","og_title":"El Avi\u00f3n : un restaurant charg\u00e9 d'histoire \u00e0 Manuel Antonio","og_description":"El Avion, une attraction touristique qui propose une cuisine d\u00e9licieuse et une histoire fascinante de scandales politiques des ann\u00e9es 1980.","og_url":"https:\/\/www.sensorialsunsets.com\/fr\/el-avion-un-restaurant-charge-dhistoire-sur-la-plage-de-manuel-antonio\/","og_site_name":"SensorialSunsets","article_publisher":"https:\/\/www.facebook.com\/Sensorial-Sunsets-109180614715562","article_published_time":"2023-07-11T17:07:38+00:00","article_modified_time":"2023-07-11T17:07:51+00:00","og_image":[{"width":2500,"height":918,"url":"https:\/\/www.sensorialsunsets.com\/wp-content\/uploads\/2023\/07\/avion-01-1-e1689090602426.jpeg","type":"image\/jpeg"}],"author":"Sensorial Sunsets","twitter_card":"summary_large_image","twitter_misc":{"\u00c9crit par":"Sensorial Sunsets","Dur\u00e9e de lecture estim\u00e9e":"2 minutes"},"schema":{"@context":"https:\/\/schema.org","@graph":[{"@type":"Article","@id":"https:\/\/www.sensorialsunsets.com\/fr\/el-avion-un-restaurant-charge-dhistoire-sur-la-plage-de-manuel-antonio\/#article","isPartOf":{"@id":"https:\/\/www.sensorialsunsets.com\/fr\/el-avion-un-restaurant-charge-dhistoire-sur-la-plage-de-manuel-antonio\/"},"author":{"name":"Sensorial Sunsets","@id":"https:\/\/www.sensorialsunsets.com\/fr\/#\/schema\/person\/77e2fa594135aa94024c47e281d8a94d"},"headline":"El Avi\u00f3n : un restaurant charg\u00e9 d&rsquo;histoire sur la plage de Manuel Antonio","datePublished":"2023-07-11T17:07:38+00:00","dateModified":"2023-07-11T17:07:51+00:00","mainEntityOfPage":{"@id":"https:\/\/www.sensorialsunsets.com\/fr\/el-avion-un-restaurant-charge-dhistoire-sur-la-plage-de-manuel-antonio\/"},"wordCount":511,"publisher":{"@id":"https:\/\/www.sensorialsunsets.com\/fr\/#organization"},"image":{"@id":"https:\/\/www.sensorialsunsets.com\/fr\/el-avion-un-restaurant-charge-dhistoire-sur-la-plage-de-manuel-antonio\/#primaryimage"},"thumbnailUrl":"https:\/\/www.sensorialsunsets.com\/wp-content\/uploads\/2023\/07\/avion-01-1-e1689090602426.jpeg","articleSection":["Vivez le Costa Rica"],"inLanguage":"fr-FR"},{"@type":"WebPage","@id":"https:\/\/www.sensorialsunsets.com\/fr\/el-avion-un-restaurant-charge-dhistoire-sur-la-plage-de-manuel-antonio\/","url":"https:\/\/www.sensorialsunsets.com\/fr\/el-avion-un-restaurant-charge-dhistoire-sur-la-plage-de-manuel-antonio\/","name":"El Avi\u00f3n : un restaurant charg\u00e9 d'histoire \u00e0 Manuel Antonio","isPartOf":{"@id":"https:\/\/www.sensorialsunsets.com\/fr\/#website"},"primaryImageOfPage":{"@id":"https:\/\/www.sensorialsunsets.com\/fr\/el-avion-un-restaurant-charge-dhistoire-sur-la-plage-de-manuel-antonio\/#primaryimage"},"image":{"@id":"https:\/\/www.sensorialsunsets.com\/fr\/el-avion-un-restaurant-charge-dhistoire-sur-la-plage-de-manuel-antonio\/#primaryimage"},"thumbnailUrl":"https:\/\/www.sensorialsunsets.com\/wp-content\/uploads\/2023\/07\/avion-01-1-e1689090602426.jpeg","datePublished":"2023-07-11T17:07:38+00:00","dateModified":"2023-07-11T17:07:51+00:00","description":"El Avion, une attraction touristique qui propose une cuisine d\u00e9licieuse et une histoire fascinante de scandales politiques des ann\u00e9es 1980.","inLanguage":"fr-FR","potentialAction":[{"@type":"ReadAction","target":["https:\/\/www.sensorialsunsets.com\/fr\/el-avion-un-restaurant-charge-dhistoire-sur-la-plage-de-manuel-antonio\/"]}]},{"@type":"ImageObject","inLanguage":"fr-FR","@id":"https:\/\/www.sensorialsunsets.com\/fr\/el-avion-un-restaurant-charge-dhistoire-sur-la-plage-de-manuel-antonio\/#primaryimage","url":"https:\/\/www.sensorialsunsets.com\/wp-content\/uploads\/2023\/07\/avion-01-1-e1689090602426.jpeg","contentUrl":"https:\/\/www.sensorialsunsets.com\/wp-content\/uploads\/2023\/07\/avion-01-1-e1689090602426.jpeg","width":2500,"height":918},{"@type":"WebSite","@id":"https:\/\/www.sensorialsunsets.com\/fr\/#website","url":"https:\/\/www.sensorialsunsets.com\/fr\/","name":"SensorialSunsets.com","description":"D\u00e9couvrez la culture et la soci\u00e9t\u00e9 du Costa Rica sur notre blog. Explorez des articles captivants et partagez le contenu.","publisher":{"@id":"https:\/\/www.sensorialsunsets.com\/fr\/#organization"},"alternateName":"Costa Rica Live Blog","potentialAction":[{"@type":"SearchAction","target":{"@type":"EntryPoint","urlTemplate":"https:\/\/www.sensorialsunsets.com\/fr\/?s={search_term_string}"},"query-input":{"@type":"PropertyValueSpecification","valueRequired":true,"valueName":"search_term_string"}}],"inLanguage":"fr-FR"},{"@type":"Organization","@id":"https:\/\/www.sensorialsunsets.com\/fr\/#organization","name":"SensorialSunsets","url":"https:\/\/www.sensorialsunsets.com\/fr\/","logo":{"@type":"ImageObject","inLanguage":"fr-FR","@id":"https:\/\/www.sensorialsunsets.com\/fr\/#\/schema\/logo\/image\/","url":"https:\/\/www.sensorialsunsets.com\/wp-content\/uploads\/2023\/04\/Logo_base_line_fond_clair.svg","contentUrl":"https:\/\/www.sensorialsunsets.com\/wp-content\/uploads\/2023\/04\/Logo_base_line_fond_clair.svg","width":"1024","height":"1024","caption":"SensorialSunsets"},"image":{"@id":"https:\/\/www.sensorialsunsets.com\/fr\/#\/schema\/logo\/image\/"},"sameAs":["https:\/\/www.facebook.com\/Sensorial-Sunsets-109180614715562","https:\/\/www.instagram.com\/sensorialsunsets\/"]},{"@type":"Person","@id":"https:\/\/www.sensorialsunsets.com\/fr\/#\/schema\/person\/77e2fa594135aa94024c47e281d8a94d","name":"Sensorial Sunsets","image":{"@type":"ImageObject","inLanguage":"fr-FR","@id":"https:\/\/secure.gravatar.com\/avatar\/5f2d62681b1dad94c28f1500d4fc75582acdfd32b55fd1acce0a36a3c487eabe?s=96&d=mm&r=g","url":"https:\/\/secure.gravatar.com\/avatar\/5f2d62681b1dad94c28f1500d4fc75582acdfd32b55fd1acce0a36a3c487eabe?s=96&d=mm&r=g","contentUrl":"https:\/\/secure.gravatar.com\/avatar\/5f2d62681b1dad94c28f1500d4fc75582acdfd32b55fd1acce0a36a3c487eabe?s=96&d=mm&r=g","caption":"Sensorial Sunsets"},"url":"https:\/\/www.sensorialsunsets.com\/fr\/author\/asistentes-sensorial-sunsets\/"}]}},"_links":{"self":[{"href":"https:\/\/www.sensorialsunsets.com\/fr\/wp-json\/wp\/v2\/posts\/8637","targetHints":{"allow":["GET"]}}],"collection":[{"href":"https:\/\/www.sensorialsunsets.com\/fr\/wp-json\/wp\/v2\/posts"}],"about":[{"href":"https:\/\/www.sensorialsunsets.com\/fr\/wp-json\/wp\/v2\/types\/post"}],"author":[{"embeddable":true,"href":"https:\/\/www.sensorialsunsets.com\/fr\/wp-json\/wp\/v2\/users\/4"}],"replies":[{"embeddable":true,"href":"https:\/\/www.sensorialsunsets.com\/fr\/wp-json\/wp\/v2\/comments?post=8637"}],"version-history":[{"count":0,"href":"https:\/\/www.sensorialsunsets.com\/fr\/wp-json\/wp\/v2\/posts\/8637\/revisions"}],"wp:featuredmedia":[{"embeddable":true,"href":"https:\/\/www.sensorialsunsets.com\/fr\/wp-json\/wp\/v2\/media\/8613"}],"wp:attachment":[{"href":"https:\/\/www.sensorialsunsets.com\/fr\/wp-json\/wp\/v2\/media?parent=8637"}],"wp:term":[{"taxonomy":"category","embeddable":true,"href":"https:\/\/www.sensorialsunsets.com\/fr\/wp-json\/wp\/v2\/categories?post=8637"},{"taxonomy":"post_tag","embeddable":true,"href":"https:\/\/www.sensorialsunsets.com\/fr\/wp-json\/wp\/v2\/tags?post=8637"}],"curies":[{"name":"wp","href":"https:\/\/api.w.org\/{rel}","templated":true}]}}