{"id":9209,"date":"2023-07-31T14:00:34","date_gmt":"2023-07-31T20:00:34","guid":{"rendered":"https:\/\/www.sensorialsunsets.com\/?p=9209"},"modified":"2023-07-31T14:00:35","modified_gmt":"2023-07-31T20:00:35","slug":"urgence-nationale-que-se-passe-t-il-a-aguas-zarcas","status":"publish","type":"post","link":"https:\/\/www.sensorialsunsets.com\/fr\/urgence-nationale-que-se-passe-t-il-a-aguas-zarcas\/","title":{"rendered":"Urgence nationale : que se passe-t-il \u00e0 Aguas Zarcas ?"},"content":{"rendered":"\n<p><em>Le mois de juillet a \u00e9t\u00e9 un mois d&rsquo;urgence pour la communaut\u00e9 d&rsquo;Aguas Zarcas. Pour en savoir plus sur les \u00e9v\u00e9nements qui ont affect\u00e9 ce territoire, cliquez ici.<\/em><\/p>\n\n\n\n<hr class=\"wp-block-separator has-alpha-channel-opacity\"\/>\n\n\n\n<p><\/p>\n\n\n\n<p>Le week-end des 15 et 16 juillet, de fortes pluies se sont produites dans le nord du Costa Rica, en particulier dans les montagnes du parc national de l&rsquo;eau Juan Castro Blanco.<\/p>\n\n\n\n<p>Les pluies<\/p>\n\n\n\n<p> ont provoqu\u00e9 un glissement de terrain d&rsquo;environ 40 hectares dans la zone, r\u00e9cemment la plus grande du nord du pays.<\/p>\n\n\n\n<p>Des pierres, de gros rochers et des arbres sont tomb\u00e9s et ont \u00e9t\u00e9 emport\u00e9s par l&rsquo;eau. Tous ces mat\u00e9riaux ont parcouru 8 kilom\u00e8tres le long de la rivi\u00e8re Aguas Zarcas, depuis le point d&rsquo;origine jusqu&rsquo;\u00e0 la communaut\u00e9 du m\u00eame nom. <\/p>\n\n\n\n<p>Un membre de la Commission Nationale d&rsquo;Urgence (CNE) a comment\u00e9 le fait que les communaut\u00e9s ne seraient pas en danger. Cela s&rsquo;expliquerait par le fait que le glissement de terrain s&rsquo;est produit dans une \u00ab\u00a0for\u00eat vierge\u00a0\u00bb et que le flux de mat\u00e9riaux est rest\u00e9 dans une zone impropre \u00e0 la construction de maisons.<\/p>\n\n\n\n<h3 class=\"wp-block-heading\">La communaut\u00e9 d&rsquo;Aguas Zarcas<\/h3>\n\n\n\n<figure class=\"wp-block-image size-large is-style-default\"><img loading=\"lazy\" decoding=\"async\" width=\"1024\" height=\"683\" src=\"https:\/\/www.sensorialsunsets.com\/wp-content\/uploads\/2023\/07\/Aguas-Zarcas-1024x683.jpg\" alt=\"La communaut\u00e9 d'Aguas Zarcas a \u00e9t\u00e9 touch\u00e9e par la catastrophe naturelle. Certaines victimes ont fait part de leurs dol\u00e9ances. Pour eux, les autorit\u00e9s municipales n'ont pas apport\u00e9 une aide suffisante pour faire face \u00e0 la situation.\" class=\"wp-image-9197\" srcset=\"https:\/\/www.sensorialsunsets.com\/wp-content\/uploads\/2023\/07\/Aguas-Zarcas-1024x683.jpg 1024w, https:\/\/www.sensorialsunsets.com\/wp-content\/uploads\/2023\/07\/Aguas-Zarcas-300x200.jpg 300w, https:\/\/www.sensorialsunsets.com\/wp-content\/uploads\/2023\/07\/Aguas-Zarcas-768x512.jpg 768w, https:\/\/www.sensorialsunsets.com\/wp-content\/uploads\/2023\/07\/Aguas-Zarcas-334x222.jpg 334w, https:\/\/www.sensorialsunsets.com\/wp-content\/uploads\/2023\/07\/Aguas-Zarcas-1320x880.jpg 1320w, https:\/\/www.sensorialsunsets.com\/wp-content\/uploads\/2023\/07\/Aguas-Zarcas.jpg 1440w\" sizes=\"auto, (max-width: 1024px) 100vw, 1024px\" \/><figcaption class=\"wp-element-caption\">Aguas Zarcas apr\u00e8s le d\u00e9sastre. Source : La Naci\u00f3n<\/figcaption><\/figure>\n\n\n\n<p>Aguas Zarcas est situ\u00e9 dans le quatri\u00e8me district du canton de San Carlos, Alajuela. Ce village est situ\u00e9 dans le champ volcanique d&rsquo;Aguas Zarcas, c&rsquo;est-\u00e0-dire qu&rsquo;il y a une montagne et 8 collines qui sont les c\u00f4nes volcaniques de ce champ. <\/p>\n\n\n\n<p>En raison de sa situation g\u00e9ographique, le glissement de terrain \u00e9tait d&rsquo;origine naturelle et a entra\u00een\u00e9 les grandes avalanches et les inondations qui ont fait la une de l&rsquo;actualit\u00e9 ces derniers jours.<\/p>\n\n\n\n<p>Bien que la CNE ait soulign\u00e9 que les communaut\u00e9s environnantes ne subiraient aucun dommage, la r\u00e9alit\u00e9 s&rsquo;est av\u00e9r\u00e9e tr\u00e8s diff\u00e9rente. <\/p>\n\n\n\n<p>En effet, les fortes avalanches ont entra\u00een\u00e9 la destruction de structures, la perte de r\u00e9coltes, l&rsquo;expulsion des populations locales de leurs habitations, etc.<\/p>\n\n\n\n<p>La communaut\u00e9 d&rsquo;Aguas Zarcas a \u00e9t\u00e9 touch\u00e9e par la catastrophe naturelle. Certaines victimes ont fait part de leurs dol\u00e9ances. Pour eux, les autorit\u00e9s municipales n&rsquo;ont pas apport\u00e9 une aide suffisante pour faire face \u00e0 la situation.<\/p>\n\n\n\n<p>Dans certains cas, ce sont les habitants de la r\u00e9gion qui se sont charg\u00e9s de sauver des d\u00e9combres les objets qui leur tenaient \u00e0 c\u0153ur. Il est \u00e9galement reproch\u00e9 \u00e0 la mairesse de ne pas avoir coop\u00e9r\u00e9 \u00e0 l&rsquo;urgence et \u00e0 la municipalit\u00e9 de s&rsquo;\u00eatre content\u00e9e d&rsquo;enlever la boue et de pr\u00e9parer la route. <\/p>\n\n\n\n<p>\u00c9tant donn\u00e9 que les conditions m\u00e9t\u00e9orologiques vont changer en raison du <a href=\"https:\/\/www.sensorialsunsets.com\/fr\/luniversite-du-costa-rica-presente-un-documentaire-sur-le-changement-climatique\/\" target=\"_blank\" rel=\"noreferrer noopener\">changement climatique<\/a> et que nous pouvons tr\u00e8s probablement nous attendre \u00e0 d&rsquo;autres catastrophes comme celle-ci, nous pouvons nous poser la question suivante : le Costa Rica est-il pr\u00eat \u00e0 faire face \u00e0 une situation d&rsquo;urgence nationale et \u00e0 fournir de l&rsquo;aide aux personnes touch\u00e9es ?<\/p>\n\n\n\n<p><strong>Sensorial Sunsets<\/strong><\/p>\n","protected":false},"excerpt":{"rendered":"<p>Le mois de juillet a \u00e9t\u00e9 un mois d&rsquo;urgence pour la communaut\u00e9 d&rsquo;Aguas Zarcas. Pour en savoir plus sur les \u00e9v\u00e9nements qui ont affect\u00e9 ce territoire, cliquez ici. Le week-end des 15 et 16 juillet, de fortes pluies se sont produites dans le nord du Costa Rica, en particulier dans les montagnes du parc national [&hellip;]<\/p>\n","protected":false},"author":4,"featured_media":9195,"comment_status":"closed","ping_status":"closed","sticky":false,"template":"","format":"standard","meta":{"_acf_changed":false,"inline_featured_image":false,"_monsterinsights_skip_tracking":false,"_monsterinsights_sitenote_active":false,"_monsterinsights_sitenote_note":"","_monsterinsights_sitenote_category":0,"footnotes":""},"categories":[111],"tags":[],"class_list":["post-9209","post","type-post","status-publish","format-standard","has-post-thumbnail","hentry","category-ecologie-fr"],"acf":[],"yoast_head":"<!-- This site is optimized with the Yoast SEO plugin v27.4 - https:\/\/yoast.com\/product\/yoast-seo-wordpress\/ -->\n<title>Urgence nationale : que se passe-t-il \u00e0 Aguas Zarcas ? - SensorialSunsets<\/title>\n<meta name=\"description\" content=\"Le mois de juillet a \u00e9t\u00e9 un mois d&#039;urgence pour la communaut\u00e9 d&#039;Aguas Zarcas. Pour en savoir plus sur les \u00e9v\u00e9nements qui ont affect\u00e9 ce territoire, cliquez ici.\" \/>\n<meta name=\"robots\" content=\"index, follow, max-snippet:-1, max-image-preview:large, max-video-preview:-1\" \/>\n<link rel=\"canonical\" href=\"https:\/\/www.sensorialsunsets.com\/fr\/urgence-nationale-que-se-passe-t-il-a-aguas-zarcas\/\" \/>\n<meta property=\"og:locale\" content=\"fr_FR\" \/>\n<meta property=\"og:type\" content=\"article\" \/>\n<meta property=\"og:title\" content=\"Urgence nationale : que se passe-t-il \u00e0 Aguas Zarcas ? - SensorialSunsets\" \/>\n<meta property=\"og:description\" content=\"Le mois de juillet a \u00e9t\u00e9 un mois d&#039;urgence pour la communaut\u00e9 d&#039;Aguas Zarcas. Pour en savoir plus sur les \u00e9v\u00e9nements qui ont affect\u00e9 ce territoire, cliquez ici.\" \/>\n<meta property=\"og:url\" content=\"https:\/\/www.sensorialsunsets.com\/fr\/urgence-nationale-que-se-passe-t-il-a-aguas-zarcas\/\" \/>\n<meta property=\"og:site_name\" content=\"SensorialSunsets\" \/>\n<meta property=\"article:publisher\" content=\"https:\/\/www.facebook.com\/Sensorial-Sunsets-109180614715562\" \/>\n<meta property=\"article:published_time\" content=\"2023-07-31T20:00:34+00:00\" \/>\n<meta property=\"article:modified_time\" content=\"2023-07-31T20:00:35+00:00\" \/>\n<meta property=\"og:image\" content=\"https:\/\/www.sensorialsunsets.com\/wp-content\/uploads\/2023\/07\/kelly-sikkema-_whs7FPfkwQ-unsplash-scaled.jpg\" \/>\n\t<meta property=\"og:image:width\" content=\"2560\" \/>\n\t<meta property=\"og:image:height\" content=\"1920\" \/>\n\t<meta property=\"og:image:type\" content=\"image\/jpeg\" \/>\n<meta name=\"author\" content=\"Sensorial Sunsets\" \/>\n<meta name=\"twitter:card\" content=\"summary_large_image\" \/>\n<meta name=\"twitter:label1\" content=\"\u00c9crit par\" \/>\n\t<meta name=\"twitter:data1\" content=\"Sensorial Sunsets\" \/>\n\t<meta name=\"twitter:label2\" content=\"Dur\u00e9e de lecture estim\u00e9e\" \/>\n\t<meta name=\"twitter:data2\" content=\"2 minutes\" \/>\n<script type=\"application\/ld+json\" class=\"yoast-schema-graph\">{\"@context\":\"https:\\\/\\\/schema.org\",\"@graph\":[{\"@type\":\"Article\",\"@id\":\"https:\\\/\\\/www.sensorialsunsets.com\\\/fr\\\/urgence-nationale-que-se-passe-t-il-a-aguas-zarcas\\\/#article\",\"isPartOf\":{\"@id\":\"https:\\\/\\\/www.sensorialsunsets.com\\\/fr\\\/urgence-nationale-que-se-passe-t-il-a-aguas-zarcas\\\/\"},\"author\":{\"name\":\"Sensorial Sunsets\",\"@id\":\"https:\\\/\\\/www.sensorialsunsets.com\\\/fr\\\/#\\\/schema\\\/person\\\/77e2fa594135aa94024c47e281d8a94d\"},\"headline\":\"Urgence nationale : que se passe-t-il \u00e0 Aguas Zarcas ?\",\"datePublished\":\"2023-07-31T20:00:34+00:00\",\"dateModified\":\"2023-07-31T20:00:35+00:00\",\"mainEntityOfPage\":{\"@id\":\"https:\\\/\\\/www.sensorialsunsets.com\\\/fr\\\/urgence-nationale-que-se-passe-t-il-a-aguas-zarcas\\\/\"},\"wordCount\":508,\"publisher\":{\"@id\":\"https:\\\/\\\/www.sensorialsunsets.com\\\/fr\\\/#organization\"},\"image\":{\"@id\":\"https:\\\/\\\/www.sensorialsunsets.com\\\/fr\\\/urgence-nationale-que-se-passe-t-il-a-aguas-zarcas\\\/#primaryimage\"},\"thumbnailUrl\":\"https:\\\/\\\/www.sensorialsunsets.com\\\/wp-content\\\/uploads\\\/2023\\\/07\\\/kelly-sikkema-_whs7FPfkwQ-unsplash-scaled.jpg\",\"articleSection\":[\"Ecologie\"],\"inLanguage\":\"fr-FR\"},{\"@type\":\"WebPage\",\"@id\":\"https:\\\/\\\/www.sensorialsunsets.com\\\/fr\\\/urgence-nationale-que-se-passe-t-il-a-aguas-zarcas\\\/\",\"url\":\"https:\\\/\\\/www.sensorialsunsets.com\\\/fr\\\/urgence-nationale-que-se-passe-t-il-a-aguas-zarcas\\\/\",\"name\":\"Urgence nationale : que se passe-t-il \u00e0 Aguas Zarcas ? - SensorialSunsets\",\"isPartOf\":{\"@id\":\"https:\\\/\\\/www.sensorialsunsets.com\\\/fr\\\/#website\"},\"primaryImageOfPage\":{\"@id\":\"https:\\\/\\\/www.sensorialsunsets.com\\\/fr\\\/urgence-nationale-que-se-passe-t-il-a-aguas-zarcas\\\/#primaryimage\"},\"image\":{\"@id\":\"https:\\\/\\\/www.sensorialsunsets.com\\\/fr\\\/urgence-nationale-que-se-passe-t-il-a-aguas-zarcas\\\/#primaryimage\"},\"thumbnailUrl\":\"https:\\\/\\\/www.sensorialsunsets.com\\\/wp-content\\\/uploads\\\/2023\\\/07\\\/kelly-sikkema-_whs7FPfkwQ-unsplash-scaled.jpg\",\"datePublished\":\"2023-07-31T20:00:34+00:00\",\"dateModified\":\"2023-07-31T20:00:35+00:00\",\"description\":\"Le mois de juillet a \u00e9t\u00e9 un mois d'urgence pour la communaut\u00e9 d'Aguas Zarcas. Pour en savoir plus sur les \u00e9v\u00e9nements qui ont affect\u00e9 ce territoire, cliquez ici.\",\"inLanguage\":\"fr-FR\",\"potentialAction\":[{\"@type\":\"ReadAction\",\"target\":[\"https:\\\/\\\/www.sensorialsunsets.com\\\/fr\\\/urgence-nationale-que-se-passe-t-il-a-aguas-zarcas\\\/\"]}]},{\"@type\":\"ImageObject\",\"inLanguage\":\"fr-FR\",\"@id\":\"https:\\\/\\\/www.sensorialsunsets.com\\\/fr\\\/urgence-nationale-que-se-passe-t-il-a-aguas-zarcas\\\/#primaryimage\",\"url\":\"https:\\\/\\\/www.sensorialsunsets.com\\\/wp-content\\\/uploads\\\/2023\\\/07\\\/kelly-sikkema-_whs7FPfkwQ-unsplash-scaled.jpg\",\"contentUrl\":\"https:\\\/\\\/www.sensorialsunsets.com\\\/wp-content\\\/uploads\\\/2023\\\/07\\\/kelly-sikkema-_whs7FPfkwQ-unsplash-scaled.jpg\",\"width\":2560,\"height\":1920,\"caption\":\"Julio fue un mes de emergencia para la comunidad de Aguas Zarcas. Descubra aqu\u00ed m\u00e1s sobre los hechos que afectaron este territorio.\"},{\"@type\":\"WebSite\",\"@id\":\"https:\\\/\\\/www.sensorialsunsets.com\\\/fr\\\/#website\",\"url\":\"https:\\\/\\\/www.sensorialsunsets.com\\\/fr\\\/\",\"name\":\"SensorialSunsets.com\",\"description\":\"D\u00e9couvrez la culture et la soci\u00e9t\u00e9 du Costa Rica sur notre blog. Explorez des articles captivants et partagez le contenu.\",\"publisher\":{\"@id\":\"https:\\\/\\\/www.sensorialsunsets.com\\\/fr\\\/#organization\"},\"alternateName\":\"Costa Rica Live Blog\",\"potentialAction\":[{\"@type\":\"SearchAction\",\"target\":{\"@type\":\"EntryPoint\",\"urlTemplate\":\"https:\\\/\\\/www.sensorialsunsets.com\\\/fr\\\/?s={search_term_string}\"},\"query-input\":{\"@type\":\"PropertyValueSpecification\",\"valueRequired\":true,\"valueName\":\"search_term_string\"}}],\"inLanguage\":\"fr-FR\"},{\"@type\":\"Organization\",\"@id\":\"https:\\\/\\\/www.sensorialsunsets.com\\\/fr\\\/#organization\",\"name\":\"SensorialSunsets\",\"url\":\"https:\\\/\\\/www.sensorialsunsets.com\\\/fr\\\/\",\"logo\":{\"@type\":\"ImageObject\",\"inLanguage\":\"fr-FR\",\"@id\":\"https:\\\/\\\/www.sensorialsunsets.com\\\/fr\\\/#\\\/schema\\\/logo\\\/image\\\/\",\"url\":\"https:\\\/\\\/www.sensorialsunsets.com\\\/wp-content\\\/uploads\\\/2023\\\/04\\\/Logo_base_line_fond_clair.svg\",\"contentUrl\":\"https:\\\/\\\/www.sensorialsunsets.com\\\/wp-content\\\/uploads\\\/2023\\\/04\\\/Logo_base_line_fond_clair.svg\",\"width\":\"1024\",\"height\":\"1024\",\"caption\":\"SensorialSunsets\"},\"image\":{\"@id\":\"https:\\\/\\\/www.sensorialsunsets.com\\\/fr\\\/#\\\/schema\\\/logo\\\/image\\\/\"},\"sameAs\":[\"https:\\\/\\\/www.facebook.com\\\/Sensorial-Sunsets-109180614715562\",\"https:\\\/\\\/www.instagram.com\\\/sensorialsunsets\\\/\"]},{\"@type\":\"Person\",\"@id\":\"https:\\\/\\\/www.sensorialsunsets.com\\\/fr\\\/#\\\/schema\\\/person\\\/77e2fa594135aa94024c47e281d8a94d\",\"name\":\"Sensorial Sunsets\",\"image\":{\"@type\":\"ImageObject\",\"inLanguage\":\"fr-FR\",\"@id\":\"https:\\\/\\\/secure.gravatar.com\\\/avatar\\\/5f2d62681b1dad94c28f1500d4fc75582acdfd32b55fd1acce0a36a3c487eabe?s=96&d=mm&r=g\",\"url\":\"https:\\\/\\\/secure.gravatar.com\\\/avatar\\\/5f2d62681b1dad94c28f1500d4fc75582acdfd32b55fd1acce0a36a3c487eabe?s=96&d=mm&r=g\",\"contentUrl\":\"https:\\\/\\\/secure.gravatar.com\\\/avatar\\\/5f2d62681b1dad94c28f1500d4fc75582acdfd32b55fd1acce0a36a3c487eabe?s=96&d=mm&r=g\",\"caption\":\"Sensorial Sunsets\"},\"url\":\"https:\\\/\\\/www.sensorialsunsets.com\\\/fr\\\/author\\\/asistentes-sensorial-sunsets\\\/\"}]}<\/script>\n<!-- \/ Yoast SEO plugin. -->","yoast_head_json":{"title":"Urgence nationale : que se passe-t-il \u00e0 Aguas Zarcas ? - SensorialSunsets","description":"Le mois de juillet a \u00e9t\u00e9 un mois d'urgence pour la communaut\u00e9 d'Aguas Zarcas. Pour en savoir plus sur les \u00e9v\u00e9nements qui ont affect\u00e9 ce territoire, cliquez ici.","robots":{"index":"index","follow":"follow","max-snippet":"max-snippet:-1","max-image-preview":"max-image-preview:large","max-video-preview":"max-video-preview:-1"},"canonical":"https:\/\/www.sensorialsunsets.com\/fr\/urgence-nationale-que-se-passe-t-il-a-aguas-zarcas\/","og_locale":"fr_FR","og_type":"article","og_title":"Urgence nationale : que se passe-t-il \u00e0 Aguas Zarcas ? - SensorialSunsets","og_description":"Le mois de juillet a \u00e9t\u00e9 un mois d'urgence pour la communaut\u00e9 d'Aguas Zarcas. Pour en savoir plus sur les \u00e9v\u00e9nements qui ont affect\u00e9 ce territoire, cliquez ici.","og_url":"https:\/\/www.sensorialsunsets.com\/fr\/urgence-nationale-que-se-passe-t-il-a-aguas-zarcas\/","og_site_name":"SensorialSunsets","article_publisher":"https:\/\/www.facebook.com\/Sensorial-Sunsets-109180614715562","article_published_time":"2023-07-31T20:00:34+00:00","article_modified_time":"2023-07-31T20:00:35+00:00","og_image":[{"width":2560,"height":1920,"url":"https:\/\/www.sensorialsunsets.com\/wp-content\/uploads\/2023\/07\/kelly-sikkema-_whs7FPfkwQ-unsplash-scaled.jpg","type":"image\/jpeg"}],"author":"Sensorial Sunsets","twitter_card":"summary_large_image","twitter_misc":{"\u00c9crit par":"Sensorial Sunsets","Dur\u00e9e de lecture estim\u00e9e":"2 minutes"},"schema":{"@context":"https:\/\/schema.org","@graph":[{"@type":"Article","@id":"https:\/\/www.sensorialsunsets.com\/fr\/urgence-nationale-que-se-passe-t-il-a-aguas-zarcas\/#article","isPartOf":{"@id":"https:\/\/www.sensorialsunsets.com\/fr\/urgence-nationale-que-se-passe-t-il-a-aguas-zarcas\/"},"author":{"name":"Sensorial Sunsets","@id":"https:\/\/www.sensorialsunsets.com\/fr\/#\/schema\/person\/77e2fa594135aa94024c47e281d8a94d"},"headline":"Urgence nationale : que se passe-t-il \u00e0 Aguas Zarcas ?","datePublished":"2023-07-31T20:00:34+00:00","dateModified":"2023-07-31T20:00:35+00:00","mainEntityOfPage":{"@id":"https:\/\/www.sensorialsunsets.com\/fr\/urgence-nationale-que-se-passe-t-il-a-aguas-zarcas\/"},"wordCount":508,"publisher":{"@id":"https:\/\/www.sensorialsunsets.com\/fr\/#organization"},"image":{"@id":"https:\/\/www.sensorialsunsets.com\/fr\/urgence-nationale-que-se-passe-t-il-a-aguas-zarcas\/#primaryimage"},"thumbnailUrl":"https:\/\/www.sensorialsunsets.com\/wp-content\/uploads\/2023\/07\/kelly-sikkema-_whs7FPfkwQ-unsplash-scaled.jpg","articleSection":["Ecologie"],"inLanguage":"fr-FR"},{"@type":"WebPage","@id":"https:\/\/www.sensorialsunsets.com\/fr\/urgence-nationale-que-se-passe-t-il-a-aguas-zarcas\/","url":"https:\/\/www.sensorialsunsets.com\/fr\/urgence-nationale-que-se-passe-t-il-a-aguas-zarcas\/","name":"Urgence nationale : que se passe-t-il \u00e0 Aguas Zarcas ? - SensorialSunsets","isPartOf":{"@id":"https:\/\/www.sensorialsunsets.com\/fr\/#website"},"primaryImageOfPage":{"@id":"https:\/\/www.sensorialsunsets.com\/fr\/urgence-nationale-que-se-passe-t-il-a-aguas-zarcas\/#primaryimage"},"image":{"@id":"https:\/\/www.sensorialsunsets.com\/fr\/urgence-nationale-que-se-passe-t-il-a-aguas-zarcas\/#primaryimage"},"thumbnailUrl":"https:\/\/www.sensorialsunsets.com\/wp-content\/uploads\/2023\/07\/kelly-sikkema-_whs7FPfkwQ-unsplash-scaled.jpg","datePublished":"2023-07-31T20:00:34+00:00","dateModified":"2023-07-31T20:00:35+00:00","description":"Le mois de juillet a \u00e9t\u00e9 un mois d'urgence pour la communaut\u00e9 d'Aguas Zarcas. Pour en savoir plus sur les \u00e9v\u00e9nements qui ont affect\u00e9 ce territoire, cliquez ici.","inLanguage":"fr-FR","potentialAction":[{"@type":"ReadAction","target":["https:\/\/www.sensorialsunsets.com\/fr\/urgence-nationale-que-se-passe-t-il-a-aguas-zarcas\/"]}]},{"@type":"ImageObject","inLanguage":"fr-FR","@id":"https:\/\/www.sensorialsunsets.com\/fr\/urgence-nationale-que-se-passe-t-il-a-aguas-zarcas\/#primaryimage","url":"https:\/\/www.sensorialsunsets.com\/wp-content\/uploads\/2023\/07\/kelly-sikkema-_whs7FPfkwQ-unsplash-scaled.jpg","contentUrl":"https:\/\/www.sensorialsunsets.com\/wp-content\/uploads\/2023\/07\/kelly-sikkema-_whs7FPfkwQ-unsplash-scaled.jpg","width":2560,"height":1920,"caption":"Julio fue un mes de emergencia para la comunidad de Aguas Zarcas. Descubra aqu\u00ed m\u00e1s sobre los hechos que afectaron este territorio."},{"@type":"WebSite","@id":"https:\/\/www.sensorialsunsets.com\/fr\/#website","url":"https:\/\/www.sensorialsunsets.com\/fr\/","name":"SensorialSunsets.com","description":"D\u00e9couvrez la culture et la soci\u00e9t\u00e9 du Costa Rica sur notre blog. Explorez des articles captivants et partagez le contenu.","publisher":{"@id":"https:\/\/www.sensorialsunsets.com\/fr\/#organization"},"alternateName":"Costa Rica Live Blog","potentialAction":[{"@type":"SearchAction","target":{"@type":"EntryPoint","urlTemplate":"https:\/\/www.sensorialsunsets.com\/fr\/?s={search_term_string}"},"query-input":{"@type":"PropertyValueSpecification","valueRequired":true,"valueName":"search_term_string"}}],"inLanguage":"fr-FR"},{"@type":"Organization","@id":"https:\/\/www.sensorialsunsets.com\/fr\/#organization","name":"SensorialSunsets","url":"https:\/\/www.sensorialsunsets.com\/fr\/","logo":{"@type":"ImageObject","inLanguage":"fr-FR","@id":"https:\/\/www.sensorialsunsets.com\/fr\/#\/schema\/logo\/image\/","url":"https:\/\/www.sensorialsunsets.com\/wp-content\/uploads\/2023\/04\/Logo_base_line_fond_clair.svg","contentUrl":"https:\/\/www.sensorialsunsets.com\/wp-content\/uploads\/2023\/04\/Logo_base_line_fond_clair.svg","width":"1024","height":"1024","caption":"SensorialSunsets"},"image":{"@id":"https:\/\/www.sensorialsunsets.com\/fr\/#\/schema\/logo\/image\/"},"sameAs":["https:\/\/www.facebook.com\/Sensorial-Sunsets-109180614715562","https:\/\/www.instagram.com\/sensorialsunsets\/"]},{"@type":"Person","@id":"https:\/\/www.sensorialsunsets.com\/fr\/#\/schema\/person\/77e2fa594135aa94024c47e281d8a94d","name":"Sensorial Sunsets","image":{"@type":"ImageObject","inLanguage":"fr-FR","@id":"https:\/\/secure.gravatar.com\/avatar\/5f2d62681b1dad94c28f1500d4fc75582acdfd32b55fd1acce0a36a3c487eabe?s=96&d=mm&r=g","url":"https:\/\/secure.gravatar.com\/avatar\/5f2d62681b1dad94c28f1500d4fc75582acdfd32b55fd1acce0a36a3c487eabe?s=96&d=mm&r=g","contentUrl":"https:\/\/secure.gravatar.com\/avatar\/5f2d62681b1dad94c28f1500d4fc75582acdfd32b55fd1acce0a36a3c487eabe?s=96&d=mm&r=g","caption":"Sensorial Sunsets"},"url":"https:\/\/www.sensorialsunsets.com\/fr\/author\/asistentes-sensorial-sunsets\/"}]}},"_links":{"self":[{"href":"https:\/\/www.sensorialsunsets.com\/fr\/wp-json\/wp\/v2\/posts\/9209","targetHints":{"allow":["GET"]}}],"collection":[{"href":"https:\/\/www.sensorialsunsets.com\/fr\/wp-json\/wp\/v2\/posts"}],"about":[{"href":"https:\/\/www.sensorialsunsets.com\/fr\/wp-json\/wp\/v2\/types\/post"}],"author":[{"embeddable":true,"href":"https:\/\/www.sensorialsunsets.com\/fr\/wp-json\/wp\/v2\/users\/4"}],"replies":[{"embeddable":true,"href":"https:\/\/www.sensorialsunsets.com\/fr\/wp-json\/wp\/v2\/comments?post=9209"}],"version-history":[{"count":0,"href":"https:\/\/www.sensorialsunsets.com\/fr\/wp-json\/wp\/v2\/posts\/9209\/revisions"}],"wp:featuredmedia":[{"embeddable":true,"href":"https:\/\/www.sensorialsunsets.com\/fr\/wp-json\/wp\/v2\/media\/9195"}],"wp:attachment":[{"href":"https:\/\/www.sensorialsunsets.com\/fr\/wp-json\/wp\/v2\/media?parent=9209"}],"wp:term":[{"taxonomy":"category","embeddable":true,"href":"https:\/\/www.sensorialsunsets.com\/fr\/wp-json\/wp\/v2\/categories?post=9209"},{"taxonomy":"post_tag","embeddable":true,"href":"https:\/\/www.sensorialsunsets.com\/fr\/wp-json\/wp\/v2\/tags?post=9209"}],"curies":[{"name":"wp","href":"https:\/\/api.w.org\/{rel}","templated":true}]}}