{"id":9231,"date":"2023-07-31T15:00:56","date_gmt":"2023-07-31T21:00:56","guid":{"rendered":"https:\/\/www.sensorialsunsets.com\/?p=9231"},"modified":"2023-07-31T15:01:06","modified_gmt":"2023-07-31T21:01:06","slug":"pelerinage-a-los-angeles-les-foires-qui-font-le-mois-daout","status":"publish","type":"post","link":"https:\/\/www.sensorialsunsets.com\/fr\/pelerinage-a-los-angeles-les-foires-qui-font-le-mois-daout\/","title":{"rendered":"P\u00e8lerinage \u00e0 Los Angeles : les foires qui font le mois d&rsquo;ao\u00fbt"},"content":{"rendered":"\n<p>Le 2 ao\u00fbt est une date sp\u00e9ciale pour les habitants de Los Angeles, car c&rsquo;est une festivit\u00e9 m\u00ealant ferveur religieuse et opportunit\u00e9s \u00e9conomiques pendant le P\u00e8lerinage. <\/p>\n\n\n\n<p>La tradition, enracin\u00e9e dans la culture locale, attire avec impatience de nombreuses familles cherchant \u00e0 gagner un revenu suppl\u00e9mentaire et \u00e0 saisir des opportunit\u00e9s commerciales. Le p\u00e8lerinage et les \u00e9quipes de vente deviennent l&rsquo;\u00e9picentre de cette c\u00e9l\u00e9bration.<\/p>\n\n\n\n<h3 class=\"wp-block-heading\"><strong>Spiritualit\u00e9 et traditions profond\u00e9ment enracin\u00e9es<\/strong>.<\/h3>\n\n\n\n<p>Les \u00e9tals lors de la f\u00eate \u00e0 Los Angeles ne sont pas seulement des lieux de commerce, mais aussi des sanctuaires de spiritualit\u00e9 et de traditions profond\u00e9ment enracin\u00e9es. La d\u00e9votion palpable impr\u00e8gne ces espaces qui proposent des produits religieux qui renforcent la foi des d\u00e9vots. Depuis les chapelets jusqu&rsquo;aux images de la Vierge, chaque article devient un moyen d&rsquo;exprimer sa d\u00e9votion et son lien spirituel avec la Vierge des Anges. <\/p>\n\n\n<div class=\"wp-block-image\">\n<figure class=\"alignright size-large is-resized\"><img loading=\"lazy\" decoding=\"async\" src=\"https:\/\/www.sensorialsunsets.com\/wp-content\/uploads\/2023\/07\/010822-romeria-chinamo-1024x682.jpg\" alt=\"\" class=\"wp-image-9214\" width=\"411\" height=\"274\" srcset=\"https:\/\/www.sensorialsunsets.com\/wp-content\/uploads\/2023\/07\/010822-romeria-chinamo-1024x682.jpg 1024w, https:\/\/www.sensorialsunsets.com\/wp-content\/uploads\/2023\/07\/010822-romeria-chinamo-300x200.jpg 300w, https:\/\/www.sensorialsunsets.com\/wp-content\/uploads\/2023\/07\/010822-romeria-chinamo-768x512.jpg 768w, https:\/\/www.sensorialsunsets.com\/wp-content\/uploads\/2023\/07\/010822-romeria-chinamo-1536x1023.jpg 1536w, https:\/\/www.sensorialsunsets.com\/wp-content\/uploads\/2023\/07\/010822-romeria-chinamo-334x222.jpg 334w, https:\/\/www.sensorialsunsets.com\/wp-content\/uploads\/2023\/07\/010822-romeria-chinamo-1320x879.jpg 1320w, https:\/\/www.sensorialsunsets.com\/wp-content\/uploads\/2023\/07\/010822-romeria-chinamo.jpg 1621w\" sizes=\"auto, (max-width: 411px) 100vw, 411px\" \/><\/figure>\n<\/div>\n\n\n<p>Durant ce voyage, les gens parcourent de longues distances et traversent diff\u00e9rentes localit\u00e9s, ce qui implique un grand effort physique et \u00e9motionnel. Les marchands ont pris conscience de ce besoin et ont commenc\u00e9 \u00e0 s&rsquo;installer \u00e0 des points strat\u00e9giques du chemin pour proposer de la nourriture, des boissons, des articles religieux et d&rsquo;autres produits pouvant \u00eatre utiles aux p\u00e8lerins.<\/p>\n\n\n\n<blockquote class=\"wp-block-quote is-layout-flow wp-block-quote-is-layout-flow\">\n<p>Tous ces points de vente encouragent des traditions s\u00e9culaires, telles que les promesses et les offrandes \u00e0 la Vierge, qui enrichissent l&rsquo;atmosph\u00e8re festive d&rsquo;un profond sentiment de gratitude et d&rsquo;espoir.<\/p>\n<\/blockquote>\n\n\n\n<p>A travers le temps, ce ph\u00e9nom\u00e8ne est devenu une tradition enracin\u00e9e et des \u00ab\u00a0tours\u00a0\u00bb de vente ont \u00e9t\u00e9 \u00e9tablis.<\/p>\n\n\n\n<p>Autrement dit, ils sont une tradition qui a \u00e9volu\u00e9 au fil du temps, et leur origine remonte au besoin des p\u00e8lerins de faire des provisions et des souvenirs pendant leur <a href=\"https:\/\/www.sensorialsunsets.com\/fr\/la-romeria-pelerinage-au-costa-rica\/\">p\u00e8lerinage au sanctuaire de la Vierge<\/a>.<\/p>\n\n\n\n<h3 class=\"wp-block-heading\"><strong>Les churros de Cartago<\/strong><\/h3>\n\n\n\n<p>Les churros sont l&rsquo;un des protagonistes du p\u00e8lerinage \u00e0 Los Angeles. <\/p>\n\n\n<div class=\"wp-block-image\">\n<figure class=\"alignright size-large is-resized\"><img loading=\"lazy\" decoding=\"async\" src=\"https:\/\/www.sensorialsunsets.com\/wp-content\/uploads\/2023\/07\/image-3-1024x681.png\" alt=\"\" class=\"wp-image-9218\" width=\"415\" height=\"275\" srcset=\"https:\/\/www.sensorialsunsets.com\/wp-content\/uploads\/2023\/07\/image-3-1024x681.png 1024w, https:\/\/www.sensorialsunsets.com\/wp-content\/uploads\/2023\/07\/image-3-300x200.png 300w, https:\/\/www.sensorialsunsets.com\/wp-content\/uploads\/2023\/07\/image-3-768x511.png 768w, https:\/\/www.sensorialsunsets.com\/wp-content\/uploads\/2023\/07\/image-3-334x222.png 334w, https:\/\/www.sensorialsunsets.com\/wp-content\/uploads\/2023\/07\/image-3-1320x878.png 1320w, https:\/\/www.sensorialsunsets.com\/wp-content\/uploads\/2023\/07\/image-3.png 1440w\" sizes=\"auto, (max-width: 415px) 100vw, 415px\" \/><\/figure>\n<\/div>\n\n\n<p>R\u00e9alis\u00e9s \u00e0 partir d&rsquo;une p\u00e2te \u00e0 base de farine, d&rsquo;eau et de sel, qui est ins\u00e9r\u00e9e dans une poche \u00e0 douille munie d&rsquo;une buse en \u00e9toile pour leur donner leur forme allong\u00e9e et nervur\u00e9e caract\u00e9ristique. Ils sont ensuite frits dans de l&rsquo;huile chaude jusqu&rsquo;\u00e0 ce qu&rsquo;ils soient dor\u00e9s et croustillants \u00e0 l&rsquo;ext\u00e9rieur, tandis que l&rsquo;int\u00e9rieur reste doux et moelleux. Ainsi, ces d\u00e9licieuses fritures constituent une tradition culinaire qui ajoute une touche particuli\u00e8re \u00e0 la f\u00eate. <\/p>\n\n\n\n<p>\u00c0 Los Angeles, il est courant de trouver deux types de churros : ordinaires et fourr\u00e9s. Les churros ordinaires sont l&rsquo;option la plus traditionnelle et sont servis avec du sucre saupoudr\u00e9 ou tremp\u00e9s dans du chocolat chaud. En revanche, les churros fourr\u00e9s sont une variante plus innovante et plus app\u00e9tissante pour beaucoup.<\/p>\n\n\n\n<figure class=\"wp-block-pullquote\"><blockquote><p>\u00c0 partir du 22 juillet, date \u00e0 laquelle les ventes commencent \u00e0 s&rsquo;acc\u00e9l\u00e9rer, et restent \u00e9lev\u00e9es jusqu&rsquo;au 3 ao\u00fbt environ<\/p><\/blockquote><\/figure>\n\n\n\n<p>Tout \u00e0 fait, le p\u00e8lerinage et les changements contribuent \u00e0 renforcer les liens sociaux au sein de la communaut\u00e9. Ces \u00e9v\u00e9nements festifs favorisent l&rsquo;esprit de convivialit\u00e9 en r\u00e9unissant les habitants de Los Angeles dans un m\u00eame but et une m\u00eame c\u00e9l\u00e9bration. La tradition ancr\u00e9e dans la culture locale cr\u00e9e un sentiment de continuit\u00e9 et de fiert\u00e9 pour les r\u00e9sidents.<\/p>\n\n\n\n<p><strong>Sensorial Sunsets<\/strong><\/p>\n","protected":false},"excerpt":{"rendered":"<p>P\u00e8lerinage et les foires<\/p>\n","protected":false},"author":4,"featured_media":9213,"comment_status":"closed","ping_status":"closed","sticky":false,"template":"","format":"standard","meta":{"_acf_changed":false,"inline_featured_image":false,"_monsterinsights_skip_tracking":false,"_monsterinsights_sitenote_active":false,"_monsterinsights_sitenote_note":"","_monsterinsights_sitenote_category":0,"footnotes":""},"categories":[100,104],"tags":[],"class_list":["post-9231","post","type-post","status-publish","format-standard","has-post-thumbnail","hentry","category-costa-rica-fr","category-culture-fr"],"acf":[],"yoast_head":"<!-- This site is optimized with the Yoast SEO plugin v27.4 - https:\/\/yoast.com\/product\/yoast-seo-wordpress\/ -->\n<title>P\u00e8lerinage \u00e0 Los Angeles : les foires qui font le mois d&#039;ao\u00fbt - SensorialSunsets<\/title>\n<meta name=\"description\" content=\"La P\u00e8lerinage et les tourn\u00e9es, une atmosph\u00e8re o\u00f9 la d\u00e9votion \u00e0 la Vierge de los Angeles est associ\u00e9e \u00e0 des souvenirs significatifs.\" \/>\n<meta name=\"robots\" content=\"index, follow, max-snippet:-1, max-image-preview:large, max-video-preview:-1\" \/>\n<link rel=\"canonical\" href=\"https:\/\/www.sensorialsunsets.com\/fr\/pelerinage-a-los-angeles-les-foires-qui-font-le-mois-daout\/\" \/>\n<meta property=\"og:locale\" content=\"fr_FR\" \/>\n<meta property=\"og:type\" content=\"article\" \/>\n<meta property=\"og:title\" content=\"P\u00e8lerinage \u00e0 Los Angeles : les foires qui font le mois d&#039;ao\u00fbt - SensorialSunsets\" \/>\n<meta property=\"og:description\" content=\"La P\u00e8lerinage et les tourn\u00e9es, une atmosph\u00e8re o\u00f9 la d\u00e9votion \u00e0 la Vierge de los Angeles est associ\u00e9e \u00e0 des souvenirs significatifs.\" \/>\n<meta property=\"og:url\" content=\"https:\/\/www.sensorialsunsets.com\/fr\/pelerinage-a-los-angeles-les-foires-qui-font-le-mois-daout\/\" \/>\n<meta property=\"og:site_name\" content=\"SensorialSunsets\" \/>\n<meta property=\"article:publisher\" content=\"https:\/\/www.facebook.com\/Sensorial-Sunsets-109180614715562\" \/>\n<meta property=\"article:published_time\" content=\"2023-07-31T21:00:56+00:00\" \/>\n<meta property=\"article:modified_time\" content=\"2023-07-31T21:01:06+00:00\" \/>\n<meta property=\"og:image\" content=\"https:\/\/www.sensorialsunsets.com\/wp-content\/uploads\/2023\/07\/YQR7AQ5RNRBY7MSDIDZJ25EFS4-scaled.jpg\" \/>\n\t<meta property=\"og:image:width\" content=\"2560\" \/>\n\t<meta property=\"og:image:height\" content=\"1707\" \/>\n\t<meta property=\"og:image:type\" content=\"image\/jpeg\" \/>\n<meta name=\"author\" content=\"Sensorial Sunsets\" \/>\n<meta name=\"twitter:card\" content=\"summary_large_image\" \/>\n<meta name=\"twitter:label1\" content=\"\u00c9crit par\" \/>\n\t<meta name=\"twitter:data1\" content=\"Sensorial Sunsets\" \/>\n\t<meta name=\"twitter:label2\" content=\"Dur\u00e9e de lecture estim\u00e9e\" \/>\n\t<meta name=\"twitter:data2\" content=\"3 minutes\" \/>\n<script type=\"application\/ld+json\" class=\"yoast-schema-graph\">{\"@context\":\"https:\\\/\\\/schema.org\",\"@graph\":[{\"@type\":\"Article\",\"@id\":\"https:\\\/\\\/www.sensorialsunsets.com\\\/fr\\\/pelerinage-a-los-angeles-les-foires-qui-font-le-mois-daout\\\/#article\",\"isPartOf\":{\"@id\":\"https:\\\/\\\/www.sensorialsunsets.com\\\/fr\\\/pelerinage-a-los-angeles-les-foires-qui-font-le-mois-daout\\\/\"},\"author\":{\"name\":\"Sensorial Sunsets\",\"@id\":\"https:\\\/\\\/www.sensorialsunsets.com\\\/fr\\\/#\\\/schema\\\/person\\\/77e2fa594135aa94024c47e281d8a94d\"},\"headline\":\"P\u00e8lerinage \u00e0 Los Angeles : les foires qui font le mois d&rsquo;ao\u00fbt\",\"datePublished\":\"2023-07-31T21:00:56+00:00\",\"dateModified\":\"2023-07-31T21:01:06+00:00\",\"mainEntityOfPage\":{\"@id\":\"https:\\\/\\\/www.sensorialsunsets.com\\\/fr\\\/pelerinage-a-los-angeles-les-foires-qui-font-le-mois-daout\\\/\"},\"wordCount\":581,\"publisher\":{\"@id\":\"https:\\\/\\\/www.sensorialsunsets.com\\\/fr\\\/#organization\"},\"image\":{\"@id\":\"https:\\\/\\\/www.sensorialsunsets.com\\\/fr\\\/pelerinage-a-los-angeles-les-foires-qui-font-le-mois-daout\\\/#primaryimage\"},\"thumbnailUrl\":\"https:\\\/\\\/www.sensorialsunsets.com\\\/wp-content\\\/uploads\\\/2023\\\/07\\\/YQR7AQ5RNRBY7MSDIDZJ25EFS4-scaled.jpg\",\"articleSection\":[\"Costa Rica\",\"Culture\"],\"inLanguage\":\"fr-FR\"},{\"@type\":\"WebPage\",\"@id\":\"https:\\\/\\\/www.sensorialsunsets.com\\\/fr\\\/pelerinage-a-los-angeles-les-foires-qui-font-le-mois-daout\\\/\",\"url\":\"https:\\\/\\\/www.sensorialsunsets.com\\\/fr\\\/pelerinage-a-los-angeles-les-foires-qui-font-le-mois-daout\\\/\",\"name\":\"P\u00e8lerinage \u00e0 Los Angeles : les foires qui font le mois d'ao\u00fbt - SensorialSunsets\",\"isPartOf\":{\"@id\":\"https:\\\/\\\/www.sensorialsunsets.com\\\/fr\\\/#website\"},\"primaryImageOfPage\":{\"@id\":\"https:\\\/\\\/www.sensorialsunsets.com\\\/fr\\\/pelerinage-a-los-angeles-les-foires-qui-font-le-mois-daout\\\/#primaryimage\"},\"image\":{\"@id\":\"https:\\\/\\\/www.sensorialsunsets.com\\\/fr\\\/pelerinage-a-los-angeles-les-foires-qui-font-le-mois-daout\\\/#primaryimage\"},\"thumbnailUrl\":\"https:\\\/\\\/www.sensorialsunsets.com\\\/wp-content\\\/uploads\\\/2023\\\/07\\\/YQR7AQ5RNRBY7MSDIDZJ25EFS4-scaled.jpg\",\"datePublished\":\"2023-07-31T21:00:56+00:00\",\"dateModified\":\"2023-07-31T21:01:06+00:00\",\"description\":\"La P\u00e8lerinage et les tourn\u00e9es, une atmosph\u00e8re o\u00f9 la d\u00e9votion \u00e0 la Vierge de los Angeles est associ\u00e9e \u00e0 des souvenirs significatifs.\",\"inLanguage\":\"fr-FR\",\"potentialAction\":[{\"@type\":\"ReadAction\",\"target\":[\"https:\\\/\\\/www.sensorialsunsets.com\\\/fr\\\/pelerinage-a-los-angeles-les-foires-qui-font-le-mois-daout\\\/\"]}]},{\"@type\":\"ImageObject\",\"inLanguage\":\"fr-FR\",\"@id\":\"https:\\\/\\\/www.sensorialsunsets.com\\\/fr\\\/pelerinage-a-los-angeles-les-foires-qui-font-le-mois-daout\\\/#primaryimage\",\"url\":\"https:\\\/\\\/www.sensorialsunsets.com\\\/wp-content\\\/uploads\\\/2023\\\/07\\\/YQR7AQ5RNRBY7MSDIDZJ25EFS4-scaled.jpg\",\"contentUrl\":\"https:\\\/\\\/www.sensorialsunsets.com\\\/wp-content\\\/uploads\\\/2023\\\/07\\\/YQR7AQ5RNRBY7MSDIDZJ25EFS4-scaled.jpg\",\"width\":2560,\"height\":1707},{\"@type\":\"WebSite\",\"@id\":\"https:\\\/\\\/www.sensorialsunsets.com\\\/fr\\\/#website\",\"url\":\"https:\\\/\\\/www.sensorialsunsets.com\\\/fr\\\/\",\"name\":\"SensorialSunsets.com\",\"description\":\"D\u00e9couvrez la culture et la soci\u00e9t\u00e9 du Costa Rica sur notre blog. Explorez des articles captivants et partagez le contenu.\",\"publisher\":{\"@id\":\"https:\\\/\\\/www.sensorialsunsets.com\\\/fr\\\/#organization\"},\"alternateName\":\"Costa Rica Live Blog\",\"potentialAction\":[{\"@type\":\"SearchAction\",\"target\":{\"@type\":\"EntryPoint\",\"urlTemplate\":\"https:\\\/\\\/www.sensorialsunsets.com\\\/fr\\\/?s={search_term_string}\"},\"query-input\":{\"@type\":\"PropertyValueSpecification\",\"valueRequired\":true,\"valueName\":\"search_term_string\"}}],\"inLanguage\":\"fr-FR\"},{\"@type\":\"Organization\",\"@id\":\"https:\\\/\\\/www.sensorialsunsets.com\\\/fr\\\/#organization\",\"name\":\"SensorialSunsets\",\"url\":\"https:\\\/\\\/www.sensorialsunsets.com\\\/fr\\\/\",\"logo\":{\"@type\":\"ImageObject\",\"inLanguage\":\"fr-FR\",\"@id\":\"https:\\\/\\\/www.sensorialsunsets.com\\\/fr\\\/#\\\/schema\\\/logo\\\/image\\\/\",\"url\":\"https:\\\/\\\/www.sensorialsunsets.com\\\/wp-content\\\/uploads\\\/2023\\\/04\\\/Logo_base_line_fond_clair.svg\",\"contentUrl\":\"https:\\\/\\\/www.sensorialsunsets.com\\\/wp-content\\\/uploads\\\/2023\\\/04\\\/Logo_base_line_fond_clair.svg\",\"width\":\"1024\",\"height\":\"1024\",\"caption\":\"SensorialSunsets\"},\"image\":{\"@id\":\"https:\\\/\\\/www.sensorialsunsets.com\\\/fr\\\/#\\\/schema\\\/logo\\\/image\\\/\"},\"sameAs\":[\"https:\\\/\\\/www.facebook.com\\\/Sensorial-Sunsets-109180614715562\",\"https:\\\/\\\/www.instagram.com\\\/sensorialsunsets\\\/\"]},{\"@type\":\"Person\",\"@id\":\"https:\\\/\\\/www.sensorialsunsets.com\\\/fr\\\/#\\\/schema\\\/person\\\/77e2fa594135aa94024c47e281d8a94d\",\"name\":\"Sensorial Sunsets\",\"image\":{\"@type\":\"ImageObject\",\"inLanguage\":\"fr-FR\",\"@id\":\"https:\\\/\\\/secure.gravatar.com\\\/avatar\\\/5f2d62681b1dad94c28f1500d4fc75582acdfd32b55fd1acce0a36a3c487eabe?s=96&d=mm&r=g\",\"url\":\"https:\\\/\\\/secure.gravatar.com\\\/avatar\\\/5f2d62681b1dad94c28f1500d4fc75582acdfd32b55fd1acce0a36a3c487eabe?s=96&d=mm&r=g\",\"contentUrl\":\"https:\\\/\\\/secure.gravatar.com\\\/avatar\\\/5f2d62681b1dad94c28f1500d4fc75582acdfd32b55fd1acce0a36a3c487eabe?s=96&d=mm&r=g\",\"caption\":\"Sensorial Sunsets\"},\"url\":\"https:\\\/\\\/www.sensorialsunsets.com\\\/fr\\\/author\\\/asistentes-sensorial-sunsets\\\/\"}]}<\/script>\n<!-- \/ Yoast SEO plugin. -->","yoast_head_json":{"title":"P\u00e8lerinage \u00e0 Los Angeles : les foires qui font le mois d'ao\u00fbt - SensorialSunsets","description":"La P\u00e8lerinage et les tourn\u00e9es, une atmosph\u00e8re o\u00f9 la d\u00e9votion \u00e0 la Vierge de los Angeles est associ\u00e9e \u00e0 des souvenirs significatifs.","robots":{"index":"index","follow":"follow","max-snippet":"max-snippet:-1","max-image-preview":"max-image-preview:large","max-video-preview":"max-video-preview:-1"},"canonical":"https:\/\/www.sensorialsunsets.com\/fr\/pelerinage-a-los-angeles-les-foires-qui-font-le-mois-daout\/","og_locale":"fr_FR","og_type":"article","og_title":"P\u00e8lerinage \u00e0 Los Angeles : les foires qui font le mois d'ao\u00fbt - SensorialSunsets","og_description":"La P\u00e8lerinage et les tourn\u00e9es, une atmosph\u00e8re o\u00f9 la d\u00e9votion \u00e0 la Vierge de los Angeles est associ\u00e9e \u00e0 des souvenirs significatifs.","og_url":"https:\/\/www.sensorialsunsets.com\/fr\/pelerinage-a-los-angeles-les-foires-qui-font-le-mois-daout\/","og_site_name":"SensorialSunsets","article_publisher":"https:\/\/www.facebook.com\/Sensorial-Sunsets-109180614715562","article_published_time":"2023-07-31T21:00:56+00:00","article_modified_time":"2023-07-31T21:01:06+00:00","og_image":[{"width":2560,"height":1707,"url":"https:\/\/www.sensorialsunsets.com\/wp-content\/uploads\/2023\/07\/YQR7AQ5RNRBY7MSDIDZJ25EFS4-scaled.jpg","type":"image\/jpeg"}],"author":"Sensorial Sunsets","twitter_card":"summary_large_image","twitter_misc":{"\u00c9crit par":"Sensorial Sunsets","Dur\u00e9e de lecture estim\u00e9e":"3 minutes"},"schema":{"@context":"https:\/\/schema.org","@graph":[{"@type":"Article","@id":"https:\/\/www.sensorialsunsets.com\/fr\/pelerinage-a-los-angeles-les-foires-qui-font-le-mois-daout\/#article","isPartOf":{"@id":"https:\/\/www.sensorialsunsets.com\/fr\/pelerinage-a-los-angeles-les-foires-qui-font-le-mois-daout\/"},"author":{"name":"Sensorial Sunsets","@id":"https:\/\/www.sensorialsunsets.com\/fr\/#\/schema\/person\/77e2fa594135aa94024c47e281d8a94d"},"headline":"P\u00e8lerinage \u00e0 Los Angeles : les foires qui font le mois d&rsquo;ao\u00fbt","datePublished":"2023-07-31T21:00:56+00:00","dateModified":"2023-07-31T21:01:06+00:00","mainEntityOfPage":{"@id":"https:\/\/www.sensorialsunsets.com\/fr\/pelerinage-a-los-angeles-les-foires-qui-font-le-mois-daout\/"},"wordCount":581,"publisher":{"@id":"https:\/\/www.sensorialsunsets.com\/fr\/#organization"},"image":{"@id":"https:\/\/www.sensorialsunsets.com\/fr\/pelerinage-a-los-angeles-les-foires-qui-font-le-mois-daout\/#primaryimage"},"thumbnailUrl":"https:\/\/www.sensorialsunsets.com\/wp-content\/uploads\/2023\/07\/YQR7AQ5RNRBY7MSDIDZJ25EFS4-scaled.jpg","articleSection":["Costa Rica","Culture"],"inLanguage":"fr-FR"},{"@type":"WebPage","@id":"https:\/\/www.sensorialsunsets.com\/fr\/pelerinage-a-los-angeles-les-foires-qui-font-le-mois-daout\/","url":"https:\/\/www.sensorialsunsets.com\/fr\/pelerinage-a-los-angeles-les-foires-qui-font-le-mois-daout\/","name":"P\u00e8lerinage \u00e0 Los Angeles : les foires qui font le mois d'ao\u00fbt - SensorialSunsets","isPartOf":{"@id":"https:\/\/www.sensorialsunsets.com\/fr\/#website"},"primaryImageOfPage":{"@id":"https:\/\/www.sensorialsunsets.com\/fr\/pelerinage-a-los-angeles-les-foires-qui-font-le-mois-daout\/#primaryimage"},"image":{"@id":"https:\/\/www.sensorialsunsets.com\/fr\/pelerinage-a-los-angeles-les-foires-qui-font-le-mois-daout\/#primaryimage"},"thumbnailUrl":"https:\/\/www.sensorialsunsets.com\/wp-content\/uploads\/2023\/07\/YQR7AQ5RNRBY7MSDIDZJ25EFS4-scaled.jpg","datePublished":"2023-07-31T21:00:56+00:00","dateModified":"2023-07-31T21:01:06+00:00","description":"La P\u00e8lerinage et les tourn\u00e9es, une atmosph\u00e8re o\u00f9 la d\u00e9votion \u00e0 la Vierge de los Angeles est associ\u00e9e \u00e0 des souvenirs significatifs.","inLanguage":"fr-FR","potentialAction":[{"@type":"ReadAction","target":["https:\/\/www.sensorialsunsets.com\/fr\/pelerinage-a-los-angeles-les-foires-qui-font-le-mois-daout\/"]}]},{"@type":"ImageObject","inLanguage":"fr-FR","@id":"https:\/\/www.sensorialsunsets.com\/fr\/pelerinage-a-los-angeles-les-foires-qui-font-le-mois-daout\/#primaryimage","url":"https:\/\/www.sensorialsunsets.com\/wp-content\/uploads\/2023\/07\/YQR7AQ5RNRBY7MSDIDZJ25EFS4-scaled.jpg","contentUrl":"https:\/\/www.sensorialsunsets.com\/wp-content\/uploads\/2023\/07\/YQR7AQ5RNRBY7MSDIDZJ25EFS4-scaled.jpg","width":2560,"height":1707},{"@type":"WebSite","@id":"https:\/\/www.sensorialsunsets.com\/fr\/#website","url":"https:\/\/www.sensorialsunsets.com\/fr\/","name":"SensorialSunsets.com","description":"D\u00e9couvrez la culture et la soci\u00e9t\u00e9 du Costa Rica sur notre blog. Explorez des articles captivants et partagez le contenu.","publisher":{"@id":"https:\/\/www.sensorialsunsets.com\/fr\/#organization"},"alternateName":"Costa Rica Live Blog","potentialAction":[{"@type":"SearchAction","target":{"@type":"EntryPoint","urlTemplate":"https:\/\/www.sensorialsunsets.com\/fr\/?s={search_term_string}"},"query-input":{"@type":"PropertyValueSpecification","valueRequired":true,"valueName":"search_term_string"}}],"inLanguage":"fr-FR"},{"@type":"Organization","@id":"https:\/\/www.sensorialsunsets.com\/fr\/#organization","name":"SensorialSunsets","url":"https:\/\/www.sensorialsunsets.com\/fr\/","logo":{"@type":"ImageObject","inLanguage":"fr-FR","@id":"https:\/\/www.sensorialsunsets.com\/fr\/#\/schema\/logo\/image\/","url":"https:\/\/www.sensorialsunsets.com\/wp-content\/uploads\/2023\/04\/Logo_base_line_fond_clair.svg","contentUrl":"https:\/\/www.sensorialsunsets.com\/wp-content\/uploads\/2023\/04\/Logo_base_line_fond_clair.svg","width":"1024","height":"1024","caption":"SensorialSunsets"},"image":{"@id":"https:\/\/www.sensorialsunsets.com\/fr\/#\/schema\/logo\/image\/"},"sameAs":["https:\/\/www.facebook.com\/Sensorial-Sunsets-109180614715562","https:\/\/www.instagram.com\/sensorialsunsets\/"]},{"@type":"Person","@id":"https:\/\/www.sensorialsunsets.com\/fr\/#\/schema\/person\/77e2fa594135aa94024c47e281d8a94d","name":"Sensorial Sunsets","image":{"@type":"ImageObject","inLanguage":"fr-FR","@id":"https:\/\/secure.gravatar.com\/avatar\/5f2d62681b1dad94c28f1500d4fc75582acdfd32b55fd1acce0a36a3c487eabe?s=96&d=mm&r=g","url":"https:\/\/secure.gravatar.com\/avatar\/5f2d62681b1dad94c28f1500d4fc75582acdfd32b55fd1acce0a36a3c487eabe?s=96&d=mm&r=g","contentUrl":"https:\/\/secure.gravatar.com\/avatar\/5f2d62681b1dad94c28f1500d4fc75582acdfd32b55fd1acce0a36a3c487eabe?s=96&d=mm&r=g","caption":"Sensorial Sunsets"},"url":"https:\/\/www.sensorialsunsets.com\/fr\/author\/asistentes-sensorial-sunsets\/"}]}},"_links":{"self":[{"href":"https:\/\/www.sensorialsunsets.com\/fr\/wp-json\/wp\/v2\/posts\/9231","targetHints":{"allow":["GET"]}}],"collection":[{"href":"https:\/\/www.sensorialsunsets.com\/fr\/wp-json\/wp\/v2\/posts"}],"about":[{"href":"https:\/\/www.sensorialsunsets.com\/fr\/wp-json\/wp\/v2\/types\/post"}],"author":[{"embeddable":true,"href":"https:\/\/www.sensorialsunsets.com\/fr\/wp-json\/wp\/v2\/users\/4"}],"replies":[{"embeddable":true,"href":"https:\/\/www.sensorialsunsets.com\/fr\/wp-json\/wp\/v2\/comments?post=9231"}],"version-history":[{"count":0,"href":"https:\/\/www.sensorialsunsets.com\/fr\/wp-json\/wp\/v2\/posts\/9231\/revisions"}],"wp:featuredmedia":[{"embeddable":true,"href":"https:\/\/www.sensorialsunsets.com\/fr\/wp-json\/wp\/v2\/media\/9213"}],"wp:attachment":[{"href":"https:\/\/www.sensorialsunsets.com\/fr\/wp-json\/wp\/v2\/media?parent=9231"}],"wp:term":[{"taxonomy":"category","embeddable":true,"href":"https:\/\/www.sensorialsunsets.com\/fr\/wp-json\/wp\/v2\/categories?post=9231"},{"taxonomy":"post_tag","embeddable":true,"href":"https:\/\/www.sensorialsunsets.com\/fr\/wp-json\/wp\/v2\/tags?post=9231"}],"curies":[{"name":"wp","href":"https:\/\/api.w.org\/{rel}","templated":true}]}}