{"id":9821,"date":"2023-08-25T14:31:28","date_gmt":"2023-08-25T20:31:28","guid":{"rendered":"https:\/\/www.sensorialsunsets.com\/?p=9821"},"modified":"2023-08-25T16:09:32","modified_gmt":"2023-08-25T22:09:32","slug":"a-la-decouverte-de-tierra-de-pardos-culture-nutrition-et-environnement-en-harmonie","status":"publish","type":"post","link":"https:\/\/www.sensorialsunsets.com\/fr\/a-la-decouverte-de-tierra-de-pardos-culture-nutrition-et-environnement-en-harmonie\/","title":{"rendered":"A la d\u00e9couverte de Tierra de Pardos : culture, nutrition et environnement en harmonie"},"content":{"rendered":"\n<p>Tierra de Pardos, une ferme agro-\u00e9cologique qui fait le lien avec <a href=\"https:\/\/www.sensorialsunsets.com\/fr\/cartago-quest-ce-que-la-puebla-de-los-pardos\/\">les anc\u00eatres afro-carib\u00e9ens et les racines indig\u00e8nes<\/a>, ce qui permet de poser les bases de l&rsquo;identit\u00e9 culturelle. Par ailleurs, le restaurant raconte sa propre histoire sous une similitude entre toutes les exp\u00e9riences de nos peuples. La reconnaissance d&rsquo;une histoire pass\u00e9e sous silence et la d\u00e9fense de nos racines deviennent des actes de r\u00e9sistance.<\/p>\n\n<blockquote class=\"wp-block-quote is-layout-flow wp-block-quote-is-layout-flow\">\n<p>Une partie de la r\u00e9sistance consiste \u00e0 reconna\u00eetre nos origines et \u00e0 faire en sorte que l&rsquo;histoire non racont\u00e9e ait une voix, notamment pour assurer sa transcendance, ce qui nous permettra de comprendre notre pr\u00e9sent, c&rsquo;est le cas de notre Puebla de los Pardos.<\/p>\n<cite>Natalia Aguilar<\/cite><\/blockquote>\n\n<h3 class=\"wp-block-heading\"><strong>Tierra de Pardos la r\u00e9novation par la gastronomie<\/strong>.<\/h3>\n\n<p>L&rsquo;initiative \u00ab\u00a0Tierra de Pardos\u00a0\u00bb naissait il y a 10 ans avec Malanga Fusi\u00f3n Caribe, dirig\u00e9e par le chef Darwin Gonzales Monge et dirig\u00e9e par Natalia Aguilar. Par ce projet gastronomique, il s&rsquo;agissait de raconter l&rsquo;histoire des racines afro-costariciennes et de red\u00e9finir la cuisine afro-costaricienne. <\/p>\n\n<p>\u00c0 travers des recherches et des visites aux communaut\u00e9s indig\u00e8nes, des informations ont \u00e9t\u00e9 recueillies sur les anc\u00eatres et la lutte qu&rsquo;ils ont men\u00e9e lorsqu&rsquo;ils ont tout perdu pendant la colonisation. La pand\u00e9mie de COVID-19 a eu un impact n\u00e9gatif sur le projet, entra\u00eenant la perte financi\u00e8re et la fermeture de Malanga Fusion Caribe. Mais un coll\u00e8gue du chef a pr\u00e9sent\u00e9 l&rsquo;opportunit\u00e9 de continuer sous le nom de \u00ab\u00a0Tierra de Pardos\u00a0\u00bb, en s&rsquo;appuyant sur les principes de la permaculture et de l&rsquo;agriculture durable pour cr\u00e9er un espace de r\u00e9silience et de d\u00e9veloppement communautaire.<\/p>\n\n<p>La mission du projet englobe la cr\u00e9ation d&rsquo;un espace optimal guid\u00e9 par les principes de la permaculture, fusionnant l&rsquo;alimentation et la production dans un contexte \u00e9ducatif. Sa vision est claire : offrir un environnement r\u00e9cr\u00e9atif holistique qui favorise l&rsquo;am\u00e9lioration de la qualit\u00e9 de vie. Bien qu&rsquo;il n&rsquo;adopte pas une approche de restauration conventionnelle, l&rsquo;accent est mis sur la sant\u00e9 globale et le bien-\u00eatre de l&rsquo;environnement. Il aspire \u00e0 devenir un centre d&rsquo;h\u00e9bergement agro-\u00e9cologique.<\/p>\n\n<h3 class=\"wp-block-heading\"><strong>Vers une alimentation consciente<\/strong>.<\/h3>\n\n<p>La caract\u00e9ristique distinctive de <a href=\"https:\/\/www.instagram.com\/tierradepardos\/?hl=es\">Tierra de Pardos<\/a> r\u00e9side dans son engagement envers la production locale, l&rsquo;utilisation de produits cultiv\u00e9s sur place et la formulation de menus alternatifs qui refl\u00e8tent la sensibilisation \u00e0 l&rsquo;alimentation. En effet, les ateliers et les activit\u00e9s \u00e9ducatives facilitent la transmission de ces valeurs nutritionnelles \u00e0 la fois \u00e0 la communaut\u00e9 locale et aux visiteurs, en les sensibilisant \u00e0 l&rsquo;alimentation et \u00e0 ses implications.<\/p>\n<div class=\"wp-block-image\">\n<figure class=\"alignright size-large is-resized\"><img loading=\"lazy\" decoding=\"async\" src=\"https:\/\/www.sensorialsunsets.com\/wp-content\/uploads\/2023\/08\/294555845_145462871467323_840388969550859238_n-1-1-989x1024.jpg\" alt=\"\" class=\"wp-image-9804\" style=\"width:354px;height:367px\" width=\"354\" height=\"367\" srcset=\"https:\/\/www.sensorialsunsets.com\/wp-content\/uploads\/2023\/08\/294555845_145462871467323_840388969550859238_n-1-1-989x1024.jpg 989w, https:\/\/www.sensorialsunsets.com\/wp-content\/uploads\/2023\/08\/294555845_145462871467323_840388969550859238_n-1-1-290x300.jpg 290w, https:\/\/www.sensorialsunsets.com\/wp-content\/uploads\/2023\/08\/294555845_145462871467323_840388969550859238_n-1-1-768x795.jpg 768w, https:\/\/www.sensorialsunsets.com\/wp-content\/uploads\/2023\/08\/294555845_145462871467323_840388969550859238_n-1-1-1320x1367.jpg 1320w, https:\/\/www.sensorialsunsets.com\/wp-content\/uploads\/2023\/08\/294555845_145462871467323_840388969550859238_n-1-1.jpg 1440w\" sizes=\"auto, (max-width: 354px) 100vw, 354px\" \/><\/figure>\n<\/div>\n<p>La ferme emploie des pratiques agro-\u00e9cologiques et permacoles comme piliers de son fonctionnement, assurant la durabilit\u00e9 et la pr\u00e9servation de l&rsquo;environnement. Les cultures intercalaires, le recyclage de l&rsquo;eau et la r\u00e9g\u00e9n\u00e9ration des sols font partie de cette \u00e9quation. En outre, elle participe activement aux initiatives communautaires visant \u00e0 am\u00e9liorer la qualit\u00e9 de vie et \u00e0 prot\u00e9ger leur environnement.<\/p>\n\n<p>En d&rsquo;autres termes, l&rsquo;impact sur la communaut\u00e9 se manifeste par la sensibilisation \u00e0 l&rsquo;environnement et la g\u00e9n\u00e9ration de changements positifs. Les ateliers, les cours et les \u00e9v\u00e9nements sont des vecteurs de cette sensibilisation. \u00c0 l&rsquo;avenir, la poursuite de ces efforts est envisag\u00e9e, ainsi que la promotion de pratiques durables.<\/p>\n\n<h3 class=\"wp-block-heading\">Une r\u00e9invention durable<\/h3>\n\n<p>L&rsquo;initiative a commenc\u00e9 par la formation d&rsquo;une association communautaire ax\u00e9e sur les questions environnementales. L&rsquo;objectif sous-jacent est d&rsquo;encourager le d\u00e9veloppement d&rsquo;un tourisme durable. Actuellement, le service de restauration propos\u00e9 est int\u00e9gr\u00e9 dans le cadre des diff\u00e9rentes activit\u00e9s men\u00e9es au sein de la communaut\u00e9. En ce sens, il ne se pr\u00e9sente pas comme un restaurant au sens conventionnel du terme. Les activit\u00e9s comprennent des exercices physiques tels que la randonn\u00e9e et le yoga, ainsi que des ateliers sur le brassage du kombucha, la p\u00e2tisserie, la durabilit\u00e9 et l&rsquo;agriculture, entre autres.<\/p>\n\n<blockquote class=\"wp-block-quote is-layout-flow wp-block-quote-is-layout-flow\">\n<p>Pour l&rsquo;instant, nous n&rsquo;allons pas fonctionner comme un restaurant. La premi\u00e8re est que la zone ne dispose pas de distribution d&rsquo;eau de pluie, ce qui ne r\u00e9pond pas aux exigences pour demander un brevet, donc une partie des objectifs de PERMACULTURA est d&rsquo;identifier les besoins indispensables de la communaut\u00e9, et il est clair que le service de l&rsquo;eau est l&rsquo;un des plus importants. <\/p>\n<\/blockquote>\n<div class=\"wp-block-image\">\n<figure class=\"alignright size-large is-resized\"><img loading=\"lazy\" decoding=\"async\" src=\"https:\/\/www.sensorialsunsets.com\/wp-content\/uploads\/2023\/08\/310737336_162358363111107_7302402751333550385_n-1-1024x682.jpg\" alt=\"\" class=\"wp-image-9807\" style=\"width:446px;height:297px\" width=\"446\" height=\"297\" srcset=\"https:\/\/www.sensorialsunsets.com\/wp-content\/uploads\/2023\/08\/310737336_162358363111107_7302402751333550385_n-1-1024x682.jpg 1024w, https:\/\/www.sensorialsunsets.com\/wp-content\/uploads\/2023\/08\/310737336_162358363111107_7302402751333550385_n-1-300x200.jpg 300w, https:\/\/www.sensorialsunsets.com\/wp-content\/uploads\/2023\/08\/310737336_162358363111107_7302402751333550385_n-1-768x512.jpg 768w, https:\/\/www.sensorialsunsets.com\/wp-content\/uploads\/2023\/08\/310737336_162358363111107_7302402751333550385_n-1-334x222.jpg 334w, https:\/\/www.sensorialsunsets.com\/wp-content\/uploads\/2023\/08\/310737336_162358363111107_7302402751333550385_n-1.jpg 1280w\" sizes=\"auto, (max-width: 446px) 100vw, 446px\" \/><\/figure>\n<\/div>\n<p>La participation \u00e0 des foires alimentaires joue un r\u00f4le important dans le d\u00e9veloppement des options de menu et des produits de boulangerie, car la production propre n&rsquo;est pas encore r\u00e9alisable en raison du manque d&rsquo;approvisionnement en eau. Au lieu de cela, on a recours \u00e0 la collaboration avec des fermes voisines qui cultivent des produits biologiques. Tout cela s&rsquo;inscrit dans le concept du projet km0, qui vise \u00e0 consommer des produits dont le rayon d&rsquo;origine n&rsquo;est que de 1 km ou qui proviennent de la m\u00eame province. Cette strat\u00e9gie contribue \u00e0 r\u00e9duire l&#8217;empreinte carbone, \u00e0 promouvoir l&rsquo;\u00e9conomie circulaire et \u00e0 soutenir l&rsquo;identit\u00e9 commerciale locale.<\/p>\n\n<figure class=\"wp-block-pullquote has-text-align-left\"><blockquote><p>Chaque apprentissage est lent, principalement charg\u00e9 d&rsquo;amour, d&rsquo;amour envers nous-m\u00eames, lorsque nous d\u00e9cidons de nous donner le meilleur, ce que nous m\u00e9ritons et dont nous avons principalement besoin, toujours conscients que chacune de nos actions ne g\u00e9n\u00e8re pas d&rsquo;impact sur l&rsquo;environnement ; s&rsquo;il y a de l&rsquo;amour, il n&rsquo;y a pas de punition, il ne faut donc pas se r\u00e9criminer pour les rechutes qui g\u00e9n\u00e8rent des sentiments d&rsquo;\u00e9chec, mais vraiment s&rsquo;int\u00e9rioriser pour comprendre quel a \u00e9t\u00e9 le d\u00e9clencheur de cet \u00e9chec afin de ne pas le r\u00e9p\u00e9ter et si cela arrive comprendre que depuis de nombreuses ann\u00e9es, nous sommes le produit d&rsquo;un esclavage alimentaire entre la r\u00e9volution verte et la cosm\u00e9tologie alimentaire. Voil\u00e0 et ce sera la raison ou le promoteur de l&rsquo;existence de TIERRA DE PARDOS, pour pouvoir offrir de petits espaces qui permettent l&rsquo;accessibilit\u00e9 \u00e0 l&rsquo;information sans assujettissement et sans violence.<\/p><cite>Natalia Aguilar<\/cite><\/blockquote><\/figure>\n\n<p><strong>Sensorial Sunsets<\/strong> en collaboration avec Natalia Aguilar.<\/p>\n","protected":false},"excerpt":{"rendered":"<p>Tierra de Pardos, une ferme agro-\u00e9cologique qui fait le lien avec les anc\u00eatres afro-carib\u00e9ens et les racines indig\u00e8nes, ce qui permet de poser les bases de l&rsquo;identit\u00e9 culturelle. Par ailleurs, le restaurant raconte sa propre histoire sous une similitude entre toutes les exp\u00e9riences de nos peuples. La reconnaissance d&rsquo;une histoire pass\u00e9e sous silence et la [&hellip;]<\/p>\n","protected":false},"author":4,"featured_media":9800,"comment_status":"closed","ping_status":"closed","sticky":false,"template":"","format":"standard","meta":{"_acf_changed":false,"inline_featured_image":false,"_monsterinsights_skip_tracking":false,"_monsterinsights_sitenote_active":false,"_monsterinsights_sitenote_note":"","_monsterinsights_sitenote_category":0,"footnotes":""},"categories":[1],"tags":[],"class_list":["post-9821","post","type-post","status-publish","format-standard","has-post-thumbnail","hentry","category-non-classifiee"],"acf":[],"yoast_head":"<!-- This site is optimized with the Yoast SEO plugin v27.4 - https:\/\/yoast.com\/product\/yoast-seo-wordpress\/ -->\n<title>A la d\u00e9couverte de Tierra de Pardos : environnement en harmonie<\/title>\n<meta name=\"description\" content=\"Tierra de Pardos, un projet o\u00f9 la nourriture fait partie des activit\u00e9s de la communaut\u00e9, de la d\u00e9marche identitaire et de l&#039;\u00e9conomie circulaire.\" \/>\n<meta name=\"robots\" content=\"index, follow, max-snippet:-1, max-image-preview:large, max-video-preview:-1\" \/>\n<link rel=\"canonical\" href=\"https:\/\/www.sensorialsunsets.com\/fr\/a-la-decouverte-de-tierra-de-pardos-culture-nutrition-et-environnement-en-harmonie\/\" \/>\n<meta property=\"og:locale\" content=\"fr_FR\" \/>\n<meta property=\"og:type\" content=\"article\" \/>\n<meta property=\"og:title\" content=\"A la d\u00e9couverte de Tierra de Pardos : environnement en harmonie\" \/>\n<meta property=\"og:description\" content=\"Tierra de Pardos, un projet o\u00f9 la nourriture fait partie des activit\u00e9s de la communaut\u00e9, de la d\u00e9marche identitaire et de l&#039;\u00e9conomie circulaire.\" \/>\n<meta property=\"og:url\" content=\"https:\/\/www.sensorialsunsets.com\/fr\/a-la-decouverte-de-tierra-de-pardos-culture-nutrition-et-environnement-en-harmonie\/\" \/>\n<meta property=\"og:site_name\" content=\"SensorialSunsets\" \/>\n<meta property=\"article:publisher\" content=\"https:\/\/www.facebook.com\/Sensorial-Sunsets-109180614715562\" \/>\n<meta property=\"article:published_time\" content=\"2023-08-25T20:31:28+00:00\" \/>\n<meta property=\"article:modified_time\" content=\"2023-08-25T22:09:32+00:00\" \/>\n<meta property=\"og:image\" content=\"https:\/\/www.sensorialsunsets.com\/wp-content\/uploads\/2023\/08\/310737336_162358363111107_7302402751333550385_n.jpg\" \/>\n\t<meta property=\"og:image:width\" content=\"1280\" \/>\n\t<meta property=\"og:image:height\" content=\"853\" \/>\n\t<meta property=\"og:image:type\" content=\"image\/jpeg\" \/>\n<meta name=\"author\" content=\"Sensorial Sunsets\" \/>\n<meta name=\"twitter:card\" content=\"summary_large_image\" \/>\n<meta name=\"twitter:label1\" content=\"\u00c9crit par\" \/>\n\t<meta name=\"twitter:data1\" content=\"Sensorial Sunsets\" \/>\n\t<meta name=\"twitter:label2\" content=\"Dur\u00e9e de lecture estim\u00e9e\" \/>\n\t<meta name=\"twitter:data2\" content=\"5 minutes\" \/>\n<script type=\"application\/ld+json\" class=\"yoast-schema-graph\">{\"@context\":\"https:\\\/\\\/schema.org\",\"@graph\":[{\"@type\":\"Article\",\"@id\":\"https:\\\/\\\/www.sensorialsunsets.com\\\/fr\\\/a-la-decouverte-de-tierra-de-pardos-culture-nutrition-et-environnement-en-harmonie\\\/#article\",\"isPartOf\":{\"@id\":\"https:\\\/\\\/www.sensorialsunsets.com\\\/fr\\\/a-la-decouverte-de-tierra-de-pardos-culture-nutrition-et-environnement-en-harmonie\\\/\"},\"author\":{\"name\":\"Sensorial Sunsets\",\"@id\":\"https:\\\/\\\/www.sensorialsunsets.com\\\/fr\\\/#\\\/schema\\\/person\\\/77e2fa594135aa94024c47e281d8a94d\"},\"headline\":\"A la d\u00e9couverte de Tierra de Pardos : culture, nutrition et environnement en harmonie\",\"datePublished\":\"2023-08-25T20:31:28+00:00\",\"dateModified\":\"2023-08-25T22:09:32+00:00\",\"mainEntityOfPage\":{\"@id\":\"https:\\\/\\\/www.sensorialsunsets.com\\\/fr\\\/a-la-decouverte-de-tierra-de-pardos-culture-nutrition-et-environnement-en-harmonie\\\/\"},\"wordCount\":1056,\"publisher\":{\"@id\":\"https:\\\/\\\/www.sensorialsunsets.com\\\/fr\\\/#organization\"},\"image\":{\"@id\":\"https:\\\/\\\/www.sensorialsunsets.com\\\/fr\\\/a-la-decouverte-de-tierra-de-pardos-culture-nutrition-et-environnement-en-harmonie\\\/#primaryimage\"},\"thumbnailUrl\":\"https:\\\/\\\/www.sensorialsunsets.com\\\/wp-content\\\/uploads\\\/2023\\\/08\\\/310737336_162358363111107_7302402751333550385_n.jpg\",\"articleSection\":[\"Non classifi\u00e9(e)\"],\"inLanguage\":\"fr-FR\"},{\"@type\":\"WebPage\",\"@id\":\"https:\\\/\\\/www.sensorialsunsets.com\\\/fr\\\/a-la-decouverte-de-tierra-de-pardos-culture-nutrition-et-environnement-en-harmonie\\\/\",\"url\":\"https:\\\/\\\/www.sensorialsunsets.com\\\/fr\\\/a-la-decouverte-de-tierra-de-pardos-culture-nutrition-et-environnement-en-harmonie\\\/\",\"name\":\"A la d\u00e9couverte de Tierra de Pardos : environnement en harmonie\",\"isPartOf\":{\"@id\":\"https:\\\/\\\/www.sensorialsunsets.com\\\/fr\\\/#website\"},\"primaryImageOfPage\":{\"@id\":\"https:\\\/\\\/www.sensorialsunsets.com\\\/fr\\\/a-la-decouverte-de-tierra-de-pardos-culture-nutrition-et-environnement-en-harmonie\\\/#primaryimage\"},\"image\":{\"@id\":\"https:\\\/\\\/www.sensorialsunsets.com\\\/fr\\\/a-la-decouverte-de-tierra-de-pardos-culture-nutrition-et-environnement-en-harmonie\\\/#primaryimage\"},\"thumbnailUrl\":\"https:\\\/\\\/www.sensorialsunsets.com\\\/wp-content\\\/uploads\\\/2023\\\/08\\\/310737336_162358363111107_7302402751333550385_n.jpg\",\"datePublished\":\"2023-08-25T20:31:28+00:00\",\"dateModified\":\"2023-08-25T22:09:32+00:00\",\"description\":\"Tierra de Pardos, un projet o\u00f9 la nourriture fait partie des activit\u00e9s de la communaut\u00e9, de la d\u00e9marche identitaire et de l'\u00e9conomie circulaire.\",\"inLanguage\":\"fr-FR\",\"potentialAction\":[{\"@type\":\"ReadAction\",\"target\":[\"https:\\\/\\\/www.sensorialsunsets.com\\\/fr\\\/a-la-decouverte-de-tierra-de-pardos-culture-nutrition-et-environnement-en-harmonie\\\/\"]}]},{\"@type\":\"ImageObject\",\"inLanguage\":\"fr-FR\",\"@id\":\"https:\\\/\\\/www.sensorialsunsets.com\\\/fr\\\/a-la-decouverte-de-tierra-de-pardos-culture-nutrition-et-environnement-en-harmonie\\\/#primaryimage\",\"url\":\"https:\\\/\\\/www.sensorialsunsets.com\\\/wp-content\\\/uploads\\\/2023\\\/08\\\/310737336_162358363111107_7302402751333550385_n.jpg\",\"contentUrl\":\"https:\\\/\\\/www.sensorialsunsets.com\\\/wp-content\\\/uploads\\\/2023\\\/08\\\/310737336_162358363111107_7302402751333550385_n.jpg\",\"width\":1280,\"height\":853},{\"@type\":\"WebSite\",\"@id\":\"https:\\\/\\\/www.sensorialsunsets.com\\\/fr\\\/#website\",\"url\":\"https:\\\/\\\/www.sensorialsunsets.com\\\/fr\\\/\",\"name\":\"SensorialSunsets.com\",\"description\":\"D\u00e9couvrez la culture et la soci\u00e9t\u00e9 du Costa Rica sur notre blog. Explorez des articles captivants et partagez le contenu.\",\"publisher\":{\"@id\":\"https:\\\/\\\/www.sensorialsunsets.com\\\/fr\\\/#organization\"},\"alternateName\":\"Costa Rica Live Blog\",\"potentialAction\":[{\"@type\":\"SearchAction\",\"target\":{\"@type\":\"EntryPoint\",\"urlTemplate\":\"https:\\\/\\\/www.sensorialsunsets.com\\\/fr\\\/?s={search_term_string}\"},\"query-input\":{\"@type\":\"PropertyValueSpecification\",\"valueRequired\":true,\"valueName\":\"search_term_string\"}}],\"inLanguage\":\"fr-FR\"},{\"@type\":\"Organization\",\"@id\":\"https:\\\/\\\/www.sensorialsunsets.com\\\/fr\\\/#organization\",\"name\":\"SensorialSunsets\",\"url\":\"https:\\\/\\\/www.sensorialsunsets.com\\\/fr\\\/\",\"logo\":{\"@type\":\"ImageObject\",\"inLanguage\":\"fr-FR\",\"@id\":\"https:\\\/\\\/www.sensorialsunsets.com\\\/fr\\\/#\\\/schema\\\/logo\\\/image\\\/\",\"url\":\"https:\\\/\\\/www.sensorialsunsets.com\\\/wp-content\\\/uploads\\\/2023\\\/04\\\/Logo_base_line_fond_clair.svg\",\"contentUrl\":\"https:\\\/\\\/www.sensorialsunsets.com\\\/wp-content\\\/uploads\\\/2023\\\/04\\\/Logo_base_line_fond_clair.svg\",\"width\":\"1024\",\"height\":\"1024\",\"caption\":\"SensorialSunsets\"},\"image\":{\"@id\":\"https:\\\/\\\/www.sensorialsunsets.com\\\/fr\\\/#\\\/schema\\\/logo\\\/image\\\/\"},\"sameAs\":[\"https:\\\/\\\/www.facebook.com\\\/Sensorial-Sunsets-109180614715562\",\"https:\\\/\\\/www.instagram.com\\\/sensorialsunsets\\\/\"]},{\"@type\":\"Person\",\"@id\":\"https:\\\/\\\/www.sensorialsunsets.com\\\/fr\\\/#\\\/schema\\\/person\\\/77e2fa594135aa94024c47e281d8a94d\",\"name\":\"Sensorial Sunsets\",\"image\":{\"@type\":\"ImageObject\",\"inLanguage\":\"fr-FR\",\"@id\":\"https:\\\/\\\/secure.gravatar.com\\\/avatar\\\/5f2d62681b1dad94c28f1500d4fc75582acdfd32b55fd1acce0a36a3c487eabe?s=96&d=mm&r=g\",\"url\":\"https:\\\/\\\/secure.gravatar.com\\\/avatar\\\/5f2d62681b1dad94c28f1500d4fc75582acdfd32b55fd1acce0a36a3c487eabe?s=96&d=mm&r=g\",\"contentUrl\":\"https:\\\/\\\/secure.gravatar.com\\\/avatar\\\/5f2d62681b1dad94c28f1500d4fc75582acdfd32b55fd1acce0a36a3c487eabe?s=96&d=mm&r=g\",\"caption\":\"Sensorial Sunsets\"},\"url\":\"https:\\\/\\\/www.sensorialsunsets.com\\\/fr\\\/author\\\/asistentes-sensorial-sunsets\\\/\"}]}<\/script>\n<!-- \/ Yoast SEO plugin. -->","yoast_head_json":{"title":"A la d\u00e9couverte de Tierra de Pardos : environnement en harmonie","description":"Tierra de Pardos, un projet o\u00f9 la nourriture fait partie des activit\u00e9s de la communaut\u00e9, de la d\u00e9marche identitaire et de l'\u00e9conomie circulaire.","robots":{"index":"index","follow":"follow","max-snippet":"max-snippet:-1","max-image-preview":"max-image-preview:large","max-video-preview":"max-video-preview:-1"},"canonical":"https:\/\/www.sensorialsunsets.com\/fr\/a-la-decouverte-de-tierra-de-pardos-culture-nutrition-et-environnement-en-harmonie\/","og_locale":"fr_FR","og_type":"article","og_title":"A la d\u00e9couverte de Tierra de Pardos : environnement en harmonie","og_description":"Tierra de Pardos, un projet o\u00f9 la nourriture fait partie des activit\u00e9s de la communaut\u00e9, de la d\u00e9marche identitaire et de l'\u00e9conomie circulaire.","og_url":"https:\/\/www.sensorialsunsets.com\/fr\/a-la-decouverte-de-tierra-de-pardos-culture-nutrition-et-environnement-en-harmonie\/","og_site_name":"SensorialSunsets","article_publisher":"https:\/\/www.facebook.com\/Sensorial-Sunsets-109180614715562","article_published_time":"2023-08-25T20:31:28+00:00","article_modified_time":"2023-08-25T22:09:32+00:00","og_image":[{"width":1280,"height":853,"url":"https:\/\/www.sensorialsunsets.com\/wp-content\/uploads\/2023\/08\/310737336_162358363111107_7302402751333550385_n.jpg","type":"image\/jpeg"}],"author":"Sensorial Sunsets","twitter_card":"summary_large_image","twitter_misc":{"\u00c9crit par":"Sensorial Sunsets","Dur\u00e9e de lecture estim\u00e9e":"5 minutes"},"schema":{"@context":"https:\/\/schema.org","@graph":[{"@type":"Article","@id":"https:\/\/www.sensorialsunsets.com\/fr\/a-la-decouverte-de-tierra-de-pardos-culture-nutrition-et-environnement-en-harmonie\/#article","isPartOf":{"@id":"https:\/\/www.sensorialsunsets.com\/fr\/a-la-decouverte-de-tierra-de-pardos-culture-nutrition-et-environnement-en-harmonie\/"},"author":{"name":"Sensorial Sunsets","@id":"https:\/\/www.sensorialsunsets.com\/fr\/#\/schema\/person\/77e2fa594135aa94024c47e281d8a94d"},"headline":"A la d\u00e9couverte de Tierra de Pardos : culture, nutrition et environnement en harmonie","datePublished":"2023-08-25T20:31:28+00:00","dateModified":"2023-08-25T22:09:32+00:00","mainEntityOfPage":{"@id":"https:\/\/www.sensorialsunsets.com\/fr\/a-la-decouverte-de-tierra-de-pardos-culture-nutrition-et-environnement-en-harmonie\/"},"wordCount":1056,"publisher":{"@id":"https:\/\/www.sensorialsunsets.com\/fr\/#organization"},"image":{"@id":"https:\/\/www.sensorialsunsets.com\/fr\/a-la-decouverte-de-tierra-de-pardos-culture-nutrition-et-environnement-en-harmonie\/#primaryimage"},"thumbnailUrl":"https:\/\/www.sensorialsunsets.com\/wp-content\/uploads\/2023\/08\/310737336_162358363111107_7302402751333550385_n.jpg","articleSection":["Non classifi\u00e9(e)"],"inLanguage":"fr-FR"},{"@type":"WebPage","@id":"https:\/\/www.sensorialsunsets.com\/fr\/a-la-decouverte-de-tierra-de-pardos-culture-nutrition-et-environnement-en-harmonie\/","url":"https:\/\/www.sensorialsunsets.com\/fr\/a-la-decouverte-de-tierra-de-pardos-culture-nutrition-et-environnement-en-harmonie\/","name":"A la d\u00e9couverte de Tierra de Pardos : environnement en harmonie","isPartOf":{"@id":"https:\/\/www.sensorialsunsets.com\/fr\/#website"},"primaryImageOfPage":{"@id":"https:\/\/www.sensorialsunsets.com\/fr\/a-la-decouverte-de-tierra-de-pardos-culture-nutrition-et-environnement-en-harmonie\/#primaryimage"},"image":{"@id":"https:\/\/www.sensorialsunsets.com\/fr\/a-la-decouverte-de-tierra-de-pardos-culture-nutrition-et-environnement-en-harmonie\/#primaryimage"},"thumbnailUrl":"https:\/\/www.sensorialsunsets.com\/wp-content\/uploads\/2023\/08\/310737336_162358363111107_7302402751333550385_n.jpg","datePublished":"2023-08-25T20:31:28+00:00","dateModified":"2023-08-25T22:09:32+00:00","description":"Tierra de Pardos, un projet o\u00f9 la nourriture fait partie des activit\u00e9s de la communaut\u00e9, de la d\u00e9marche identitaire et de l'\u00e9conomie circulaire.","inLanguage":"fr-FR","potentialAction":[{"@type":"ReadAction","target":["https:\/\/www.sensorialsunsets.com\/fr\/a-la-decouverte-de-tierra-de-pardos-culture-nutrition-et-environnement-en-harmonie\/"]}]},{"@type":"ImageObject","inLanguage":"fr-FR","@id":"https:\/\/www.sensorialsunsets.com\/fr\/a-la-decouverte-de-tierra-de-pardos-culture-nutrition-et-environnement-en-harmonie\/#primaryimage","url":"https:\/\/www.sensorialsunsets.com\/wp-content\/uploads\/2023\/08\/310737336_162358363111107_7302402751333550385_n.jpg","contentUrl":"https:\/\/www.sensorialsunsets.com\/wp-content\/uploads\/2023\/08\/310737336_162358363111107_7302402751333550385_n.jpg","width":1280,"height":853},{"@type":"WebSite","@id":"https:\/\/www.sensorialsunsets.com\/fr\/#website","url":"https:\/\/www.sensorialsunsets.com\/fr\/","name":"SensorialSunsets.com","description":"D\u00e9couvrez la culture et la soci\u00e9t\u00e9 du Costa Rica sur notre blog. Explorez des articles captivants et partagez le contenu.","publisher":{"@id":"https:\/\/www.sensorialsunsets.com\/fr\/#organization"},"alternateName":"Costa Rica Live Blog","potentialAction":[{"@type":"SearchAction","target":{"@type":"EntryPoint","urlTemplate":"https:\/\/www.sensorialsunsets.com\/fr\/?s={search_term_string}"},"query-input":{"@type":"PropertyValueSpecification","valueRequired":true,"valueName":"search_term_string"}}],"inLanguage":"fr-FR"},{"@type":"Organization","@id":"https:\/\/www.sensorialsunsets.com\/fr\/#organization","name":"SensorialSunsets","url":"https:\/\/www.sensorialsunsets.com\/fr\/","logo":{"@type":"ImageObject","inLanguage":"fr-FR","@id":"https:\/\/www.sensorialsunsets.com\/fr\/#\/schema\/logo\/image\/","url":"https:\/\/www.sensorialsunsets.com\/wp-content\/uploads\/2023\/04\/Logo_base_line_fond_clair.svg","contentUrl":"https:\/\/www.sensorialsunsets.com\/wp-content\/uploads\/2023\/04\/Logo_base_line_fond_clair.svg","width":"1024","height":"1024","caption":"SensorialSunsets"},"image":{"@id":"https:\/\/www.sensorialsunsets.com\/fr\/#\/schema\/logo\/image\/"},"sameAs":["https:\/\/www.facebook.com\/Sensorial-Sunsets-109180614715562","https:\/\/www.instagram.com\/sensorialsunsets\/"]},{"@type":"Person","@id":"https:\/\/www.sensorialsunsets.com\/fr\/#\/schema\/person\/77e2fa594135aa94024c47e281d8a94d","name":"Sensorial Sunsets","image":{"@type":"ImageObject","inLanguage":"fr-FR","@id":"https:\/\/secure.gravatar.com\/avatar\/5f2d62681b1dad94c28f1500d4fc75582acdfd32b55fd1acce0a36a3c487eabe?s=96&d=mm&r=g","url":"https:\/\/secure.gravatar.com\/avatar\/5f2d62681b1dad94c28f1500d4fc75582acdfd32b55fd1acce0a36a3c487eabe?s=96&d=mm&r=g","contentUrl":"https:\/\/secure.gravatar.com\/avatar\/5f2d62681b1dad94c28f1500d4fc75582acdfd32b55fd1acce0a36a3c487eabe?s=96&d=mm&r=g","caption":"Sensorial Sunsets"},"url":"https:\/\/www.sensorialsunsets.com\/fr\/author\/asistentes-sensorial-sunsets\/"}]}},"_links":{"self":[{"href":"https:\/\/www.sensorialsunsets.com\/fr\/wp-json\/wp\/v2\/posts\/9821","targetHints":{"allow":["GET"]}}],"collection":[{"href":"https:\/\/www.sensorialsunsets.com\/fr\/wp-json\/wp\/v2\/posts"}],"about":[{"href":"https:\/\/www.sensorialsunsets.com\/fr\/wp-json\/wp\/v2\/types\/post"}],"author":[{"embeddable":true,"href":"https:\/\/www.sensorialsunsets.com\/fr\/wp-json\/wp\/v2\/users\/4"}],"replies":[{"embeddable":true,"href":"https:\/\/www.sensorialsunsets.com\/fr\/wp-json\/wp\/v2\/comments?post=9821"}],"version-history":[{"count":0,"href":"https:\/\/www.sensorialsunsets.com\/fr\/wp-json\/wp\/v2\/posts\/9821\/revisions"}],"wp:featuredmedia":[{"embeddable":true,"href":"https:\/\/www.sensorialsunsets.com\/fr\/wp-json\/wp\/v2\/media\/9800"}],"wp:attachment":[{"href":"https:\/\/www.sensorialsunsets.com\/fr\/wp-json\/wp\/v2\/media?parent=9821"}],"wp:term":[{"taxonomy":"category","embeddable":true,"href":"https:\/\/www.sensorialsunsets.com\/fr\/wp-json\/wp\/v2\/categories?post=9821"},{"taxonomy":"post_tag","embeddable":true,"href":"https:\/\/www.sensorialsunsets.com\/fr\/wp-json\/wp\/v2\/tags?post=9821"}],"curies":[{"name":"wp","href":"https:\/\/api.w.org\/{rel}","templated":true}]}}