{"id":991,"date":"2022-02-17T00:02:36","date_gmt":"2022-02-17T00:02:36","guid":{"rendered":"https:\/\/www.sensorialsunsets.com\/?p=991"},"modified":"2022-02-17T00:02:37","modified_gmt":"2022-02-17T00:02:37","slug":"plastiques-et-oceans-au-costa-rica","status":"publish","type":"post","link":"https:\/\/www.sensorialsunsets.com\/fr\/plastiques-et-oceans-au-costa-rica\/","title":{"rendered":"Plastiques et Oc\u00e9ans au Costa Rica"},"content":{"rendered":"\n<p><\/p>\n\n\n\n<p><strong>Sommes-nous en train de noyer les oc\u00e9ans ?<\/strong><br>Malheureusement, nous sommes en train de noyer les oc\u00e9ans sous les plastiques. Selon une \u00e9tude de la Fondation Ellen MacArthur, SI NOUS NE FAISONS RIEN, il y aura plus de plastique que de poissons dans la mer d&rsquo;ici 2050. Nous avons cr\u00e9\u00e9 un mat\u00e9riau tr\u00e8s utile pour rendre nos vies plus faciles et plus pratiques, mais nous avons oubli\u00e9 de penser \u00e0 la fa\u00e7on dont ces produits vont \u00eatre \u00e9limin\u00e9s. Un pourcentage extr\u00eamement \u00e9lev\u00e9 finit dans nos oc\u00e9ans, ce qui en fait le gros intestin de notre plan\u00e8te, et chaque ann\u00e9e la consommation de plastique augmente.<\/p>\n\n\n\n<p><strong>Nous prot\u00e9geons ce que nous aimons\u2026<\/strong><br>Le comportement humain a montr\u00e9 que nous avons tendance \u00e0 ne prot\u00e9ger que ce qui nous tient \u00e0 c\u0153ur. Nous devons donc d&rsquo;abord comprendre pourquoi les oc\u00e9ans sont si importants pour nos vies.<br>1- Les oc\u00e9ans servent de R\u00c9GULATEUR DU CLIMAT, absorbant l&rsquo;exc\u00e8s de chaleur de la plan\u00e8te et r\u00e9gulant les effets du changement climatique en \u00e9changeant des gaz avec l&rsquo;atmosph\u00e8re.<br>2- Les oc\u00e9ans PRODUISENT la plupart de l&rsquo;OXYG\u00c8NE pr\u00e9sent dans l&rsquo;atmosph\u00e8re, plus encore que les for\u00eats et les jungles de la plan\u00e8te. L&rsquo;oxyg\u00e8ne d&rsquo;une respiration sur deux est produit par les oc\u00e9ans !<\/p>\n\n\n\n<p><br><\/p>\n\n\n\n<figure class=\"wp-block-embed is-type-video is-provider-youtube wp-block-embed-youtube wp-embed-aspect-16-9 wp-has-aspect-ratio\"><div class=\"wp-block-embed__wrapper\">\n<iframe loading=\"lazy\" title=\"World Ocean Day - 5 Minute Beach Cleanup\" width=\"900\" height=\"506\" src=\"https:\/\/www.youtube.com\/embed\/I803I2Dndn0?feature=oembed\" frameborder=\"0\" allow=\"accelerometer; autoplay; clipboard-write; encrypted-media; gyroscope; picture-in-picture\" allowfullscreen><\/iframe>\n<\/div><\/figure>\n\n\n\n<p><strong>Qui g\u00e9n\u00e8re autant de d\u00e9chets plastiques ?<\/strong><br>D&rsquo;o\u00f9 vient tout ce plastique ? De ma maison et de la leur, malheureusement, car il faut bien comprendre que dans la plupart des pays, nous ne disposons pas d&rsquo;infrastructures ad\u00e9quates pour la collecte des d\u00e9chets. La plupart des d\u00e9chets que nous cr\u00e9ons avec notre consommation de masse finissent dans l&rsquo;environnement, avec un pourcentage \u00e9lev\u00e9 dans les oc\u00e9ans.<\/p>\n\n\n\n<p><strong>Comment les plastiques se retrouvent-ils dans la mer ?<\/strong><br>La plupart d&rsquo;entre eux proviennent des rivi\u00e8res, qui servent de canaux directs pour les d\u00e9chets des villes vers l&rsquo;environnement marin.<br>Une fois qu&rsquo;ils atteignent la mer, des \u00e9tudes indiquent que 70 % des plastiques coulent, 15 % flottent \u00e0 la surface et les 15 % restants se retrouvent dans les courants marins.<br>Ce que nous allons trouver sur la plage aujourd&rsquo;hui est transport\u00e9 par les courants et atteint les plages lors des grandes mar\u00e9es. Nous ne verrons ici que la \u00ab\u00a0pointe de l&rsquo;iceberg\u00a0\u00bb de tout le plastique qui s&rsquo;est retrouv\u00e9 dans nos oc\u00e9ans.<\/p>\n\n\n\n<figure class=\"wp-block-image is-resized\"><img loading=\"lazy\" decoding=\"async\" src=\"https:\/\/www.sensorialsunsets.com\/wp-content\/uploads\/2022\/02\/IMG_20200715_133110-2-768x1024.jpg\" alt=\"La imagen tiene un atributo ALT vac\u00edo; su nombre de archivo es IMG_20200715_133110-2-768x1024.jpg\" width=\"504\" height=\"672\"\/><\/figure>\n\n\n\n<p><br><strong>Faits concernant le Costa Rica<\/strong><br>Avec une population de moins de 5 millions d&rsquo;habitants et selon les donn\u00e9es 2017 du minist\u00e8re de la sant\u00e9, rien qu&rsquo;au Costa Rica, nous produisons 564 tonnes de d\u00e9chets plastiques QUOTIDIENS. 522 tonnes de plastique finissent dans les d\u00e9charges et les d\u00e9potoirs et 42 tonnes finissent dans l&rsquo;environnement chaque jour. On estime que 13 camions poubelles correspondent \u00e0 la quantit\u00e9 de plastique qui p\u00e9n\u00e8tre quotidiennement dans les oc\u00e9ans du Costa Rica. Nous parlons de plastiques que nous consommons tous.<\/p>\n\n\n\n<p><br><strong>Donn\u00e9es mondiales<\/strong><br>Nous produisons actuellement environ 300 millions de tonnes de d\u00e9chets plastiques chaque ann\u00e9e. C&rsquo;est presque l&rsquo;\u00e9quivalent du poids total de la population humaine.<br>Seuls 9% de tous les d\u00e9chets plastiques produits ont \u00e9t\u00e9 recycl\u00e9s. Environ 12% ont \u00e9t\u00e9 incin\u00e9r\u00e9s, tandis que le reste, 79%, s&rsquo;est accumul\u00e9 dans des d\u00e9charges ou dans l&rsquo;environnement.<br>Chaque ann\u00e9e, 8 millions de tonnes de plastique finissent dans les oc\u00e9ans.<\/p>\n\n\n\n<p>Plastiq<strong>ues \u00e0 usage unique<\/strong><br>Dans le monde, on ach\u00e8te 1 MILLION de bouteilles en plastique par minute et 5 milliards de sacs en plastique jetables par an. Au total, 50 % de tout le plastique produit est con\u00e7u pour \u00eatre utilis\u00e9 une fois et jet\u00e9.<br>Les plastiques \u00e0 usage unique sont tous les articles en plastique qui ne sont utilis\u00e9s qu&rsquo;une fois, g\u00e9n\u00e9ralement avec une dur\u00e9e de vie assez courte, dont un pourcentage \u00e9lev\u00e9 n&rsquo;est pas recycl\u00e9 et qui mettront donc entre 100 et 400 ans \u00e0 se biod\u00e9grader.<\/p>\n\n\n\n<p>Les MICROPLASTIQUES et la cha\u00eene alimentaire<br>L&rsquo;un des plus gros probl\u00e8mes auxquels nous sommes actuellement confront\u00e9s est celui des MICROPLASTIQUES, ces minuscules morceaux de plastique qui se sont d\u00e9tach\u00e9s d&rsquo;articles entiers et sont devenus des microparticules d&rsquo;une taille pouvant atteindre 5 mm. Des \u00e9tudes indiquent d\u00e9j\u00e0 que le plancton consomme des microplastiques, ce qui fait que le plastique entre dans la cha\u00eene alimentaire jusqu&rsquo;\u00e0 ce qu&rsquo;il nous atteigne, ainsi que de nombreux autres animaux qui meurent de leur consommation ou simplement dont la sant\u00e9 est affect\u00e9e de diff\u00e9rentes mani\u00e8res en raison des m\u00e9taux lourds que le plastique attire et des produits chimiques qu&rsquo;il contient.<br>Mais les animaux ne consomment pas seulement des microplastiques. Chaque ann\u00e9e, plus de 10 baleines sont tu\u00e9es \u00e0 cause de la consommation de plastiques de toutes sortes (sacs, bouteilles, filets, lignes de p\u00eache) et on estime que plus de 600 esp\u00e8ces d&rsquo;animaux sont affect\u00e9es par la consommation de plastiques et que plus d&rsquo;un million d&rsquo;animaux meurent \u00e0 cause de la consommation de plastiques.<\/p>\n\n\n\n<p><strong>Nous mangeons du plastique !<\/strong><br>En tant qu&rsquo;esp\u00e8ce humaine, nous ing\u00e9rons d\u00e9j\u00e0 du plastique. Selon les derni\u00e8res \u00e9tudes, les scientifiques ont d\u00e9montr\u00e9 que l&rsquo;\u00eatre humain moyen consomme la quantit\u00e9 de plastique d&rsquo;une carte de cr\u00e9dit par semaine ! Qu&rsquo;est-ce que cela signifie ?<br>Le plastique attire de nombreux min\u00e9raux lourds et des bact\u00e9ries qui peuvent affecter consid\u00e9rablement notre sant\u00e9. Les premi\u00e8res \u00e9tudes donnent des indications sur des probl\u00e8mes de st\u00e9rilit\u00e9 ainsi que sur la cause possible de certains cancers.<\/p>\n\n\n\n<figure class=\"wp-block-image is-resized\"><img loading=\"lazy\" decoding=\"async\" src=\"https:\/\/www.sensorialsunsets.com\/wp-content\/uploads\/2022\/02\/IMG_20190915_145519_011-1-1024x1024.jpg\" alt=\"La imagen tiene un atributo ALT vac\u00edo; su nombre de archivo es IMG_20190915_145519_011-1-1024x1024.jpg\" width=\"456\" height=\"456\"\/><\/figure>\n\n\n\n<p><strong>Il est encore temps !<\/strong><br>La v\u00e9rit\u00e9 est que nous devons faire quelque chose \u00e0 ce sujet. Il est essentiel de sortir et de nettoyer nos plages et nos oc\u00e9ans, mais tout d&rsquo;abord, examinons cette analogie plut\u00f4t simple : que feriez-vous si vous d\u00e9couvriez que l&rsquo;eau de votre baignoire d\u00e9borde \u00e0 la maison. Commencez-vous \u00e0 collecter l&rsquo;eau alors que le tube est encore ouvert, ou fermez-vous d&rsquo;abord le tube, puis commencez \u00e0 collecter l&rsquo;eau ? Nous devrions tous \u00eatre conscients et comprendre l&rsquo;importance de fermer ce \u00ab\u00a0tube\u00a0\u00bb de consommation excessive de plastiques \u00e0 usage unique (pour commencer). Nous pensons souvent qu&rsquo;une paille, un sac en plastique ou un gobelet en plastique que nous acceptons ne fera pas une grande diff\u00e9rence, mais que se passerait-il si 6 milliards de personnes pensaient de la m\u00eame mani\u00e8re ? Combien de produits en plastique consommerions-nous quotidiennement ? C&rsquo;est pourquoi je crois vraiment au pouvoir d&rsquo;une seule personne. Chacun a le pouvoir de modifier son mode de vie, et aussi petits qu&rsquo;ils puissent para\u00eetre, ils feront la diff\u00e9rence. Ce n&rsquo;est pas seulement l&rsquo;impact direct que nous pouvons avoir, mais aussi l&rsquo;exemple que nous pouvons donner \u00e0 notre famille et \u00e0 nos amis pour changer petit \u00e0 petit vers une vie qui g\u00e9n\u00e8re moins d&rsquo;impact sur la seule plan\u00e8te qui nous offre toutes les conditions pour vivre.<\/p>\n\n\n\n<p><strong>Et qu&rsquo;est-ce que je peux faire ?<\/strong><br>La premi\u00e8re chose \u00e0 faire est de REJETER tous les PLASTIQUES \u00c0 USAGE UNIQUE dont nous avons d\u00e9j\u00e0 parl\u00e9.<br>Tout ce qui est fait ou emball\u00e9 dans du plastique et que vous ne pouvez pas refuser, nous devrions au moins R\u00c9DUIRE sa consommation.<br>Ce que vous avez r\u00e9ussi \u00e0 r\u00e9duire mais toujours consomm\u00e9, nous devrions faire de notre mieux pour le R\u00c9UTILISER.<br>Et enfin, ce que nous ne pouvons plus r\u00e9utiliser, nous devons veiller \u00e0 le recycler. Pourquoi le RECYCLAGE n&rsquo;est-il pas la formule la plus importante ? Malheureusement, \u00e0 l&rsquo;\u00e9chelle mondiale, moins de 9 % de toutes les mati\u00e8res plastiques produites ont \u00e9t\u00e9 recycl\u00e9es. L&rsquo;infrastructure, l&rsquo;\u00e9ducation sur la mani\u00e8re de le faire et le fait que tous les plastiques ne sont pas recyclables signifient que dans de nombreux pays, moins de 2 % sont recycl\u00e9s.<br>Les derni\u00e8res donn\u00e9es montrent que le Costa Rica recycle environ 7%.<\/p>\n\n\n\n<p><strong>Les grands r\u00e9sultats viennent avec de petits changements<\/strong><br>Quelques conseils pour arr\u00eater de consommer des plastiques \u00e0 usage unique :<br>Ayez toujours sur vous :<br>une bouteille r\u00e9utilisable<br>sacs r\u00e9utilisables<br>une paille r\u00e9utilisable<br>couverts r\u00e9utilisables<br>1 r\u00e9cipient r\u00e9utilisable<br>Recherchez des produits qui ne sont pas emball\u00e9s dans du plastique.<br>Cessez de participer \u00e0 la \u00ab\u00a0Fast Fashion\u00a0\u00bb &#8211; de nombreux v\u00eatements bon march\u00e9 sont fabriqu\u00e9s en polyester, qui d\u00e9gage beaucoup de microfibres au lavage et finit dans l&rsquo;oc\u00e9an. Il est important de r\u00e9duire la consommation, de r\u00e9parer et de r\u00e9utiliser ce que nous avons d\u00e9j\u00e0.<br>Ne jetez pas de m\u00e9gots de cigarettes dans la nature. Un seul m\u00e9got de cigarette peut polluer jusqu&rsquo;\u00e0 50 litres d&rsquo;eau et mettra plus de 10 ans \u00e0 se d\u00e9grader si un animal ne le mange pas avant.<\/p>\n\n\n\n<p><strong>R\u00e9g\u00e9n\u00e9ration des oc\u00e9ans<\/strong><br>Au Costa Rica, depuis plus de 4 ans, un grand nombre de mouvements, d&rsquo;associations et de fondations ont vu le jour et se sont consacr\u00e9s \u00e0 la lutte contre toute cette pollution plastique en promouvant et en cr\u00e9ant des nettoyages de plages, \u00e0 titre individuel ou collectif.<br>C&rsquo;est le cas de 5 Minute Beach Cleanup, un mouvement n\u00e9 sur les r\u00e9seaux sociaux en 2016 de l&rsquo;inspiration de Carolina Sevilla lorsqu&rsquo;elle est revenue vivre \u00e0 Santa Teresa, au Costa Rica, apr\u00e8s avoir travaill\u00e9 plusieurs ann\u00e9es aux Nations unies. Elle a d\u00e9cid\u00e9 de cr\u00e9er un compte sous le nom de @5minutebeachcleanup et d&rsquo;inviter tout le monde, ind\u00e9pendamment du sexe, de la langue, du statut social, de la culture ou des croyances, \u00e0 prendre juste 5 minutes pour nettoyer la plage. Un an seulement apr\u00e8s la cr\u00e9ation du compte, plusieurs m\u00e9dias num\u00e9riques de diff\u00e9rentes r\u00e9gions du monde ont commenc\u00e9 \u00e0 pr\u00e9senter l&rsquo;initiative et le mouvement est devenu viral, inspirant plus de 30 nettoyages quotidiens de plages dans le monde entier.<br>En 2018, j&rsquo;ai offert toute ma collaboration \u00e0 Carolina pour aller un peu plus loin et commencer \u00e0 travailler \u00e0 la fermeture de ce \u00ab\u00a0tuyau ouvert\u00a0\u00bb de la consommation de plastique et c&rsquo;est ainsi que nous avons cofond\u00e9 la Fondation 5 Minute Beach Cleanup, avec laquelle nous avons d\u00e9velopp\u00e9 plusieurs projets avec une approche 100% \u00e9ducative.<\/p>\n\n\n\n<p><strong>Si nous collaborons tous, nous en profitons tous<\/strong><br>Personnellement, je suis en train de cr\u00e9er une entreprise pour pouvoir payer les organisations locales qui travaillent dur pour organiser le nettoyage des plages avec des volontaires, ainsi que les communaut\u00e9s c\u00f4ti\u00e8res dont les r\u00e9sidents\/p\u00eacheurs ont besoin de revenus, pour le plastique qu&rsquo;ils peuvent collecter. Il est important que nous assumions tous la responsabilit\u00e9 de nos actes et que nous ayons tous la possibilit\u00e9 de contribuer \u00e0 ces grands efforts \u00e0 travers le pays et le monde. Toute personne ou entreprise qui souhaite faire un effort suppl\u00e9mentaire pour contribuer \u00e0 la r\u00e9g\u00e9n\u00e9ration de nos oc\u00e9ans peut me contacter.<\/p>\n\n\n\n<p><strong>Le vrai coupable ?<\/strong><br>\u00c0 l&rsquo;heure actuelle, vous devez encore penser que ce sont les grandes entreprises qui devraient proc\u00e9der aux grands changements. Bien s\u00fbr, chaque entreprise devrait \u00eatre responsable de l&#8217;empreinte plastique qu&rsquo;elle g\u00e9n\u00e8re avec ses produits. Nombreux sont ceux qui se sont d\u00e9j\u00e0 engag\u00e9s dans ce changement important et n\u00e9cessaire, mais beaucoup d&rsquo;autres doivent encore subir la pression de leurs clients et des consommateurs. C&rsquo;est pourquoi nos actions individuelles sont importantes, car en tant que clients, nous pouvons choisir ce que nous consommons et exiger que les producteurs de ce que nous achetons recherchent des formules plus respectueuses de la plan\u00e8te.<\/p>\n\n\n\n<p><strong>Le pouvoir d&rsquo;un seul homme<\/strong><br>Tout changement commence par une personne, et chacun de nous a le pouvoir de d\u00e9clencher une tr\u00e8s grande vague par son propre exemple. La d\u00e9cision appartient \u00e0 chacun d&rsquo;entre nous de commencer \u00e0 prendre en compte la sant\u00e9 de la plan\u00e8te, et donc la n\u00f4tre. Nous avons tous fait partie du probl\u00e8me, mais \u00e0 partir d&rsquo;aujourd&rsquo;hui, nous pouvons tous faire partie de la solution !<\/p>\n\n\n\n<p>Dans l&rsquo;article suivant, je pr\u00e9senterai des solutions concr\u00e8tes \u00e0 ce grave probl\u00e8me de la pollution plastique des oc\u00e9ans et du recyclage de cette mati\u00e8re, avec des exemples de ce qui se fait au Costa Rica, toujours dans le but d&rsquo;exporter les connaissances, l&rsquo;exp\u00e9rience et la technologie pour le bien de la plan\u00e8te.<\/p>\n\n\n\n<p>Mauricio Cort\u00e9s E.<br>mcortes@planetsolutions.info<br>IG &#8211; mau.cortes.e<\/p>\n","protected":false},"excerpt":{"rendered":"<p>Sommes-nous en train de noyer les oc\u00e9ans ?Malheureusement, nous sommes en train de noyer les oc\u00e9ans sous les plastiques. Selon une \u00e9tude de la Fondation Ellen MacArthur, SI NOUS NE FAISONS RIEN, il y aura plus de plastique que de poissons dans la mer d&rsquo;ici 2050. Nous avons cr\u00e9\u00e9 un mat\u00e9riau tr\u00e8s utile pour rendre [&hellip;]<\/p>\n","protected":false},"author":5,"featured_media":992,"comment_status":"closed","ping_status":"closed","sticky":false,"template":"","format":"standard","meta":{"_acf_changed":false,"inline_featured_image":false,"_monsterinsights_skip_tracking":false,"_monsterinsights_sitenote_active":false,"_monsterinsights_sitenote_note":"","_monsterinsights_sitenote_category":0,"footnotes":""},"categories":[1],"tags":[],"class_list":["post-991","post","type-post","status-publish","format-standard","has-post-thumbnail","hentry","category-non-classifiee"],"acf":[],"yoast_head":"<!-- This site is optimized with the Yoast SEO plugin v27.4 - https:\/\/yoast.com\/product\/yoast-seo-wordpress\/ -->\n<title>Plastiques et Oc\u00e9ans au Costa Rica - SensorialSunsets<\/title>\n<meta name=\"robots\" content=\"index, follow, max-snippet:-1, max-image-preview:large, max-video-preview:-1\" \/>\n<link rel=\"canonical\" href=\"https:\/\/www.sensorialsunsets.com\/fr\/plastiques-et-oceans-au-costa-rica\/\" \/>\n<meta property=\"og:locale\" content=\"fr_FR\" \/>\n<meta property=\"og:type\" content=\"article\" \/>\n<meta property=\"og:title\" content=\"Plastiques et Oc\u00e9ans au Costa Rica - SensorialSunsets\" \/>\n<meta property=\"og:description\" content=\"Sommes-nous en train de noyer les oc\u00e9ans ?Malheureusement, nous sommes en train de noyer les oc\u00e9ans sous les plastiques. Selon une \u00e9tude de la Fondation Ellen MacArthur, SI NOUS NE FAISONS RIEN, il y aura plus de plastique que de poissons dans la mer d&rsquo;ici 2050. Nous avons cr\u00e9\u00e9 un mat\u00e9riau tr\u00e8s utile pour rendre [&hellip;]\" \/>\n<meta property=\"og:url\" content=\"https:\/\/www.sensorialsunsets.com\/fr\/plastiques-et-oceans-au-costa-rica\/\" \/>\n<meta property=\"og:site_name\" content=\"SensorialSunsets\" \/>\n<meta property=\"article:publisher\" content=\"https:\/\/www.facebook.com\/Sensorial-Sunsets-109180614715562\" \/>\n<meta property=\"article:published_time\" content=\"2022-02-17T00:02:36+00:00\" \/>\n<meta property=\"article:modified_time\" content=\"2022-02-17T00:02:37+00:00\" \/>\n<meta property=\"og:image\" content=\"https:\/\/www.sensorialsunsets.com\/wp-content\/uploads\/2022\/02\/IMG_1449-2-scaled.jpg\" \/>\n\t<meta property=\"og:image:width\" content=\"2560\" \/>\n\t<meta property=\"og:image:height\" content=\"1920\" \/>\n\t<meta property=\"og:image:type\" content=\"image\/jpeg\" \/>\n<meta name=\"author\" content=\"Marian Barrantes\" \/>\n<meta name=\"twitter:card\" content=\"summary_large_image\" \/>\n<meta name=\"twitter:label1\" content=\"\u00c9crit par\" \/>\n\t<meta name=\"twitter:data1\" content=\"Marian Barrantes\" \/>\n\t<meta name=\"twitter:label2\" content=\"Dur\u00e9e de lecture estim\u00e9e\" \/>\n\t<meta name=\"twitter:data2\" content=\"10 minutes\" \/>\n<script type=\"application\/ld+json\" class=\"yoast-schema-graph\">{\"@context\":\"https:\\\/\\\/schema.org\",\"@graph\":[{\"@type\":\"Article\",\"@id\":\"https:\\\/\\\/www.sensorialsunsets.com\\\/fr\\\/plastiques-et-oceans-au-costa-rica\\\/#article\",\"isPartOf\":{\"@id\":\"https:\\\/\\\/www.sensorialsunsets.com\\\/fr\\\/plastiques-et-oceans-au-costa-rica\\\/\"},\"author\":{\"name\":\"Marian Barrantes\",\"@id\":\"https:\\\/\\\/www.sensorialsunsets.com\\\/fr\\\/#\\\/schema\\\/person\\\/a8336a4dbeee633f087a194db2ca482f\"},\"headline\":\"Plastiques et Oc\u00e9ans au Costa Rica\",\"datePublished\":\"2022-02-17T00:02:36+00:00\",\"dateModified\":\"2022-02-17T00:02:37+00:00\",\"mainEntityOfPage\":{\"@id\":\"https:\\\/\\\/www.sensorialsunsets.com\\\/fr\\\/plastiques-et-oceans-au-costa-rica\\\/\"},\"wordCount\":2106,\"publisher\":{\"@id\":\"https:\\\/\\\/www.sensorialsunsets.com\\\/fr\\\/#organization\"},\"image\":{\"@id\":\"https:\\\/\\\/www.sensorialsunsets.com\\\/fr\\\/plastiques-et-oceans-au-costa-rica\\\/#primaryimage\"},\"thumbnailUrl\":\"https:\\\/\\\/www.sensorialsunsets.com\\\/wp-content\\\/uploads\\\/2022\\\/02\\\/IMG_1449-2-scaled.jpg\",\"articleSection\":[\"Non classifi\u00e9(e)\"],\"inLanguage\":\"fr-FR\"},{\"@type\":\"WebPage\",\"@id\":\"https:\\\/\\\/www.sensorialsunsets.com\\\/fr\\\/plastiques-et-oceans-au-costa-rica\\\/\",\"url\":\"https:\\\/\\\/www.sensorialsunsets.com\\\/fr\\\/plastiques-et-oceans-au-costa-rica\\\/\",\"name\":\"Plastiques et Oc\u00e9ans au Costa Rica - SensorialSunsets\",\"isPartOf\":{\"@id\":\"https:\\\/\\\/www.sensorialsunsets.com\\\/fr\\\/#website\"},\"primaryImageOfPage\":{\"@id\":\"https:\\\/\\\/www.sensorialsunsets.com\\\/fr\\\/plastiques-et-oceans-au-costa-rica\\\/#primaryimage\"},\"image\":{\"@id\":\"https:\\\/\\\/www.sensorialsunsets.com\\\/fr\\\/plastiques-et-oceans-au-costa-rica\\\/#primaryimage\"},\"thumbnailUrl\":\"https:\\\/\\\/www.sensorialsunsets.com\\\/wp-content\\\/uploads\\\/2022\\\/02\\\/IMG_1449-2-scaled.jpg\",\"datePublished\":\"2022-02-17T00:02:36+00:00\",\"dateModified\":\"2022-02-17T00:02:37+00:00\",\"inLanguage\":\"fr-FR\",\"potentialAction\":[{\"@type\":\"ReadAction\",\"target\":[\"https:\\\/\\\/www.sensorialsunsets.com\\\/fr\\\/plastiques-et-oceans-au-costa-rica\\\/\"]}]},{\"@type\":\"ImageObject\",\"inLanguage\":\"fr-FR\",\"@id\":\"https:\\\/\\\/www.sensorialsunsets.com\\\/fr\\\/plastiques-et-oceans-au-costa-rica\\\/#primaryimage\",\"url\":\"https:\\\/\\\/www.sensorialsunsets.com\\\/wp-content\\\/uploads\\\/2022\\\/02\\\/IMG_1449-2-scaled.jpg\",\"contentUrl\":\"https:\\\/\\\/www.sensorialsunsets.com\\\/wp-content\\\/uploads\\\/2022\\\/02\\\/IMG_1449-2-scaled.jpg\",\"width\":2560,\"height\":1920},{\"@type\":\"WebSite\",\"@id\":\"https:\\\/\\\/www.sensorialsunsets.com\\\/fr\\\/#website\",\"url\":\"https:\\\/\\\/www.sensorialsunsets.com\\\/fr\\\/\",\"name\":\"SensorialSunsets.com\",\"description\":\"D\u00e9couvrez la culture et la soci\u00e9t\u00e9 du Costa Rica sur notre blog. Explorez des articles captivants et partagez le contenu.\",\"publisher\":{\"@id\":\"https:\\\/\\\/www.sensorialsunsets.com\\\/fr\\\/#organization\"},\"alternateName\":\"Costa Rica Live Blog\",\"potentialAction\":[{\"@type\":\"SearchAction\",\"target\":{\"@type\":\"EntryPoint\",\"urlTemplate\":\"https:\\\/\\\/www.sensorialsunsets.com\\\/fr\\\/?s={search_term_string}\"},\"query-input\":{\"@type\":\"PropertyValueSpecification\",\"valueRequired\":true,\"valueName\":\"search_term_string\"}}],\"inLanguage\":\"fr-FR\"},{\"@type\":\"Organization\",\"@id\":\"https:\\\/\\\/www.sensorialsunsets.com\\\/fr\\\/#organization\",\"name\":\"SensorialSunsets\",\"url\":\"https:\\\/\\\/www.sensorialsunsets.com\\\/fr\\\/\",\"logo\":{\"@type\":\"ImageObject\",\"inLanguage\":\"fr-FR\",\"@id\":\"https:\\\/\\\/www.sensorialsunsets.com\\\/fr\\\/#\\\/schema\\\/logo\\\/image\\\/\",\"url\":\"https:\\\/\\\/www.sensorialsunsets.com\\\/wp-content\\\/uploads\\\/2023\\\/04\\\/Logo_base_line_fond_clair.svg\",\"contentUrl\":\"https:\\\/\\\/www.sensorialsunsets.com\\\/wp-content\\\/uploads\\\/2023\\\/04\\\/Logo_base_line_fond_clair.svg\",\"width\":\"1024\",\"height\":\"1024\",\"caption\":\"SensorialSunsets\"},\"image\":{\"@id\":\"https:\\\/\\\/www.sensorialsunsets.com\\\/fr\\\/#\\\/schema\\\/logo\\\/image\\\/\"},\"sameAs\":[\"https:\\\/\\\/www.facebook.com\\\/Sensorial-Sunsets-109180614715562\",\"https:\\\/\\\/www.instagram.com\\\/sensorialsunsets\\\/\"]},{\"@type\":\"Person\",\"@id\":\"https:\\\/\\\/www.sensorialsunsets.com\\\/fr\\\/#\\\/schema\\\/person\\\/a8336a4dbeee633f087a194db2ca482f\",\"name\":\"Marian Barrantes\",\"image\":{\"@type\":\"ImageObject\",\"inLanguage\":\"fr-FR\",\"@id\":\"https:\\\/\\\/secure.gravatar.com\\\/avatar\\\/fafbfab67eb28029818d03f44e3037bd798e04434d8d5c0cfc2eea8ec2882a22?s=96&d=mm&r=g\",\"url\":\"https:\\\/\\\/secure.gravatar.com\\\/avatar\\\/fafbfab67eb28029818d03f44e3037bd798e04434d8d5c0cfc2eea8ec2882a22?s=96&d=mm&r=g\",\"contentUrl\":\"https:\\\/\\\/secure.gravatar.com\\\/avatar\\\/fafbfab67eb28029818d03f44e3037bd798e04434d8d5c0cfc2eea8ec2882a22?s=96&d=mm&r=g\",\"caption\":\"Marian Barrantes\"},\"sameAs\":[\"https:\\\/\\\/www.sensorialsunsets.com\"],\"url\":\"https:\\\/\\\/www.sensorialsunsets.com\\\/fr\\\/author\\\/mbarrantes\\\/\"}]}<\/script>\n<!-- \/ Yoast SEO plugin. -->","yoast_head_json":{"title":"Plastiques et Oc\u00e9ans au Costa Rica - SensorialSunsets","robots":{"index":"index","follow":"follow","max-snippet":"max-snippet:-1","max-image-preview":"max-image-preview:large","max-video-preview":"max-video-preview:-1"},"canonical":"https:\/\/www.sensorialsunsets.com\/fr\/plastiques-et-oceans-au-costa-rica\/","og_locale":"fr_FR","og_type":"article","og_title":"Plastiques et Oc\u00e9ans au Costa Rica - SensorialSunsets","og_description":"Sommes-nous en train de noyer les oc\u00e9ans ?Malheureusement, nous sommes en train de noyer les oc\u00e9ans sous les plastiques. Selon une \u00e9tude de la Fondation Ellen MacArthur, SI NOUS NE FAISONS RIEN, il y aura plus de plastique que de poissons dans la mer d&rsquo;ici 2050. Nous avons cr\u00e9\u00e9 un mat\u00e9riau tr\u00e8s utile pour rendre [&hellip;]","og_url":"https:\/\/www.sensorialsunsets.com\/fr\/plastiques-et-oceans-au-costa-rica\/","og_site_name":"SensorialSunsets","article_publisher":"https:\/\/www.facebook.com\/Sensorial-Sunsets-109180614715562","article_published_time":"2022-02-17T00:02:36+00:00","article_modified_time":"2022-02-17T00:02:37+00:00","og_image":[{"width":2560,"height":1920,"url":"https:\/\/www.sensorialsunsets.com\/wp-content\/uploads\/2022\/02\/IMG_1449-2-scaled.jpg","type":"image\/jpeg"}],"author":"Marian Barrantes","twitter_card":"summary_large_image","twitter_misc":{"\u00c9crit par":"Marian Barrantes","Dur\u00e9e de lecture estim\u00e9e":"10 minutes"},"schema":{"@context":"https:\/\/schema.org","@graph":[{"@type":"Article","@id":"https:\/\/www.sensorialsunsets.com\/fr\/plastiques-et-oceans-au-costa-rica\/#article","isPartOf":{"@id":"https:\/\/www.sensorialsunsets.com\/fr\/plastiques-et-oceans-au-costa-rica\/"},"author":{"name":"Marian Barrantes","@id":"https:\/\/www.sensorialsunsets.com\/fr\/#\/schema\/person\/a8336a4dbeee633f087a194db2ca482f"},"headline":"Plastiques et Oc\u00e9ans au Costa Rica","datePublished":"2022-02-17T00:02:36+00:00","dateModified":"2022-02-17T00:02:37+00:00","mainEntityOfPage":{"@id":"https:\/\/www.sensorialsunsets.com\/fr\/plastiques-et-oceans-au-costa-rica\/"},"wordCount":2106,"publisher":{"@id":"https:\/\/www.sensorialsunsets.com\/fr\/#organization"},"image":{"@id":"https:\/\/www.sensorialsunsets.com\/fr\/plastiques-et-oceans-au-costa-rica\/#primaryimage"},"thumbnailUrl":"https:\/\/www.sensorialsunsets.com\/wp-content\/uploads\/2022\/02\/IMG_1449-2-scaled.jpg","articleSection":["Non classifi\u00e9(e)"],"inLanguage":"fr-FR"},{"@type":"WebPage","@id":"https:\/\/www.sensorialsunsets.com\/fr\/plastiques-et-oceans-au-costa-rica\/","url":"https:\/\/www.sensorialsunsets.com\/fr\/plastiques-et-oceans-au-costa-rica\/","name":"Plastiques et Oc\u00e9ans au Costa Rica - SensorialSunsets","isPartOf":{"@id":"https:\/\/www.sensorialsunsets.com\/fr\/#website"},"primaryImageOfPage":{"@id":"https:\/\/www.sensorialsunsets.com\/fr\/plastiques-et-oceans-au-costa-rica\/#primaryimage"},"image":{"@id":"https:\/\/www.sensorialsunsets.com\/fr\/plastiques-et-oceans-au-costa-rica\/#primaryimage"},"thumbnailUrl":"https:\/\/www.sensorialsunsets.com\/wp-content\/uploads\/2022\/02\/IMG_1449-2-scaled.jpg","datePublished":"2022-02-17T00:02:36+00:00","dateModified":"2022-02-17T00:02:37+00:00","inLanguage":"fr-FR","potentialAction":[{"@type":"ReadAction","target":["https:\/\/www.sensorialsunsets.com\/fr\/plastiques-et-oceans-au-costa-rica\/"]}]},{"@type":"ImageObject","inLanguage":"fr-FR","@id":"https:\/\/www.sensorialsunsets.com\/fr\/plastiques-et-oceans-au-costa-rica\/#primaryimage","url":"https:\/\/www.sensorialsunsets.com\/wp-content\/uploads\/2022\/02\/IMG_1449-2-scaled.jpg","contentUrl":"https:\/\/www.sensorialsunsets.com\/wp-content\/uploads\/2022\/02\/IMG_1449-2-scaled.jpg","width":2560,"height":1920},{"@type":"WebSite","@id":"https:\/\/www.sensorialsunsets.com\/fr\/#website","url":"https:\/\/www.sensorialsunsets.com\/fr\/","name":"SensorialSunsets.com","description":"D\u00e9couvrez la culture et la soci\u00e9t\u00e9 du Costa Rica sur notre blog. Explorez des articles captivants et partagez le contenu.","publisher":{"@id":"https:\/\/www.sensorialsunsets.com\/fr\/#organization"},"alternateName":"Costa Rica Live Blog","potentialAction":[{"@type":"SearchAction","target":{"@type":"EntryPoint","urlTemplate":"https:\/\/www.sensorialsunsets.com\/fr\/?s={search_term_string}"},"query-input":{"@type":"PropertyValueSpecification","valueRequired":true,"valueName":"search_term_string"}}],"inLanguage":"fr-FR"},{"@type":"Organization","@id":"https:\/\/www.sensorialsunsets.com\/fr\/#organization","name":"SensorialSunsets","url":"https:\/\/www.sensorialsunsets.com\/fr\/","logo":{"@type":"ImageObject","inLanguage":"fr-FR","@id":"https:\/\/www.sensorialsunsets.com\/fr\/#\/schema\/logo\/image\/","url":"https:\/\/www.sensorialsunsets.com\/wp-content\/uploads\/2023\/04\/Logo_base_line_fond_clair.svg","contentUrl":"https:\/\/www.sensorialsunsets.com\/wp-content\/uploads\/2023\/04\/Logo_base_line_fond_clair.svg","width":"1024","height":"1024","caption":"SensorialSunsets"},"image":{"@id":"https:\/\/www.sensorialsunsets.com\/fr\/#\/schema\/logo\/image\/"},"sameAs":["https:\/\/www.facebook.com\/Sensorial-Sunsets-109180614715562","https:\/\/www.instagram.com\/sensorialsunsets\/"]},{"@type":"Person","@id":"https:\/\/www.sensorialsunsets.com\/fr\/#\/schema\/person\/a8336a4dbeee633f087a194db2ca482f","name":"Marian Barrantes","image":{"@type":"ImageObject","inLanguage":"fr-FR","@id":"https:\/\/secure.gravatar.com\/avatar\/fafbfab67eb28029818d03f44e3037bd798e04434d8d5c0cfc2eea8ec2882a22?s=96&d=mm&r=g","url":"https:\/\/secure.gravatar.com\/avatar\/fafbfab67eb28029818d03f44e3037bd798e04434d8d5c0cfc2eea8ec2882a22?s=96&d=mm&r=g","contentUrl":"https:\/\/secure.gravatar.com\/avatar\/fafbfab67eb28029818d03f44e3037bd798e04434d8d5c0cfc2eea8ec2882a22?s=96&d=mm&r=g","caption":"Marian Barrantes"},"sameAs":["https:\/\/www.sensorialsunsets.com"],"url":"https:\/\/www.sensorialsunsets.com\/fr\/author\/mbarrantes\/"}]}},"_links":{"self":[{"href":"https:\/\/www.sensorialsunsets.com\/fr\/wp-json\/wp\/v2\/posts\/991","targetHints":{"allow":["GET"]}}],"collection":[{"href":"https:\/\/www.sensorialsunsets.com\/fr\/wp-json\/wp\/v2\/posts"}],"about":[{"href":"https:\/\/www.sensorialsunsets.com\/fr\/wp-json\/wp\/v2\/types\/post"}],"author":[{"embeddable":true,"href":"https:\/\/www.sensorialsunsets.com\/fr\/wp-json\/wp\/v2\/users\/5"}],"replies":[{"embeddable":true,"href":"https:\/\/www.sensorialsunsets.com\/fr\/wp-json\/wp\/v2\/comments?post=991"}],"version-history":[{"count":0,"href":"https:\/\/www.sensorialsunsets.com\/fr\/wp-json\/wp\/v2\/posts\/991\/revisions"}],"wp:featuredmedia":[{"embeddable":true,"href":"https:\/\/www.sensorialsunsets.com\/fr\/wp-json\/wp\/v2\/media\/992"}],"wp:attachment":[{"href":"https:\/\/www.sensorialsunsets.com\/fr\/wp-json\/wp\/v2\/media?parent=991"}],"wp:term":[{"taxonomy":"category","embeddable":true,"href":"https:\/\/www.sensorialsunsets.com\/fr\/wp-json\/wp\/v2\/categories?post=991"},{"taxonomy":"post_tag","embeddable":true,"href":"https:\/\/www.sensorialsunsets.com\/fr\/wp-json\/wp\/v2\/tags?post=991"}],"curies":[{"name":"wp","href":"https:\/\/api.w.org\/{rel}","templated":true}]}}